{"id":12763,"date":"2017-09-20T12:13:31","date_gmt":"2017-09-20T15:13:31","guid":{"rendered":"https:\/\/adhilac.com.ar\/?p=12763"},"modified":"2017-09-30T09:00:33","modified_gmt":"2017-09-30T12:00:33","slug":"vii%c2%b0-jornadas-de-historia-la-revolucion-rusa-y-america-latina-un-siglo-de-revoluciones-y-contrarrevoluciones-buenos-aires-25-26092017","status":"publish","type":"post","link":"https:\/\/adhilac.com.ar\/?p=12763","title":{"rendered":"VII\u00b0 Jornadas de Historia \u00abLa Revoluci\u00f3n Rusa y Am\u00e9rica Latina. Un siglo de revoluciones y contrarrevoluciones\u00bb Buenos Aires. 25-26\/09\/2017"},"content":{"rendered":"<h3 style=\"text-align: left;\"><span style=\"color: #339966;\">CONVOCATORIA <\/span><\/h3>\n<h3 style=\"text-align: left;\"><span style=\"color: #339966;\">ENTREGA DE RES\u00daMENES &#8211; \u00a0HASTA 30 DE AGOSTO<\/span><\/h3>\n<p><span style=\"color: #339966;\"><a href=\"https:\/\/adhilac.com.ar\/wp-content\/uploads\/2017\/09\/Programa-VII-Jornadas-CCC-ADHILAC-1.pdf\">Programa VII Jornadas CCC-ADHILAC <\/a><br \/>\n<\/span><\/p>\n<p style=\"text-align: justify;\"><strong><a href=\"https:\/\/adhilac.com.ar\/wp-content\/uploads\/2017\/05\/VII-Jornadas-CCCADHILAC.jpg\"><img loading=\"lazy\" decoding=\"async\" class=\"alignleft size-full wp-image-12767\" title=\"VII Jornadas CCCADHILAC\" src=\"https:\/\/adhilac.com.ar\/wp-content\/uploads\/2017\/05\/VII-Jornadas-CCCADHILAC.jpg\" alt=\"\" width=\"230\" height=\"264\" \/><\/a>Centro Cultural de la Cooperaci\u00f3n<\/strong><br \/>\n<strong> <\/strong><\/p>\n<p style=\"text-align: justify;\"><strong>Asociaci\u00f3n de Historiadores Latinoamericanos y del Caribe<\/strong><br \/>\n<strong> <\/strong><\/p>\n<p style=\"text-align: justify;\"><strong>VII\u00b0 Jornadas de Historia<\/strong><\/p>\n<p style=\"text-align: justify;\"><strong> <\/strong><br \/>\n<strong><em>La Revoluci\u00f3n Rusa y Am\u00e9rica Latina<\/em><\/strong><\/p>\n<p style=\"text-align: justify;\"><strong><em> <\/em><\/strong><br \/>\n<strong><em>Un siglo de revoluciones y contrarrevoluciones<\/em><\/strong><\/p>\n<p style=\"text-align: justify;\">&nbsp;<\/p>\n<p style=\"text-align: justify;\"><strong>Buenos Aires \u2013 Argentina<\/strong><br \/>\n<strong> <\/strong><\/p>\n<p style=\"text-align: justify;\"><strong>25 y 26 de septiembre de <\/strong><strong>2017<\/strong><\/p>\n<p style=\"text-align: justify;\"><strong><a href=\"mailto:VIIjornadadehistoria@gmail.com\"><strong>VIIjornadahistoria@gmail.com<\/strong><\/a><strong> \/ <\/strong><a href=\"mailto:info@adhilac.com.ar\"><strong>info@adhilac.com.ar<\/strong><\/a><br \/>\n<\/strong><\/p>\n<p style=\"text-align: justify;\"><!--more--><\/p>\n<h3><a href=\"https:\/\/adhilac.com.ar\/wp-content\/uploads\/2017\/06\/VII-Jornadas-CCC-ADHILAC-segunda-circular-1000.pdf\">VII Jornadas CCC-ADHILAC &#8211; SEGUNDA CIRCULAR<\/a><\/h3>\n<p>&nbsp;<\/p>\n<p><strong><a href=\"https:\/\/adhilac.com.ar\/wp-content\/uploads\/2017\/06\/VII-Jornadas-CCC-ADHILAC-primera-circular-.pdf\">VII Jornadas CCC-ADHILAC &#8211; Primera Circular &#8211;<\/a><\/strong><\/p>\n<p><strong> <\/strong><\/p>\n<p><strong> <\/strong><\/p>\n<p><strong> <\/strong><\/p>\n<p><strong> <\/strong><\/p>\n<p><strong> <\/strong><\/p>\n<p><strong> <\/strong><\/p>\n<p><strong> <\/strong><\/p>\n<p><strong> <\/strong><\/p>\n<p><strong> <\/strong><\/p>\n<p style=\"text-align: justify;\"><strong>Primera Circular<\/strong><\/p>\n<p style=\"text-align: justify;\"><strong>CONVOCATORIA<\/strong><\/p>\n<p style=\"text-align: justify;\">&nbsp;<\/p>\n<p style=\"text-align: justify;\">Como desde hace seis ediciones, el Centro Cultural de la Cooperaci\u00f3n vuelve a reunirse con ADHILAC (Asociaci\u00f3n de Historiadores Latinoamericanos y del Caribe) para analizar y debatir sobre los procesos hist\u00f3ricos que transformaron no s\u00f3lo nuestro continente sino tambi\u00e9n al mundo. Es por ello que este 2017 nos encuentra ante el aniversario de uno de los hechos que marcaron y modificaron el rumbo econ\u00f3mico, social y pol\u00edtico del siglo XX: los 100 a\u00f1os de la Revoluci\u00f3n de Octubre de 1917.<\/p>\n<p style=\"text-align: justify;\">&nbsp;<\/p>\n<p style=\"text-align: justify;\">A partir de este magno acontecimiento es que nos proponemos encarar estas VII\u00b0 Jornadas <em>La Revoluci\u00f3n Rusa y Am\u00e9rica Latina. Un siglo de revoluciones y contrarrevoluciones<\/em> no s\u00f3lo para debatir y analizar la revoluci\u00f3n y sus ideales en s\u00ed mismos sino para discutir y estudiar sobre su influencia y su legado a lo largo del siglo XX y estos primeros a\u00f1os del siglo XXI en Nuestra Am\u00e9rica.<\/p>\n<p style=\"text-align: justify;\">&nbsp;<\/p>\n<p style=\"text-align: justify;\">Sin embargo no nos acotaremos simplemente a los procesos de radicalizaci\u00f3n social y pol\u00edtica sino tambi\u00e9n a aquellos fen\u00f3menos contrarrevolucionarios que buscaron contenerlos, cercenarlos y exterminarlos. Nos referimos a la represi\u00f3n estatal, la actuaci\u00f3n de las derechas que se manifestaron a trav\u00e9s del anticomunismo, el conservadurismo y el neoliberalismo, comprendiendo a estas\u00a0 expresiones nacionales como transcontinentales dentro de la dial\u00e9ctica de la Historia.<\/p>\n<p style=\"text-align: justify;\">&nbsp;<\/p>\n<p style=\"text-align: justify;\">&nbsp;<\/p>\n<p style=\"text-align: justify;\"><strong><span style=\"text-decoration: underline;\">Ejes tem\u00e1ticos<\/span><\/strong><\/p>\n<p style=\"text-align: justify;\">&nbsp;<\/p>\n<ul style=\"text-align: justify;\">\n<li>La Revoluci\u00f3n Rusa. Historiograf\u00eda y debates acerca de su significado.<\/li>\n<li>Proceso y actores sociales y pol\u00edticos: del imperio de los zares a la URSS.<\/li>\n<li>La Revoluci\u00f3n bolchevique y su impacto e influencia en Am\u00e9rica Latina y el Caribe (1917-1924).<\/li>\n<li>Las pol\u00edticas econ\u00f3micas sovi\u00e9ticas y los debates en la econom\u00eda pol\u00edtica. El papel del Estado, la planificaci\u00f3n econ\u00f3mica, la econom\u00eda centralmente planificada y otras cuestiones.<\/li>\n<li>Las izquierdas y el desarrollo del comunismo en la regi\u00f3n (Nuestra Am\u00e9rica)<\/li>\n<li>El antifascismo y su relaci\u00f3n con las izquierdas latinoamericanas.<\/li>\n<li>Las manifestaciones del anticomunismo en Nuestra Am\u00e9rica.<\/li>\n<li>La Revoluci\u00f3n Rusa en el arte y en la educaci\u00f3n latinoamericana y caribe\u00f1a.<\/li>\n<li>La contrarrevoluci\u00f3n hoy: neoliberalismo y neoconservadurismo frente a las luchas sociales de la Historia latinoamericana y caribe\u00f1a reciente.<\/li>\n<\/ul>\n<p style=\"text-align: justify;\">&nbsp;<\/p>\n<p style=\"text-align: justify;\"><strong>Presentaci\u00f3n de res\u00famenes: hasta el 04\/06\/2017<\/strong><\/p>\n<p style=\"text-align: justify;\">Extensi\u00f3n hasta 200 palabras.<\/p>\n<p style=\"text-align: justify;\">Interlineado doble.<\/p>\n<p style=\"text-align: justify;\">Letra Times New Roman tama\u00f1o 12<\/p>\n<p style=\"text-align: justify;\">&nbsp;<\/p>\n<p style=\"text-align: justify;\"><strong> <\/strong><\/p>\n<p style=\"text-align: justify;\"><strong>Presentaci\u00f3n de trabajos: hasta el 20\/08\/2017<\/strong><\/p>\n<p style=\"text-align: justify;\">Extensi\u00f3n hasta 15 p\u00e1ginas.<\/p>\n<p style=\"text-align: justify;\">Interlineado doble.<\/p>\n<p style=\"text-align: justify;\">Letra Times New Roman tama\u00f1o 12<strong> <\/strong><\/p>\n<p style=\"text-align: justify;\"><strong> <\/strong><\/p>\n<p style=\"text-align: justify;\"><strong>Enviar a los siguientes correos electr\u00f3nicos:<\/strong><\/p>\n<p style=\"text-align: justify;\"><strong> <\/strong><\/p>\n<p style=\"text-align: justify;\"><a href=\"mailto:VIIjornadadehistoria@gmail.com\"><strong>VIIjornadahistoria@gmail.com<\/strong><\/a><strong> \/ <\/strong><a href=\"mailto:info@adhilac.com.ar\"><strong>info@adhilac.com.ar<\/strong><\/a><strong> <\/strong><\/p>\n<p style=\"text-align: justify;\"><strong> <\/strong><\/p>\n<p style=\"text-align: justify;\"><strong> <\/strong><\/p>\n<p style=\"text-align: justify;\">&nbsp;<\/p>\n<p style=\"text-align: justify;\"><strong>Organizaci\u00f3n del congreso <\/strong><\/p>\n<p style=\"text-align: justify;\">La presentaci\u00f3n de los trabajos se har\u00e1 en mesas con coordinador y dispondr\u00e1n de 15 minutos. <strong> <\/strong><\/p>\n<p style=\"text-align: justify;\"><strong> <\/strong><\/p>\n<p style=\"text-align: justify;\"><strong> <\/strong><\/p>\n<p style=\"text-align: justify;\">&nbsp;<\/p>\n<p style=\"text-align: justify;\"><strong>COMIT\u00c9 ORGANIZADOR<\/strong><\/p>\n<p style=\"text-align: justify;\">Departamento de Historia del Centro Cultural Cooperaci\u00f3n \u201cFloreal Gorini\u201d.<\/p>\n<p style=\"text-align: justify;\">Por ADHILAC Carolina Crisorio (UBA) y Cristina Mateu (UBA), vocal de ADHILAC Internacional. <strong> <\/strong><\/p>\n<p style=\"text-align: justify;\"><strong> <\/strong><\/p>\n<p style=\"text-align: justify;\">&nbsp;<\/p>\n<p style=\"text-align: justify;\"><strong>COMIT\u00c9 CIENTIFICO<\/strong><\/p>\n<p style=\"text-align: justify;\">Sergio Guerra Vilaboy Universidad de La Habana. Cuba<\/p>\n<p style=\"text-align: justify;\">Juan Paz y Mi\u00f1o Cepeda, Pontificia Universidad Cat\u00f3lica de Quito, Ecuador<\/p>\n<p style=\"text-align: justify;\">V\u00edctor Jacinto Flecha. Universidad Cat\u00f3lica Nuestra Se\u00f1ora de Asunci\u00f3n<\/p>\n<p style=\"text-align: justify;\">Vera L\u00facia Vieira, Pontificia Universidade de Sao Paulo. Brasil.<\/p>\n<p style=\"text-align: justify;\">&nbsp;<\/p>\n<p style=\"text-align: justify;\"><strong> <\/strong><\/p>\n<p style=\"text-align: justify;\"><strong> <\/strong><\/p>\n<p style=\"text-align: justify;\"><strong> <\/strong><\/p>\n<p><strong>Publicado por ADHILAC Internacional \u00a9 www.adhilac.com.ar<\/strong><\/p>\n<p>Si Ud. desea asociarse de acuerdo a los Estatutos de ADHILAC\u00a0<a title=\"(ver)\" href=\"https:\/\/adhilac.com.ar\/?page_id=263\">(ver)<\/a> complete el siguiente formulario\u00a0<a title=\"(ver)\" href=\"https:\/\/adhilac.com.ar\/?page_id=3194\">(ver)<\/a><\/p>\n<p>E-mail: info@adhilac.com.ar<strong> <\/strong><\/p>\n<p>Twitter: @AdhilacInfo<\/p>\n<p style=\"text-align: justify;\">&nbsp;<\/p>\n","protected":false},"excerpt":{"rendered":"<p>CONVOCATORIA ENTREGA DE RES\u00daMENES &#8211; \u00a0HASTA 30 DE AGOSTO Programa VII Jornadas CCC-ADHILAC Centro Cultural de la Cooperaci\u00f3n Asociaci\u00f3n de Historiadores Latinoamericanos y del Caribe VII\u00b0 Jornadas de Historia La Revoluci\u00f3n Rusa y Am\u00e9rica Latina Un siglo de revoluciones y contrarrevoluciones &nbsp; Buenos Aires \u2013 Argentina 25 y 26 de septiembre de 2017 VIIjornadahistoria@gmail.com \/ [&hellip;]<\/p>\n","protected":false},"author":2,"featured_media":0,"comment_status":"closed","ping_status":"closed","sticky":false,"template":"","format":"standard","meta":{"_crdt_document":"","footnotes":""},"categories":[10,5,40],"tags":[13,774,773],"class_list":["post-12763","post","type-post","status-publish","format-standard","hentry","category-adhil-arg","category-congresos","category-informaciones","tag-america-latina","tag-contrarrevolucion","tag-revolucion-rusa"],"_links":{"self":[{"href":"https:\/\/adhilac.com.ar\/index.php?rest_route=\/wp\/v2\/posts\/12763","targetHints":{"allow":["GET"]}}],"collection":[{"href":"https:\/\/adhilac.com.ar\/index.php?rest_route=\/wp\/v2\/posts"}],"about":[{"href":"https:\/\/adhilac.com.ar\/index.php?rest_route=\/wp\/v2\/types\/post"}],"author":[{"embeddable":true,"href":"https:\/\/adhilac.com.ar\/index.php?rest_route=\/wp\/v2\/users\/2"}],"replies":[{"embeddable":true,"href":"https:\/\/adhilac.com.ar\/index.php?rest_route=%2Fwp%2Fv2%2Fcomments&post=12763"}],"version-history":[{"count":27,"href":"https:\/\/adhilac.com.ar\/index.php?rest_route=\/wp\/v2\/posts\/12763\/revisions"}],"predecessor-version":[{"id":13315,"href":"https:\/\/adhilac.com.ar\/index.php?rest_route=\/wp\/v2\/posts\/12763\/revisions\/13315"}],"wp:attachment":[{"href":"https:\/\/adhilac.com.ar\/index.php?rest_route=%2Fwp%2Fv2%2Fmedia&parent=12763"}],"wp:term":[{"taxonomy":"category","embeddable":true,"href":"https:\/\/adhilac.com.ar\/index.php?rest_route=%2Fwp%2Fv2%2Fcategories&post=12763"},{"taxonomy":"post_tag","embeddable":true,"href":"https:\/\/adhilac.com.ar\/index.php?rest_route=%2Fwp%2Fv2%2Ftags&post=12763"}],"curies":[{"name":"wp","href":"https:\/\/api.w.org\/{rel}","templated":true}]}}