{"id":12866,"date":"2017-09-22T04:30:57","date_gmt":"2017-09-22T07:30:57","guid":{"rendered":"https:\/\/adhilac.com.ar\/?p=12866"},"modified":"2017-10-29T06:37:03","modified_gmt":"2017-10-29T09:37:03","slug":"congreso-internaiconal-revoluciones-y-revolucionarios","status":"publish","type":"post","link":"https:\/\/adhilac.com.ar\/?p=12866","title":{"rendered":"Congreso Internacional Revoluciones y revolucionarios. Espa\u00f1a 3 y 4 de octubre de 2017"},"content":{"rendered":"<p style=\"text-align: justify;\"><a href=\"https:\/\/adhilac.com.ar\/wp-content\/uploads\/2017\/05\/AniChe.jpg\"><img loading=\"lazy\" decoding=\"async\" class=\"alignleft size-full wp-image-12867\" title=\"AniChe\" src=\"https:\/\/adhilac.com.ar\/wp-content\/uploads\/2017\/05\/AniChe.jpg\" alt=\"\" width=\"302\" height=\"424\" srcset=\"https:\/\/adhilac.com.ar\/wp-content\/uploads\/2017\/05\/AniChe.jpg 432w, https:\/\/adhilac.com.ar\/wp-content\/uploads\/2017\/05\/AniChe-213x300.jpg 213w\" sizes=\"auto, (max-width: 302px) 100vw, 302px\" \/><\/a>Medio siglo ha transcurrido desde la muerte de Ernesto Che Guevara. Sin duda una de las figuras hist\u00f3ricas m\u00e1s importantes despu\u00e9s de la II Guerra Mundial. Su importancia y trascendencia solo se pueden comprender en el contexto hist\u00f3rico de la Guerra Fr\u00eda, del triunfo de una Revoluci\u00f3n, la cubana, y de los procesos de descolonizaci\u00f3n y antiimperialistas de los a\u00f1os sesenta del siglo XX. El epicentro de la Revoluci\u00f3n cambi\u00f3 de continente. Am\u00e9rica Latina emergi\u00f3, como nunca antes,en un centro te\u00f3rico, ideol\u00f3gico y pol\u00edtico a niveles mundiales. Una nueva esperanza irrumpi\u00f3 desafiante al orden liberal occidental tras la II Guerra Mundial. Su irradiaci\u00f3n en el resto del mundo fue innegable.<!--more--><\/p>\n<p>M\u00e1s all\u00e1 de sentimentalismos rom\u00e1nticos o de celebraciones hagiogr\u00e1ficas, pero comprometidos a no dejar en el olvido desde un an\u00e1lisis hist\u00f3rico riguroso y cr\u00edtico, proponemos seguir poniendo en estudio e investigaci\u00f3n la figura del Che, la revoluci\u00f3n y los procesos revolucionarios que cambiaron u obligaron a modificar los valores tradicionales de estas sociedades injustas y desiguales. Y, sobre todo, seguir intentado comprender la Historia desde los cambios sociales. Desde lo que signific\u00f3 la Revoluci\u00f3n en la Historia.<\/p>\n<p><strong>Las Conferencias Magistrales correr\u00e1n a cargo de:<\/strong><\/p>\n<p style=\"text-align: justify;\"><strong> <\/strong><br \/>\nJuan Marchena Fern\u00e1ndez, Catedr\u00e1tico de Historia de Am\u00e9rica de la Universidad Pablo de Olavide.<\/p>\n<p style=\"text-align: justify;\">Juan Manuel Santana, Catedr\u00e1tico de Historia Moderna de la Universidad de las Palmas de Gran Canaria.Se podr\u00e1n presentar ponencias a los siguientes<\/p>\n<p style=\"text-align: justify;\"><strong>Simposios:<\/strong><\/p>\n<p style=\"text-align: justify;\"><strong> <\/strong><br \/>\n1. Las Revoluciones de Independencia y sus proyecciones en el siglo XX. Estudio de los centenarios y bicentenarios. Proyecci\u00f3n ideol\u00f3gica y pol\u00edtica de los mismos. Utilizaci\u00f3n de los procesos de independencias en las revoluciones y contrarrevoluciones despu\u00e9s de 1945.<\/p>\n<p style=\"text-align: justify;\">2. Guerra Fr\u00eda y revoluciones, 1946-1989.Las revoluciones en Am\u00e9rica Latina en el contexto de la Guerra Fr\u00eda. Programas pol\u00edticos, condicionantes, conflictos y rupturas ideol\u00f3gicas. De la v\u00eda pol\u00edtica a la armada. Las guerrillas.<\/p>\n<p style=\"text-align: justify;\">3. Historia e Historiograf\u00eda: los combates historiogr\u00e1ficos. La Historia como arma. Los debates historiogr\u00e1ficos y su trascendencia en las interpretaciones de las revoluciones latinoamericanas.Historia, historiograf\u00eda y ciencias sociales.<\/p>\n<p style=\"text-align: justify;\">4. De Ernesto Guevara al guevarismo revolucionario.La prosopograf\u00eda de Ernesto Guevara. Ideolog\u00eda y trayectoria del Che. Los escritos. El Guevarismo. El mito: su trascendencia.El Che en el siglo XXI.<\/p>\n<p style=\"text-align: justify;\">5. Iconograf\u00eda de la Revoluci\u00f3n.El poder de las im\u00e1genes. La revoluci\u00f3n en las representaciones art\u00edsticas. El Che: del icono a su iconograf\u00eda. La fotograf\u00eda,el arma revolucionaria<\/p>\n<p style=\"text-align: justify;\"><strong>Plazos:<\/strong><\/p>\n<p style=\"text-align: justify;\"><strong> <\/strong><br \/>\nLas propuestas de ponencia se podr\u00e1n presentar hasta el 15 de julio de 2017. Se deber\u00e1 mandar en formato Word e incluir\u00e1 el nombredel autor, filiaci\u00f3n institucional, t\u00edtulo de la ponencia y un breve resumen de la misma (hasta 300 palabras).<\/p>\n<p style=\"text-align: justify;\">Se remitir\u00e1 a: congresocheguevara@gmail.com<\/p>\n<p style=\"text-align: justify;\">&nbsp;<\/p>\n<p style=\"text-align: justify;\"><strong>Inscripci\u00f3n al Congreso:<\/strong><\/p>\n<p style=\"text-align: justify;\"><strong> <\/strong><br \/>\nComo ponente: 50 euros.<br \/>\nLos estudiantes de maestr\u00eda y doctorado que presenten ponencia tendr\u00e1n la inscripci\u00f3n gratuita. (se requerir\u00e1 acreditaci\u00f3n de estudios).Como asistente: inscripci\u00f3n gratuita. Se extender\u00e1 certificado de asistencia.<\/p>\n<p style=\"text-align: justify;\">Direcci\u00f3n: Manuel Chust. Departamento de Historia, Geograf\u00eda y Arte. Universidad Jaume I de Castell\u00f3n. chust@his.uji.esInformaci\u00f3n, inscripciones y propuestas de ponencias:<\/p>\n<p style=\"text-align: justify;\">congresocheguevara@gmail.com<\/p>\n<p style=\"text-align: justify;\">&nbsp;<\/p>\n<p style=\"text-align: justify;\"><a href=\"https:\/\/adhilac.com.ar\/wp-content\/uploads\/2017\/05\/50-Aniversario-de-Che-d\u00edptico.pdf\">50 Aniversario de Che d\u00edptico<\/a><\/p>\n<p><strong>Publicado por ADHILAC Internacional \u00a9 www.adhilac.com.ar<\/strong><\/p>\n<p>Si Ud. desea asociarse de acuerdo a los Estatutos de ADHILAC\u00a0<a title=\"(ver)\" href=\"https:\/\/adhilac.com.ar\/?page_id=263\">(ver)<\/a> complete el siguiente formulario\u00a0<a title=\"(ver)\" href=\"https:\/\/adhilac.com.ar\/?page_id=3194\">(ver)<\/a><\/p>\n<p>E-mail: info@adhilac.com.ar<strong> <\/strong><\/p>\n<p>Twitter: @AdhilacInfo<\/p>\n","protected":false},"excerpt":{"rendered":"<p>Medio siglo ha transcurrido desde la muerte de Ernesto Che Guevara. Sin duda una de las figuras hist\u00f3ricas m\u00e1s importantes despu\u00e9s de la II Guerra Mundial. Su importancia y trascendencia solo se pueden comprender en el contexto hist\u00f3rico de la Guerra Fr\u00eda, del triunfo de una Revoluci\u00f3n, la cubana, y de los procesos de descolonizaci\u00f3n [&hellip;]<\/p>\n","protected":false},"author":2,"featured_media":0,"comment_status":"closed","ping_status":"closed","sticky":false,"template":"","format":"standard","meta":{"_crdt_document":"","footnotes":""},"categories":[5,40],"tags":[779,138],"class_list":["post-12866","post","type-post","status-publish","format-standard","hentry","category-congresos","category-informaciones","tag-revolucionarios","tag-revoluciones"],"_links":{"self":[{"href":"https:\/\/adhilac.com.ar\/index.php?rest_route=\/wp\/v2\/posts\/12866","targetHints":{"allow":["GET"]}}],"collection":[{"href":"https:\/\/adhilac.com.ar\/index.php?rest_route=\/wp\/v2\/posts"}],"about":[{"href":"https:\/\/adhilac.com.ar\/index.php?rest_route=\/wp\/v2\/types\/post"}],"author":[{"embeddable":true,"href":"https:\/\/adhilac.com.ar\/index.php?rest_route=\/wp\/v2\/users\/2"}],"replies":[{"embeddable":true,"href":"https:\/\/adhilac.com.ar\/index.php?rest_route=%2Fwp%2Fv2%2Fcomments&post=12866"}],"version-history":[{"count":16,"href":"https:\/\/adhilac.com.ar\/index.php?rest_route=\/wp\/v2\/posts\/12866\/revisions"}],"predecessor-version":[{"id":13396,"href":"https:\/\/adhilac.com.ar\/index.php?rest_route=\/wp\/v2\/posts\/12866\/revisions\/13396"}],"wp:attachment":[{"href":"https:\/\/adhilac.com.ar\/index.php?rest_route=%2Fwp%2Fv2%2Fmedia&parent=12866"}],"wp:term":[{"taxonomy":"category","embeddable":true,"href":"https:\/\/adhilac.com.ar\/index.php?rest_route=%2Fwp%2Fv2%2Fcategories&post=12866"},{"taxonomy":"post_tag","embeddable":true,"href":"https:\/\/adhilac.com.ar\/index.php?rest_route=%2Fwp%2Fv2%2Ftags&post=12866"}],"curies":[{"name":"wp","href":"https:\/\/api.w.org\/{rel}","templated":true}]}}