{"id":12874,"date":"2018-05-10T00:37:05","date_gmt":"2018-05-10T03:37:05","guid":{"rendered":"https:\/\/adhilac.com.ar\/?p=12874"},"modified":"2018-05-24T20:02:59","modified_gmt":"2018-05-24T23:02:59","slug":"coloquio-internacional-jose-marti-y-los-acontecimientos-de-1898-la-habana-16-al-18-de-mayo-de-2018","status":"publish","type":"post","link":"https:\/\/adhilac.com.ar\/?p=12874","title":{"rendered":"Coloquio Internacional Jos\u00e9 Mart\u00ed y los acontecimientos de 1898. La Habana,  16 al 18 de mayo de 2018"},"content":{"rendered":"<h3 style=\"text-align: justify;\"><span style=\"color: #339966;\">CONVOCATORIA<\/span><\/h3>\n<p style=\"text-align: justify;\">COLOQUIO INTERNACIONAL \u00a0<em>JOS\u00c9 MART\u00cd <\/em><em>Y LOS ACONTECIMIENTOS DE 1898<\/em><\/p>\n<p style=\"text-align: justify;\"><strong>Centro de Estudios Martianos<\/strong><\/p>\n<p style=\"text-align: justify;\">La Habana, \u00a016 al 18 de mayo de 2018<\/p>\n<p style=\"text-align: justify;\">Durante el a\u00f1o 2018 se conmemorar\u00e1n sucesos trascenden-tales para nuestro pa\u00eds, Am\u00e9rica y el mundo. De ellos destacaremos el 150 aniversario del comienzo de la Guerra de los Diez A\u00f1os, iniciada en 1868 que, sin alcanzar sus objetivos, culmin\u00f3 en 1878, as\u00ed como el 120 de la intervenci\u00f3n estadounidense en la Guerra de Independencia que se desarrollaba en la Mayor de las Antillas desde el 24 de febrero 1895, luego de tres a\u00f1os de preparaci\u00f3n por el Partido Revolucionario Cubano, encabezado por Jos\u00e9 Mart\u00ed.<!--more--><\/p>\n<p style=\"text-align: justify;\">Las advertencias de este acerca de las amenazas del expansionismo de los Estados Unidos sobre nuestro pa\u00eds y el resto del continente perviv\u00edan en la mente y los sentimientos de sus seguidores m\u00e1s consecuentes en las emigraciones y en la Isla, pero no en los grupos que ascendieron a la direcci\u00f3n del Consejo de Gobierno y del Partido, cuyas divisiones internas posibilitaron la intervenci\u00f3n estadounidense en el conflicto, con las consecuencias que esto acarre\u00f3.<\/p>\n<p style=\"text-align: justify;\">Por su trascendencia y actualidad, particularmente en el caso de nuestro pa\u00eds, el Centro de Estudios Martianos realizar\u00e1, del 16 al 18 de mayo de 2018, un encuentro internacional en el cual se propicie el intercambio de informaci\u00f3n, opiniones e ideas, resultado de las \u00faltimas investigaciones al respecto, para contribuir de este modo al esclarecimiento de lo ocurrido en 1898 y los a\u00f1os inmediatamente anteriores y posteriores, sus implicaciones para aquella \u00e9poca y la nuestra, confirmaci\u00f3n de las advertencias de Jos\u00e9 Mart\u00ed y la justeza de su ideario independentista, democr\u00e1tico y antimperialista.<\/p>\n<p style=\"text-align: justify;\">Para alcanzar tan importantes prop\u00f3sitos, nuestra instituci\u00f3n contar\u00e1 con el coauspicio de la Academia de la Historia de Cuba, el Instituto de Historia de Cuba, la Uni\u00f3n Nacional de Historiadores de Cuba, la Asociaci\u00f3n de Historiadores de Am\u00e9rica Latina y el Caribe, CLACSO y la Sociedad Cultural Jos\u00e9 Mart\u00ed. Nos proponemos contar, asimismo, con la participaci\u00f3n de estudiosos de nuestra Am\u00e9rica y el Caribe, Estados Unidos, Espa\u00f1a, as\u00ed como de otros pa\u00edses.<\/p>\n<p style=\"text-align: justify;\">&nbsp;<\/p>\n<p style=\"text-align: justify;\"><strong>Temas principales en los que puede participarse: <\/strong><\/p>\n<ul style=\"text-align: justify;\">\n<li>Transformaciones fundamentales del Partido Revolucionario Cubano durante el periodo de 1895 a 1898. Presencia, o ausencia, del legado martiano en los miembros de su direcci\u00f3n, de los clubes y en las emigraciones; as\u00ed como entre los integrantes de los Consejos de Gobierno, y en el Ej\u00e9rcito Libertador.<\/li>\n<\/ul>\n<p>&nbsp;<\/p>\n<ul style=\"text-align: justify;\">\n<li>La imagen y el recuerdo de Jos\u00e9 Mart\u00ed en el peri\u00f3dico Patria, La Doctrina de Mart\u00ed y otros \u00f3rganos de prensa de la \u00e9poca. Lucha ideol\u00f3gica en torno al proyecto martiano de rep\u00fablica durante el periodo 1895-1898.<\/li>\n<\/ul>\n<p>&nbsp;<\/p>\n<ul style=\"text-align: justify;\">\n<li>Previsiones y advertencias martianas de la amenaza imperial estadounidense sobre la revoluci\u00f3n cubana. Vigencia de su visi\u00f3n del anexionismo y del autonomismo en 1898, as\u00ed como de la importancia de Cuba para el equilibrio del mundo. Expresiones conceptuales y estrategias discursivas<\/li>\n<\/ul>\n<p>&nbsp;<\/p>\n<ul style=\"text-align: justify;\">\n<li>Actitudes en las emigraciones y en Cuba ante la intervenci\u00f3n y la ocupaci\u00f3n de la Isla por el ej\u00e9rcito estadounidense. Su reflejo en la prensa cubana y en la de los pa\u00edses donde radicaban cubanos y puertorrique\u00f1os. Referencias a Jos\u00e9 Mart\u00ed en los diferentes \u00f3rganos de difusi\u00f3n.<\/li>\n<\/ul>\n<li style=\"padding-left: 30px;\">Poemas, canciones, relatos, testimonios, novelas, pinturas, grabados, artes esc\u00e9nicas, fotograf\u00edas y filmaciones generados en la etapa de 1898-1902 ante los sucesos del periodo 1895-1898, en los cuales se presente la imagen, el ideario y el ejemplo de Jos\u00e9 Mart\u00ed<\/li>\n<p style=\"text-align: justify;\">&nbsp;<\/p>\n<p style=\"text-align: justify;\"><strong>De las propuestas y ponencias<\/strong><\/p>\n<p style=\"text-align: justify;\"><strong> <\/strong><\/p>\n<p style=\"text-align: justify;\">Cada aspirante a ponente enviar\u00e1, antes del 30 de marzo del 2018 un resumen del contenido de su trabajo; incluir\u00e1 el nombre y apellidos del autor, acompa\u00f1ado de sus datos personales, s\u00edntesis curricular, instituci\u00f3n de procedencia, direcci\u00f3n particular, tel\u00e9fono y correo electr\u00f3nico. Los res\u00famenes de las ponencias no exceder\u00e1n los 250 caracteres en letra Arial 12. Los datos personales no deben sobrepasar los 150.<\/p>\n<p style=\"text-align: justify;\">Las ponencias podr\u00e1n tener como m\u00e1ximo dos autores, y en esos casos, solo uno tendr\u00e1 derecho a asistir como delegado al evento, aunque ambos recibir\u00e1n la certificaci\u00f3n de ponente.<\/p>\n<p style=\"text-align: justify;\">El Comit\u00e9 Cient\u00edfico evaluar\u00e1 las propuestas y aceptar\u00e1 solamente las que posean la calidad requerida, por la adecuaci\u00f3n a los temas propuestos, el inter\u00e9s cient\u00edfico y la novedad de la investigaci\u00f3n, as\u00ed como en el cumplimiento de los plazos y normas de presentaci\u00f3n.<\/p>\n<p style=\"text-align: justify;\">Los autores cuyos res\u00famenes hayan sido aceptados recibir\u00e1n la comunicaci\u00f3n correspondiente y enviar\u00e1n el texto \u00edntegro de la ponencia antes del 20 de abril de 2018. Se presentar\u00e1 el texto en formato tama\u00f1o carta, extensi\u00f3n doc (word), letra Arial, 12 puntos, interlineado a espacio y medio, y m\u00e1rgenes de 2,5. cm. Es imprescindible la indicaci\u00f3n de las fuentes utilizadas mediante el empleo de notas de referencias, que no ser\u00e1n cuantificadas para medir la totalidad del trabajo, cuya m\u00e1xima extensi\u00f3n ser\u00e1 de 450 l\u00edneas. La comisi\u00f3n de evaluaci\u00f3n se reserva el derecho de rechazar los textos que no cumplan la totalidad de los requisitos.<\/p>\n<p style=\"text-align: justify;\">En ning\u00fan caso el tema podr\u00e1 ser variado en el tema de la exposici\u00f3n, que no exceder\u00e1 los 15 minutos.<\/p>\n<p style=\"text-align: justify;\">&nbsp;<\/p>\n<p style=\"text-align: justify;\"><strong>Cuotas de inscripci\u00f3n<\/strong><\/p>\n<p style=\"text-align: justify;\">Ponentes extranjeros: 60 CUC<\/p>\n<p style=\"text-align: justify;\">Acompa\u00f1antes y estudiantes extranjeros: 30 CUC<\/p>\n<p style=\"text-align: justify;\">Ponentes cubanos: 60 MN<\/p>\n<p style=\"text-align: justify;\">Estudiantes cubanos: 30 MN<\/p>\n<p style=\"text-align: justify;\">Las cuotas de inscripci\u00f3n se entregar\u00e1n al hacer la acreditaci\u00f3n al evento.<\/p>\n<p style=\"text-align: justify;\">&nbsp;<\/p>\n<p style=\"text-align: justify;\"><strong>Informaciones y entregas<\/strong><\/p>\n<p style=\"text-align: justify;\">Los interesados podr\u00e1n informarse o hacer sus entregas directamente o por v\u00eda de correo postal, en la sede del Centro de Estudios Martianos: Calzada n\u00fam. 807, esq. a 4, El Vedado, Ciudad de La Habana, Cuba, C. P. 10400. Telf. 7836 4966 al 69, extensiones 109 y 110. El resumen puede enviarse a trav\u00e9s de las direcciones electr\u00f3nicas a: daniaperez@josemarti.co.cu y <a href=\"mailto:promocioncem@gmail.com\">promocioncem@gmail.com<\/a><\/p>\n<p style=\"text-align: justify;\">&nbsp;<\/p>\n<p style=\"text-align: justify;\"><strong>Comit\u00e9 Organizador del Coloquio:<\/strong><\/p>\n<p style=\"text-align: justify;\"><strong>Presidente: <\/strong>Dra.C. Ana S\u00e1nchez Collazo<\/p>\n<p style=\"text-align: justify;\"><strong>Vicepresidentes: <\/strong>Dra.C. Maria Caridad Pacheco Gonz\u00e1lez,<\/p>\n<p style=\"text-align: justify;\">Dra.C. Maria Elena Segura Su\u00e1rez Dr.C. Pedro Pablo Rodr\u00edguez L\u00f3pez<\/p>\n<p style=\"text-align: justify;\"><strong>Secretarios cient\u00edficos: <\/strong>Dr. Ibrahim Hidalgo Paz y Ms.C. Jos\u00e9 A. Bedia Pulido.<\/p>\n<p>&nbsp;<\/p>\n<p>&nbsp;<\/p>\n<p><strong>Publicado por ADHILAC Internacional \u00a9 www.adhilac.com.ar<\/strong><\/p>\n<p>Si Ud. desea asociarse de acuerdo a los Estatutos de ADHILAC\u00a0<a title=\"(ver)\" href=\"https:\/\/adhilac.com.ar\/?page_id=263\">(ver)<\/a> complete el siguiente formulario\u00a0<a title=\"(ver)\" href=\"https:\/\/adhilac.com.ar\/?page_id=3194\">(ver)<\/a><\/p>\n<p>E-mail: info@adhilac.com.ar<strong> <\/strong><\/p>\n<p>Twitter: @AdhilacInfo<\/p>\n<p>&nbsp;<\/p>\n","protected":false},"excerpt":{"rendered":"<p>CONVOCATORIA COLOQUIO INTERNACIONAL \u00a0JOS\u00c9 MART\u00cd Y LOS ACONTECIMIENTOS DE 1898 Centro de Estudios Martianos La Habana, \u00a016 al 18 de mayo de 2018 Durante el a\u00f1o 2018 se conmemorar\u00e1n sucesos trascenden-tales para nuestro pa\u00eds, Am\u00e9rica y el mundo. De ellos destacaremos el 150 aniversario del comienzo de la Guerra de los Diez A\u00f1os, iniciada en [&hellip;]<\/p>\n","protected":false},"author":2,"featured_media":0,"comment_status":"closed","ping_status":"closed","sticky":false,"template":"","format":"standard","meta":{"_crdt_document":"","footnotes":""},"categories":[18,40],"tags":[63,49],"class_list":["post-12874","post","type-post","status-publish","format-standard","hentry","category-adhilac-cuba","category-informaciones","tag-cuba","tag-independencia"],"_links":{"self":[{"href":"https:\/\/adhilac.com.ar\/index.php?rest_route=\/wp\/v2\/posts\/12874","targetHints":{"allow":["GET"]}}],"collection":[{"href":"https:\/\/adhilac.com.ar\/index.php?rest_route=\/wp\/v2\/posts"}],"about":[{"href":"https:\/\/adhilac.com.ar\/index.php?rest_route=\/wp\/v2\/types\/post"}],"author":[{"embeddable":true,"href":"https:\/\/adhilac.com.ar\/index.php?rest_route=\/wp\/v2\/users\/2"}],"replies":[{"embeddable":true,"href":"https:\/\/adhilac.com.ar\/index.php?rest_route=%2Fwp%2Fv2%2Fcomments&post=12874"}],"version-history":[{"count":31,"href":"https:\/\/adhilac.com.ar\/index.php?rest_route=\/wp\/v2\/posts\/12874\/revisions"}],"predecessor-version":[{"id":14110,"href":"https:\/\/adhilac.com.ar\/index.php?rest_route=\/wp\/v2\/posts\/12874\/revisions\/14110"}],"wp:attachment":[{"href":"https:\/\/adhilac.com.ar\/index.php?rest_route=%2Fwp%2Fv2%2Fmedia&parent=12874"}],"wp:term":[{"taxonomy":"category","embeddable":true,"href":"https:\/\/adhilac.com.ar\/index.php?rest_route=%2Fwp%2Fv2%2Fcategories&post=12874"},{"taxonomy":"post_tag","embeddable":true,"href":"https:\/\/adhilac.com.ar\/index.php?rest_route=%2Fwp%2Fv2%2Ftags&post=12874"}],"curies":[{"name":"wp","href":"https:\/\/api.w.org\/{rel}","templated":true}]}}