{"id":1288,"date":"2010-03-20T12:00:03","date_gmt":"2010-03-20T15:00:03","guid":{"rendered":"https:\/\/adhilac.com.ar\/?p=1288"},"modified":"2013-02-07T05:36:50","modified_gmt":"2013-02-07T08:36:50","slug":"simon-bolivar-decreto-a-favor-de-los-pueblos-originarios-cucuta-1820","status":"publish","type":"post","link":"https:\/\/adhilac.com.ar\/?p=1288","title":{"rendered":"Bicentenario. Sim\u00f3n Bol\u00edvar. Decreto a favor de los pueblos originarios. C\u00facuta. 1820."},"content":{"rendered":"<h3><span style=\"color: #339966;\">Decreto que en su cuartel general de Rosario de C\u00facuta<\/span><\/h3>\n<p>firma Sim\u00f3n Bol\u00edvar a favor de los pueblos originarios<\/p>\n<p style=\"text-align: justify;\"><a href=\"https:\/\/adhilac.com.ar\/wp-content\/uploads\/2011\/07\/Bolivar-ManoPecho-.jpg\"><img loading=\"lazy\" decoding=\"async\" class=\"size-full wp-image-4348 alignleft\" title=\"Bolivar-ManoPecho-\" src=\"https:\/\/adhilac.com.ar\/wp-content\/uploads\/2011\/07\/Bolivar-ManoPecho-.jpg\" alt=\"\" width=\"298\" height=\"397\" srcset=\"https:\/\/adhilac.com.ar\/wp-content\/uploads\/2011\/07\/Bolivar-ManoPecho-.jpg 709w, https:\/\/adhilac.com.ar\/wp-content\/uploads\/2011\/07\/Bolivar-ManoPecho--225x300.jpg 225w\" sizes=\"auto, (max-width: 298px) 100vw, 298px\" \/><\/a><em>Izquierda.\u00a0Sim\u00f3n\u00a0Bol\u00edvar. Museos Nacionales. Caracas. Venezuela. Foto: Carolina Crisorio<\/em><\/p>\n<p style=\"text-align: justify;\">Deseando corregir los abusos introducidos en Cundinamarca en la mayor parte de los pueblos de naturaleza, as\u00ed contra sus libertades, y considerando que esta parte de la poblaci\u00f3n de la Rep\u00fablica merece las paternales atenciones del gobierno por haber sido la m\u00e1s vejada, oprimida y degradada durante el despotismo espa\u00f1ol, con presencia de lo dispuesto por las leyes can\u00f3nicas y civiles, ha venido en decretar y;<\/p>\n<p style=\"text-align: justify;\"><strong>DECRETO:<\/strong><\/p>\n<p style=\"text-align: justify;\"><strong>Art\u00edculo 1:<\/strong> Se devolver\u00e1 a los naturales, como propietario leg\u00edtimo, todas las tierras que formaban los resguardos seg\u00fan t\u00edtulos cualquiera que sea el que aleguen para poseerla los actuales tenedores.<\/p>\n<p style=\"text-align: justify;\"><strong>Art\u00edculo 2:<\/strong> Las funciones que carguen sobre los dichos resguardos no teniendo la aprobaci\u00f3n de la autoridad a quien ha correspondido concederla, quedar\u00e1 sin efecto ni valor aunque haya subsistido por tiempo inmemorial.<!--more--><\/p>\n<p style=\"text-align: justify;\"><strong>Art\u00edculo 3:<\/strong> Integrados los resguardos en lo que se les haya usurpado los jueces pol\u00edticos repartir\u00e1n a cada familia tanta extensi\u00f3n de terreno cuanto c\u00f3modamente pueda cultivar cada una teniendo presente el n\u00famero de personas de que conste la familia y la extensi\u00f3n total de los resguardos.<\/p>\n<p style=\"text-align: justify;\"><strong>Art\u00edculo 4:<\/strong> Si repartidos los resguardos a las familias, como se ha dicho, quedar\u00e1n tierras sobrantes, las arrendar\u00e1n por remate los mismos jueces pol\u00edticos a los que m\u00e1s dieren y afianzare mejor, prefiriendo siempre por el tanto a los actuales poseedores.<\/p>\n<p style=\"text-align: justify;\"><strong>Art\u00edculo 5: <\/strong> Las familias, o los miembros de ellas, no podr\u00e1n arrendar la parte que les toque sino con conocimiento del juez pol\u00edtico para evitar da\u00f1os y fraudes que le causaren.<\/p>\n<p style=\"text-align: justify;\"><strong>Art\u00edculo 6:<\/strong> Los productos de los terrenos que se arrienden conforme al art\u00edculo 4, se destinar\u00e1n, parte en pago a los tributos y para pago de los sueldos de los maestros de las escuelas que se establecer\u00e1n en cada pueblo.\u00a0 Cada maestro gozar\u00e1 anualmente de un sueldo de de 120 pesos si alcanzaren o excedieren de esta cantidad los arrendamientos; si fuere menos, ser\u00e1 todo para el maestro.<\/p>\n<p style=\"text-align: justify;\"><strong>Art\u00edculo 7: <\/strong>El juez pol\u00edtico, de acuerdo con el cura de cada pueblo, nombrar\u00e1 a estos maestros y participar\u00e1 sus nombramientos a los gobernadores de la provincia para que estos lo hagan al gobernador del departamento.<\/p>\n<p style=\"text-align: justify;\"><strong>Art\u00edculo 8: <\/strong> Los gobernadores pol\u00edticos de las provincias formar\u00e1n el reglamento que deba observarse en las escuelas de sus respectivas provincias detallando el m\u00e9todo de ense\u00f1anza y de educaci\u00f3n.<\/p>\n<p style=\"text-align: justify;\"><strong>Art\u00edculo 9: <\/strong> Todos los ni\u00f1os mayores de cuatro a\u00f1os y menores de catorce asistir\u00e1n a las escuelas, donde se les ense\u00f1ar\u00e1n las primeras letras, la aritm\u00e9tica, los principios de religi\u00f3n y los derechos y los deberes del hombre y del ciudadano de Colombia conforme a las leyes.<\/p>\n<p style=\"text-align: justify;\"><strong>Art\u00edculo 10: <\/strong> Deducido el sueldo de los maestros, se aplicar\u00e1n las rentas que sobre los arrendamientos al ramo de tributos rebajando este total que se aplique del total general con que se contribuya al pueblo a quien se aliviar\u00e1 la contribuci\u00f3n a prorrata.<\/p>\n<p style=\"text-align: justify;\"><strong>Art\u00edculo 11: <\/strong> Para que estas operaciones se ejecuten con todo m\u00e9todo, orden y exactitud que exige la unidad general de los pueblos, estar\u00e1n obligados los jueces pol\u00edticos a llevar cuenta corriente de los arrendamientos y la presentar\u00e1n con la de los tributos a los Ministros respectivos del tesoro p\u00fablico.<\/p>\n<p style=\"text-align: justify;\"><strong>Art\u00edculo 12:<\/strong> Ni los curas, ni los jueces pol\u00edticos, ni ninguna otra persona empleada o no, podr\u00e1 servirse de los naturales de ninguna manera, ni en caso alguno, sin pagarles el salario que antes estipulen en contrato formal celebrado a presencia y con consentimiento del juez pol\u00edtico.\u00a0 El que infringiere este art\u00edculo pagar\u00e1 el doble del valor del servicio hecho y los jueces pol\u00edticos exigir\u00e1n esa multa irremediablemente a favor del agraviado por la menor queja que tengan; cuando los jueces mismos sean los delincuentes, ser\u00e1n los gobernadores pol\u00edticos los que exigir\u00e1n la multa.<\/p>\n<p style=\"text-align: justify;\"><strong>Art\u00edculo 13:<\/strong> La misma disposici\u00f3n del art\u00edculo 12 comprende a las cofrad\u00edas cuyos ganados no pastar\u00e1n en los resguardos si no pagan arrendamiento, ni ser\u00e1n guardados por los naturales si no del modo dicho en el art\u00edculo procedente.<\/p>\n<p style=\"text-align: justify;\"><strong>Art\u00edculo 14: <\/strong> Cesar\u00e1n absolutamente desde este momento, como escandalosas y contrarias el esp\u00edritu de la religi\u00f3n, a la disciplina de la Iglesia y a todas las leyes, las costumbres de no administrar los sacramentos a los feligreses mientras no han pagado los derechos de cofrad\u00eda y congrua la de obligarlos a que hagan fiestas a los santos y las de exigirles derechos parroquiales de que est\u00e1n exentos los naturales por el estipendio que d\u00e1 el Estado a los curas. Los curas que contravinieren este art\u00edculo, continuando los mismos abusos, sufrir\u00e1n el rigor de las leyes en juicio severo, y al efecto los jueces pol\u00edticos velar\u00e1n la conducta de los curas para dar cuenta al gobierno de la menor falta que noten de esta parte y que se provea lo que corresponde.<\/p>\n<p style=\"text-align: justify;\"><strong>Art\u00edculo 15: <\/strong> Los naturales, como los dem\u00e1s hombres libres de la Rep\u00fablica, pueden ir y venir con sus pasaportes, comerciar sus frutas y efectos, llevarlos al mercado o feria que quieran y ejercer su industria y talentos libremente, del modo que ellos elijan sin que se les impida.<\/p>\n<p style=\"text-align: justify;\"><strong>Art\u00edculo 16: <\/strong> El presente Decreto no s\u00f3lo se publicar\u00e1 del modo acostumbrado sino que los jueces pol\u00edticos instruir\u00e1n de su contenido a los naturales, inst\u00e1ndolos a que representen sus derechos aunque sea contra los mismos jueces y que reclamen cualquier infracci\u00f3n que se cometa.<\/p>\n<p style=\"text-align: justify;\"><strong>Art\u00edculo 17:<\/strong> El Vicepresidente de Cundinamarca se encargar\u00e1 de su cumplimiento y ejecuci\u00f3n de este decreto.<\/p>\n<p style=\"text-align: justify;\">Dado en el Cuartel General del Rosario de C\u00facuta, a 20 de mayo de 1820<\/p>\n<p style=\"text-align: justify; padding-left: 30px;\">Sim\u00f3n Bol\u00edvar<\/p>\n<p style=\"text-align: justify;\">&nbsp;<\/p>\n<p><strong>Publicado por ADHILAC Internacional \u00a9 www.adhilac.com.ar<\/strong><\/p>\n<p>Si Ud. desea asociarse de acuerdo a los Estatutos de ADHILAC\u00a0<a title=\"(ver)\" href=\"https:\/\/adhilac.com.ar\/?page_id=263\">(ver)<\/a> complete el siguiente formulario\u00a0<a title=\"(ver)\" href=\"https:\/\/adhilac.com.ar\/?page_id=3194\">(ver)<\/a><\/p>\n<p>E-mail: info@adhilac.com.ar<strong> <\/strong><\/p>\n<p>Twitter: @AdhilacInfo<\/p>\n","protected":false},"excerpt":{"rendered":"<p>Decreto que en su cuartel general de Rosario de C\u00facuta firma Sim\u00f3n Bol\u00edvar a favor de los pueblos originarios Izquierda.\u00a0Sim\u00f3n\u00a0Bol\u00edvar. Museos Nacionales. Caracas. Venezuela. Foto: Carolina Crisorio Deseando corregir los abusos introducidos en Cundinamarca en la mayor parte de los pueblos de naturaleza, as\u00ed contra sus libertades, y considerando que esta parte de la poblaci\u00f3n [&hellip;]<\/p>\n","protected":false},"author":2,"featured_media":0,"comment_status":"closed","ping_status":"closed","sticky":false,"template":"","format":"standard","meta":{"_crdt_document":"","footnotes":""},"categories":[6,8],"tags":[22,45,46],"class_list":["post-1288","post","type-post","status-publish","format-standard","hentry","category-biblioteca","category-fuentes-testimonios","tag-emancipacion-americana","tag-pueblos-originarios","tag-simon-bolivar"],"_links":{"self":[{"href":"https:\/\/adhilac.com.ar\/index.php?rest_route=\/wp\/v2\/posts\/1288","targetHints":{"allow":["GET"]}}],"collection":[{"href":"https:\/\/adhilac.com.ar\/index.php?rest_route=\/wp\/v2\/posts"}],"about":[{"href":"https:\/\/adhilac.com.ar\/index.php?rest_route=\/wp\/v2\/types\/post"}],"author":[{"embeddable":true,"href":"https:\/\/adhilac.com.ar\/index.php?rest_route=\/wp\/v2\/users\/2"}],"replies":[{"embeddable":true,"href":"https:\/\/adhilac.com.ar\/index.php?rest_route=%2Fwp%2Fv2%2Fcomments&post=1288"}],"version-history":[{"count":8,"href":"https:\/\/adhilac.com.ar\/index.php?rest_route=\/wp\/v2\/posts\/1288\/revisions"}],"predecessor-version":[{"id":7683,"href":"https:\/\/adhilac.com.ar\/index.php?rest_route=\/wp\/v2\/posts\/1288\/revisions\/7683"}],"wp:attachment":[{"href":"https:\/\/adhilac.com.ar\/index.php?rest_route=%2Fwp%2Fv2%2Fmedia&parent=1288"}],"wp:term":[{"taxonomy":"category","embeddable":true,"href":"https:\/\/adhilac.com.ar\/index.php?rest_route=%2Fwp%2Fv2%2Fcategories&post=1288"},{"taxonomy":"post_tag","embeddable":true,"href":"https:\/\/adhilac.com.ar\/index.php?rest_route=%2Fwp%2Fv2%2Ftags&post=1288"}],"curies":[{"name":"wp","href":"https:\/\/api.w.org\/{rel}","templated":true}]}}