{"id":12882,"date":"2017-11-19T23:40:24","date_gmt":"2017-11-20T02:40:24","guid":{"rendered":"https:\/\/adhilac.com.ar\/?p=12882"},"modified":"2017-11-20T22:17:15","modified_gmt":"2017-11-21T01:17:15","slug":"ii-%c2%abcongreso-liberal%c2%bb-%c2%abconspiraciones-y-pronunciamientos-el-rescate-de-la-libertad-1814-1820%c2%bb-universidad-de-cadiz-21-23-noviembre-2017","status":"publish","type":"post","link":"https:\/\/adhilac.com.ar\/?p=12882","title":{"rendered":"II \u00abCongreso Liberal. Conspiraciones y pronunciamientos. El rescate de la libertad (1814-1820).\u00bb Universidad de C\u00e1diz. 21-23 noviembre 2017"},"content":{"rendered":"<h3><span style=\"color: #339966;\">SEGUNDA CIRCULAR<\/span><\/h3>\n<p style=\"text-align: justify;\">Entre 1814 y 1820 se desarrollan conspiraciones y pronunciamientos tendentes a rescatar la libertad secuestrada por Fernando VII, entre los que podemos recordar el de Espoz y Mina en Pamplona en septiembre de 1814; el que dirigi\u00f3 en La Coru\u00f1a, un a\u00f1o despu\u00e9s Juan D\u00edaz Porlier \u201cEl marquesito\u201d; la \u201cConspiraci\u00f3n del Tri\u00e1ngulo\u201d que encabez\u00f3 en 1816 y en Madrid Vicente Richart; en 1817 se producen dos intentonas, de Luis Lacy en Barcelona y Juan van Halen en Murcia y Granada; a finales de 1818 y principios de 1819 se pronunci\u00f3 en Valencia el Coronel Vidal; y, finalmente, el de Riego en Cabezas de San Juan, que dio lugar al Trienio Constitucional.<!--more--><\/p>\n<p style=\"text-align: justify;\">El objetivo de este congreso es realizar un repaso por los diversos intentos de derribar al absolutismo desde septiembre del mismo a\u00f1o 1814 hasta enero de 1820, para analizar -sin entrar a estudiar el desarrollo del Trienio Constitucional- los procesos insurreccionales y sus caracter\u00edsticas, los textos a que dieran lugar, as\u00ed como la imagen de los perseguidos y la construcci\u00f3n de la figura del h\u00e9roe, sus repercusiones en Europa y Am\u00e9rica, etc.<\/p>\n<p style=\"text-align: justify;\">&nbsp;<\/p>\n<p style=\"text-align: justify;\">Para el desarrollo del congreso se establecen las siguientes l\u00edneas de trabajo:<\/p>\n<ol style=\"text-align: justify;\">\n<li>Naturaleza, caracter\u00edsticas, desarrollo y consecuencias de los pronunciamientos.<\/li>\n<li>La proyecci\u00f3n de Espa\u00f1a en Europa: pronunciamientos por la Constituci\u00f3n.<\/li>\n<li>Liberalismo, milicia y pronunciamientos: repercusi\u00f3n y conexiones americanas.<\/li>\n<li>Los mitos insurreccionales: representaciones, narrativas, discursos e imaginario.<\/li>\n<li>C\u00e1diz, cuna de insurrecciones.<\/li>\n<\/ol>\n<p style=\"text-align: justify;\">&nbsp;<\/p>\n<p style=\"text-align: justify;\">Las ponencias correr\u00e1n a cargo de:<\/p>\n<p style=\"text-align: justify;\">*Jos\u00e9 Cepeda G\u00f3mez, Universidad Complutense de Madrid: Del C\u00e1diz de las Cortes a Las Cabezas de San Juan. El nacimiento del &#8216;ej\u00e9rcito de \u00a0la Naci\u00f3n&#8217;<\/p>\n<p style=\"text-align: justify;\">*Francisco Caranto\u00f1a \u00c1lvarez, Universidad de Le\u00f3n: 1820, del pronunciamiento a la revoluci\u00f3n<\/p>\n<p style=\"text-align: justify;\">&nbsp;<\/p>\n<p style=\"text-align: justify;\">Comunicaciones:<\/p>\n<p style=\"text-align: justify;\">La propuesta de comunicaci\u00f3n tendr\u00e1 una extensi\u00f3n m\u00ednima de 1.000 caracteres \u2013incluidas las posibles referencias bibliogr\u00e1ficas\u2013, e ir\u00e1 acompa\u00f1ada de una hoja en la que conste el t\u00edtulo, nombre del autor o autores, direcci\u00f3n, tel\u00e9fono, poblaci\u00f3n y correo electr\u00f3nico, as\u00ed como su situaci\u00f3n acad\u00e9mica o profesional, nombre de la instituci\u00f3n a la que pertenece y un breve curr\u00edculo.<\/p>\n<p style=\"text-align: justify;\">El plazo para enviar la propuesta de comunicaci\u00f3n, que se remitir\u00e1 por correo electr\u00f3nico a <a href=\"mailto:alberto.ramos@uca.es\">alberto.ramos@uca.es<\/a>, finaliza el 20 de junio de 2017. La Comisi\u00f3n Cient\u00edfica del Congreso seleccionar\u00e1 las comunicaciones que considere de mayor calidad y que mejor se ajusten a las l\u00edneas tem\u00e1ticas de la convocatoria, respondiendo mediante correo electr\u00f3nico antes del 30 de junio.<\/p>\n<p style=\"text-align: justify;\">Toda la correspondencia entre la organizaci\u00f3n del Congreso y los comunicantes se realizar\u00e1 exclusivamente mediante correo electr\u00f3nico.<\/p>\n<p style=\"text-align: justify;\"><strong>Cuota de inscripci\u00f3n<\/strong>: 30\u20ac \u2013comunicantes incluidos\u2013, fij\u00e1ndose en 10\u20ac para estudiantes y graduados en situaci\u00f3n de paro.<\/p>\n<p style=\"text-align: justify;\"><em> <\/em><\/p>\n<p style=\"text-align: justify;\"><em>Comit\u00e9 cient\u00edfico<\/em>: Joaqu\u00edn \u00c1lvarez Barrientos, Gonzalo Butr\u00f3n Prida, Marieta Cantos Casenave, Juan Ram\u00f3n Cirici Narv\u00e1ez, Fernando Dur\u00e1n L\u00f3pez, Alberto Gonz\u00e1lez Troyano, Alberto Gull\u00f3n Abao, Lola Lozano Salado, Jos\u00e9 Marchena Dom\u00ednguez, Alberto Ramos Santana y Alberto Romero Ferrer.<\/p>\n<p style=\"text-align: justify;\"><em>Coordinaci\u00f3n<\/em>: Marieta Cantos Casenave y Alberto Ramos Santana<\/p>\n<p style=\"text-align: justify;\">&nbsp;<\/p>\n<p style=\"text-align: justify;\">Lugar de Celebraci\u00f3n:<\/p>\n<p style=\"text-align: justify;\">Edificio Constituci\u00f3n 1812 (Antiguo Cuartel de la Bomba)<\/p>\n<p style=\"text-align: justify;\">Paseo Carlos III, 3. 11.003 &#8211; C\u00e1diz Tfno.: 956015888 Fax: 956015891<\/p>\n<p style=\"text-align: justify;\">&nbsp;<\/p>\n<p style=\"text-align: justify;\"><a href=\"https:\/\/adhilac.com.ar\/wp-content\/uploads\/2017\/06\/Segunda-Circular-Congreso-Conspiraciones-y-pronunciamientos.-El-rescate-de-la-libertad-1814-1820.pdf\">Segunda Circular Congreso Conspiraciones y pronunciamientos. El rescate de la libertad 1814-1820<\/a><\/p>\n<p style=\"text-align: justify;\">&nbsp;<\/p>\n<p style=\"text-align: justify;\">&nbsp;<\/p>\n<p><strong>Publicado por ADHILAC Internacional \u00a9 www.adhilac.com.ar<\/strong><\/p>\n<p>Si Ud. desea asociarse de acuerdo a los Estatutos de ADHILAC\u00a0<a title=\"(ver)\" href=\"https:\/\/adhilac.com.ar\/?page_id=263\">(ver)<\/a> complete el siguiente formulario\u00a0<a title=\"(ver)\" href=\"https:\/\/adhilac.com.ar\/?page_id=3194\">(ver)<\/a><\/p>\n<p>E-mail: info@adhilac.com.ar<strong> <\/strong><\/p>\n<p>Twitter: @AdhilacInfo<\/p>\n","protected":false},"excerpt":{"rendered":"<p>SEGUNDA CIRCULAR Entre 1814 y 1820 se desarrollan conspiraciones y pronunciamientos tendentes a rescatar la libertad secuestrada por Fernando VII, entre los que podemos recordar el de Espoz y Mina en Pamplona en septiembre de 1814; el que dirigi\u00f3 en La Coru\u00f1a, un a\u00f1o despu\u00e9s Juan D\u00edaz Porlier \u201cEl marquesito\u201d; la \u201cConspiraci\u00f3n del Tri\u00e1ngulo\u201d que [&hellip;]<\/p>\n","protected":false},"author":2,"featured_media":0,"comment_status":"closed","ping_status":"closed","sticky":false,"template":"","format":"standard","meta":{"_crdt_document":"","footnotes":""},"categories":[5,40],"tags":[139,282],"class_list":["post-12882","post","type-post","status-publish","format-standard","hentry","category-congresos","category-informaciones","tag-espana","tag-liberalismo"],"_links":{"self":[{"href":"https:\/\/adhilac.com.ar\/index.php?rest_route=\/wp\/v2\/posts\/12882","targetHints":{"allow":["GET"]}}],"collection":[{"href":"https:\/\/adhilac.com.ar\/index.php?rest_route=\/wp\/v2\/posts"}],"about":[{"href":"https:\/\/adhilac.com.ar\/index.php?rest_route=\/wp\/v2\/types\/post"}],"author":[{"embeddable":true,"href":"https:\/\/adhilac.com.ar\/index.php?rest_route=\/wp\/v2\/users\/2"}],"replies":[{"embeddable":true,"href":"https:\/\/adhilac.com.ar\/index.php?rest_route=%2Fwp%2Fv2%2Fcomments&post=12882"}],"version-history":[{"count":22,"href":"https:\/\/adhilac.com.ar\/index.php?rest_route=\/wp\/v2\/posts\/12882\/revisions"}],"predecessor-version":[{"id":13624,"href":"https:\/\/adhilac.com.ar\/index.php?rest_route=\/wp\/v2\/posts\/12882\/revisions\/13624"}],"wp:attachment":[{"href":"https:\/\/adhilac.com.ar\/index.php?rest_route=%2Fwp%2Fv2%2Fmedia&parent=12882"}],"wp:term":[{"taxonomy":"category","embeddable":true,"href":"https:\/\/adhilac.com.ar\/index.php?rest_route=%2Fwp%2Fv2%2Fcategories&post=12882"},{"taxonomy":"post_tag","embeddable":true,"href":"https:\/\/adhilac.com.ar\/index.php?rest_route=%2Fwp%2Fv2%2Ftags&post=12882"}],"curies":[{"name":"wp","href":"https:\/\/api.w.org\/{rel}","templated":true}]}}