{"id":12894,"date":"2017-06-02T07:12:33","date_gmt":"2017-06-02T10:12:33","guid":{"rendered":"https:\/\/adhilac.com.ar\/?p=12894"},"modified":"2017-06-02T07:13:07","modified_gmt":"2017-06-02T10:13:07","slug":"panel-dedicado-a-jose-marti-y-su-actuacion-como-consul-del-paraguay-en-nueva-york-la-habana-12-de-junio-de-2017","status":"publish","type":"post","link":"https:\/\/adhilac.com.ar\/?p=12894","title":{"rendered":"Panel dedicado a Jos\u00e9 Mart\u00ed y su actuaci\u00f3n como C\u00f3nsul del Paraguay en Nueva York. La Habana. 12 de junio de 2017"},"content":{"rendered":"<h3><span style=\"color: #339966;\">INVITACI\u00d3N<\/span><\/h3>\n<p><span style=\"text-align: justify;\">La Embajada de la Rep\u00fablica del Paraguay, el Centro de Estudios Martianos (CEM) y la Asociaci\u00f3n de Historiadores Latinoamericanos y del Caribe (ADHILAC) lo invitan al panel dedicado a Jos\u00e9 Mart\u00ed y su actuaci\u00f3n como C\u00f3nsul del Paraguay en Nueva York. En el mismo intervendr\u00e1n el Embajador de la Rep\u00fablica del Paraguay en Cuba, Dr. Bernardino Cano Radil; Dr. Pedro Pablo Rodr\u00edguez, Premio Nacional de Ciencias Sociales y Human\u00edsticas, y Dr. Sergio Guerra Vilaboy, Presidente de la ADHILAC. La sesi\u00f3n ser\u00e1 presidida por la Dra. Ana S\u00e1nchez Collazo, Directora del CEM.<\/span><\/p>\n<p>En la ocasi\u00f3n, el Embajador del Paraguay har\u00e1 entrega del Pabell\u00f3n Nacional de su patria, para ser izado en el Sal\u00f3n de Banderas del CEM.<!--more--><\/p>\n<p>&nbsp;<\/p>\n<p>D\u00eda: Lunes 12 de junio de 2017<br \/>\nHora: 3 pm<br \/>\nLugar: Centro de Estudios Martianos (CEM)<br \/>\nCalzada 807, esquina a 4,<br \/>\nEl Vedado, Plaza de la Revoluci\u00f3n,<br \/>\nLa Habana, Cuba.<br \/>\n(Estacionar veh\u00edculos en las calles 2 y 4)<\/p>\n<p>&nbsp;<\/p>\n<p><a href=\"https:\/\/adhilac.com.ar\/wp-content\/uploads\/2017\/06\/Invitacion-ADHILAC-2016-Marti-C\u00f3nsul-de-Paraguay.pdf\">Invitacion ADHILAC (2016) Marti, C\u00f3nsul de Paraguay<\/a><\/p>\n<p><strong>Publicado por ADHILAC Internacional \u00a9 www.adhilac.com.ar<\/strong><\/p>\n<p>Si Ud. desea asociarse de acuerdo a los Estatutos de ADHILAC\u00a0<a title=\"(ver)\" href=\"https:\/\/adhilac.com.ar\/?page_id=263\">(ver)<\/a> complete el siguiente formulario\u00a0<a title=\"(ver)\" href=\"https:\/\/adhilac.com.ar\/?page_id=3194\">(ver)<\/a><\/p>\n<p>E-mail: info@adhilac.com.ar<strong> <\/strong><\/p>\n<p>Twitter: @AdhilacInfo<\/p>\n<p>&nbsp;<\/p>\n","protected":false},"excerpt":{"rendered":"<p>INVITACI\u00d3N La Embajada de la Rep\u00fablica del Paraguay, el Centro de Estudios Martianos (CEM) y la Asociaci\u00f3n de Historiadores Latinoamericanos y del Caribe (ADHILAC) lo invitan al panel dedicado a Jos\u00e9 Mart\u00ed y su actuaci\u00f3n como C\u00f3nsul del Paraguay en Nueva York. En el mismo intervendr\u00e1n el Embajador de la Rep\u00fablica del Paraguay en Cuba, [&hellip;]<\/p>\n","protected":false},"author":2,"featured_media":0,"comment_status":"closed","ping_status":"closed","sticky":false,"template":"","format":"standard","meta":{"_crdt_document":"","footnotes":""},"categories":[18,5,15,40],"tags":[63,64,159],"class_list":["post-12894","post","type-post","status-publish","format-standard","hentry","category-adhilac-cuba","category-congresos","category-historia","category-informaciones","tag-cuba","tag-jose-marti","tag-paraguay"],"_links":{"self":[{"href":"https:\/\/adhilac.com.ar\/index.php?rest_route=\/wp\/v2\/posts\/12894","targetHints":{"allow":["GET"]}}],"collection":[{"href":"https:\/\/adhilac.com.ar\/index.php?rest_route=\/wp\/v2\/posts"}],"about":[{"href":"https:\/\/adhilac.com.ar\/index.php?rest_route=\/wp\/v2\/types\/post"}],"author":[{"embeddable":true,"href":"https:\/\/adhilac.com.ar\/index.php?rest_route=\/wp\/v2\/users\/2"}],"replies":[{"embeddable":true,"href":"https:\/\/adhilac.com.ar\/index.php?rest_route=%2Fwp%2Fv2%2Fcomments&post=12894"}],"version-history":[{"count":2,"href":"https:\/\/adhilac.com.ar\/index.php?rest_route=\/wp\/v2\/posts\/12894\/revisions"}],"predecessor-version":[{"id":12897,"href":"https:\/\/adhilac.com.ar\/index.php?rest_route=\/wp\/v2\/posts\/12894\/revisions\/12897"}],"wp:attachment":[{"href":"https:\/\/adhilac.com.ar\/index.php?rest_route=%2Fwp%2Fv2%2Fmedia&parent=12894"}],"wp:term":[{"taxonomy":"category","embeddable":true,"href":"https:\/\/adhilac.com.ar\/index.php?rest_route=%2Fwp%2Fv2%2Fcategories&post=12894"},{"taxonomy":"post_tag","embeddable":true,"href":"https:\/\/adhilac.com.ar\/index.php?rest_route=%2Fwp%2Fv2%2Ftags&post=12894"}],"curies":[{"name":"wp","href":"https:\/\/api.w.org\/{rel}","templated":true}]}}