{"id":12944,"date":"2017-06-05T19:09:49","date_gmt":"2017-06-05T22:09:49","guid":{"rendered":"https:\/\/adhilac.com.ar\/?p=12944"},"modified":"2017-06-06T12:34:19","modified_gmt":"2017-06-06T15:34:19","slug":"estudos-ibero-americanos-volumen-43-pucrs","status":"publish","type":"post","link":"https:\/\/adhilac.com.ar\/?p=12944","title":{"rendered":"Estudos Ibero-Americanos volumen 43 n. 2. PUCRS."},"content":{"rendered":"<div style=\"text-align: justify;\">Publica\u00e7\u00e3o do volume 43, n.\u00a02 (2017), da revista\u00a0Estudos Ibero-Americanos &#8211;\u00a0<a id=\"m_8860869100907063861LPlnk407248\" rel=\"noopener noreferrer\" href=\"http:\/\/revistaseletronicas.pucrs.br\/ojs\/index.php\/iberoamericana\/issue\/view\/1121\" target=\"_blank\">http:\/\/revistaseletronicas.pucrs.br\/ojs\/index.php\/iberoamericana\/issue\/view\/1121<\/a><\/div>\n<div>\n<div id=\"m_8860869100907063861divtagdefaultwrapper\" dir=\"ltr\">\n<div style=\"text-align: justify;\">A edi\u00e7\u00e3o apresenta o Dossi\u00ea\u00a0Hist\u00f3ria, cotidiano e mem\u00f3ria social \u2013 a vida comum sob as ditaduras no s\u00e9culo XX. Com organiza\u00e7\u00e3o das Professoras Jana\u00edna Martins Cordeiro\u00a0(UFF)\u00a0e L\u00edvia Gon\u00e7alves Magalh\u00e3es (UFF), o volume \u00e9 formado por quinze artigos, tr\u00eas resenhas e duas entrevistas.&nbsp;<\/p>\n<p>Informa\u00e7\u00f5es em nossa p\u00e1gina no Facebook:\u00a0<a id=\"m_8860869100907063861LPlnk5983\" rel=\"noopener noreferrer\" href=\"https:\/\/www.facebook.com\/EstudosIberoAmericanos\/\" target=\"_blank\">https:\/\/www.facebook.com\/EstudosIberoAmericanos\/<\/a> e no twitter\u00a0<a id=\"m_8860869100907063861LPlnk127990\" rel=\"noopener noreferrer\" href=\"https:\/\/twitter.com\/revistaEIA\" target=\"_blank\">https:\/\/twitter.com\/revistaEIA<!--more--><\/a><\/p>\n<\/div>\n<div style=\"text-align: justify;\">\n<p><strong>Publicado por ADHILAC Internacional \u00a9 www.adhilac.com.ar<\/strong><\/p>\n<p>Si Ud. desea asociarse de acuerdo a los Estatutos de ADHILAC\u00a0<a title=\"(ver)\" href=\"https:\/\/adhilac.com.ar\/?page_id=263\">(ver)<\/a> complete el siguiente formulario\u00a0<a title=\"(ver)\" href=\"https:\/\/adhilac.com.ar\/?page_id=3194\">(ver)<\/a><\/p>\n<p>E-mail: info@adhilac.com.ar<strong> <\/strong><\/p>\n<p>Twitter: @AdhilacInfo<\/p>\n<\/div>\n<\/div>\n<\/div>\n<p>&nbsp;<\/p>\n","protected":false},"excerpt":{"rendered":"<p>Publica\u00e7\u00e3o do volume 43, n.\u00a02 (2017), da revista\u00a0Estudos Ibero-Americanos &#8211;\u00a0http:\/\/revistaseletronicas.pucrs.br\/ojs\/index.php\/iberoamericana\/issue\/view\/1121 A edi\u00e7\u00e3o apresenta o Dossi\u00ea\u00a0Hist\u00f3ria, cotidiano e mem\u00f3ria social \u2013 a vida comum sob as ditaduras no s\u00e9culo XX. Com organiza\u00e7\u00e3o das Professoras Jana\u00edna Martins Cordeiro\u00a0(UFF)\u00a0e L\u00edvia Gon\u00e7alves Magalh\u00e3es (UFF), o volume \u00e9 formado por quinze artigos, tr\u00eas resenhas e duas entrevistas.&nbsp; Informa\u00e7\u00f5es em nossa [&hellip;]<\/p>\n","protected":false},"author":2,"featured_media":0,"comment_status":"closed","ping_status":"closed","sticky":false,"template":"","format":"standard","meta":{"_crdt_document":"","footnotes":""},"categories":[40,7],"tags":[199],"class_list":["post-12944","post","type-post","status-publish","format-standard","hentry","category-informaciones","category-publicac-info","tag-historia-latinoamericana-y-del-caribe"],"_links":{"self":[{"href":"https:\/\/adhilac.com.ar\/index.php?rest_route=\/wp\/v2\/posts\/12944","targetHints":{"allow":["GET"]}}],"collection":[{"href":"https:\/\/adhilac.com.ar\/index.php?rest_route=\/wp\/v2\/posts"}],"about":[{"href":"https:\/\/adhilac.com.ar\/index.php?rest_route=\/wp\/v2\/types\/post"}],"author":[{"embeddable":true,"href":"https:\/\/adhilac.com.ar\/index.php?rest_route=\/wp\/v2\/users\/2"}],"replies":[{"embeddable":true,"href":"https:\/\/adhilac.com.ar\/index.php?rest_route=%2Fwp%2Fv2%2Fcomments&post=12944"}],"version-history":[{"count":3,"href":"https:\/\/adhilac.com.ar\/index.php?rest_route=\/wp\/v2\/posts\/12944\/revisions"}],"predecessor-version":[{"id":12946,"href":"https:\/\/adhilac.com.ar\/index.php?rest_route=\/wp\/v2\/posts\/12944\/revisions\/12946"}],"wp:attachment":[{"href":"https:\/\/adhilac.com.ar\/index.php?rest_route=%2Fwp%2Fv2%2Fmedia&parent=12944"}],"wp:term":[{"taxonomy":"category","embeddable":true,"href":"https:\/\/adhilac.com.ar\/index.php?rest_route=%2Fwp%2Fv2%2Fcategories&post=12944"},{"taxonomy":"post_tag","embeddable":true,"href":"https:\/\/adhilac.com.ar\/index.php?rest_route=%2Fwp%2Fv2%2Ftags&post=12944"}],"curies":[{"name":"wp","href":"https:\/\/api.w.org\/{rel}","templated":true}]}}