{"id":12952,"date":"2017-06-08T13:22:10","date_gmt":"2017-06-08T16:22:10","guid":{"rendered":"https:\/\/adhilac.com.ar\/?p=12952"},"modified":"2017-06-12T13:10:06","modified_gmt":"2017-06-12T16:10:06","slug":"in-memoriam-fallecio-el-doctor-jorge-ibarra-cuesta-el-primero-de-los-historiadores-cubanos","status":"publish","type":"post","link":"https:\/\/adhilac.com.ar\/?p=12952","title":{"rendered":"In Memoriam:  falleci\u00f3 el doctor Jorge Ibarra Cuesta, el primero de los historiadores cubanos."},"content":{"rendered":"<p style=\"text-align: justify;\"><a href=\"https:\/\/adhilac.com.ar\/wp-content\/uploads\/2017\/06\/Jorge-Ibarra-Cuesta-historiador.jpg\"><img loading=\"lazy\" decoding=\"async\" class=\"alignright size-full wp-image-12953\" title=\"Jorge Ibarra Cuesta historiador\" src=\"https:\/\/adhilac.com.ar\/wp-content\/uploads\/2017\/06\/Jorge-Ibarra-Cuesta-historiador.jpg\" alt=\"\" width=\"364\" height=\"235\" srcset=\"https:\/\/adhilac.com.ar\/wp-content\/uploads\/2017\/06\/Jorge-Ibarra-Cuesta-historiador.jpg 607w, https:\/\/adhilac.com.ar\/wp-content\/uploads\/2017\/06\/Jorge-Ibarra-Cuesta-historiador-300x193.jpg 300w\" sizes=\"auto, (max-width: 364px) 100vw, 364px\" \/><\/a>Con profundo pesar informamos que ayer, 7 de junio de 2017, falleci\u00f3 el  doctor Jorge Ibarra Cuesta, el primero de los historiadores cubanos, a  los 85 a\u00f1os de edad. Era miembro de honor de la Secci\u00f3n Cubana de la  Asociaci\u00f3n de Historiadores Latinoamericanos y del Caribe (ADHILAC) y  Academico de Numero de la Academia Cubana de la Historia. Premio  Nacional de Ciencias Sociales y Humanisticas y Premio Nacional de  Historia. Fue tambi\u00e9n un destacado luchador contra la dictadura de  Fulgencio Batista en los a\u00f1os cincuenta del pasado siglo.<br \/>\n<!--more--><\/p>\n<p style=\"text-align: justify;\">Tras el triunfo revolucionario labor\u00f3 en el Consejo Nacional de Cultura  y en las Fuerzas Armadas Revolucionarias. Tambi\u00e9n trabaj\u00f3 en la  Televisi\u00f3n, la Academia de Ciencias y el Instituto de Historia. Realizo  una sobresaliente obra historiogr\u00e1fica que comenz\u00f3 en los sesenta con el  Manual de Historia de Cuba de las Fuerzas Armadas Revolucionarias.  Obtuvo el grado cient\u00edfico de Doctor en Ciencias Hist\u00f3ricas y recibi\u00f3  numerosas condecoraciones. Fue activo miembro de la Asociaci\u00f3n de  Escritores de Cuba, donde encabezo su Secci\u00f3n de Historia.<\/p>\n<p style=\"text-align: justify;\">Entre sus obras destacan Ideolog\u00eda mambisa (1967); Aproximaciones a Cl\u00edo  (1979); Naci\u00f3n y cultura nacional (1981); Un an\u00e1lisis sicosocial del  cubano: 1898-1925 (1985); Cuba: 1898-1921, partidos pol\u00edticos y clases  sociales (1993); Cuba: 1898-1958, estructuras y procesos sociales  (1996); y M\u00e1ximo G\u00f3mez frente al imperialismo (2000). En el 2009 se le  dedico la Feria Internacional de Libro en Cuba. Participo en varios  congresos de la ADHILAC y el Consejo de Estado lo nombro en el grupo  organizador de la Academia de la Historia de Cuba, refundada en 2010.<\/p>\n<p><strong>Publicado por ADHILAC Internacional \u00a9 www.adhilac.com.ar<\/strong><\/p>\n<p>Si Ud. desea asociarse de acuerdo a los Estatutos de ADHILAC\u00a0<a title=\"(ver)\" href=\"https:\/\/adhilac.com.ar\/?page_id=263\">(ver)<\/a> complete el siguiente formulario\u00a0<a title=\"(ver)\" href=\"https:\/\/adhilac.com.ar\/?page_id=3194\">(ver)<\/a><\/p>\n<p>E-mail: info@adhilac.com.ar<strong><\/strong><\/p>\n<p>Twitter: @AdhilacInfo<\/p>\n","protected":false},"excerpt":{"rendered":"<p>Con profundo pesar informamos que ayer, 7 de junio de 2017, falleci\u00f3 el doctor Jorge Ibarra Cuesta, el primero de los historiadores cubanos, a los 85 a\u00f1os de edad. Era miembro de honor de la Secci\u00f3n Cubana de la Asociaci\u00f3n de Historiadores Latinoamericanos y del Caribe (ADHILAC) y Academico de Numero de la Academia Cubana [&hellip;]<\/p>\n","protected":false},"author":2,"featured_media":0,"comment_status":"closed","ping_status":"closed","sticky":false,"template":"","format":"standard","meta":{"_crdt_document":"","footnotes":""},"categories":[15,351],"tags":[63,783],"class_list":["post-12952","post","type-post","status-publish","format-standard","hentry","category-historia","category-historiadores","tag-cuba","tag-jorge-ibarra-cuesta"],"_links":{"self":[{"href":"https:\/\/adhilac.com.ar\/index.php?rest_route=\/wp\/v2\/posts\/12952","targetHints":{"allow":["GET"]}}],"collection":[{"href":"https:\/\/adhilac.com.ar\/index.php?rest_route=\/wp\/v2\/posts"}],"about":[{"href":"https:\/\/adhilac.com.ar\/index.php?rest_route=\/wp\/v2\/types\/post"}],"author":[{"embeddable":true,"href":"https:\/\/adhilac.com.ar\/index.php?rest_route=\/wp\/v2\/users\/2"}],"replies":[{"embeddable":true,"href":"https:\/\/adhilac.com.ar\/index.php?rest_route=%2Fwp%2Fv2%2Fcomments&post=12952"}],"version-history":[{"count":3,"href":"https:\/\/adhilac.com.ar\/index.php?rest_route=\/wp\/v2\/posts\/12952\/revisions"}],"predecessor-version":[{"id":12955,"href":"https:\/\/adhilac.com.ar\/index.php?rest_route=\/wp\/v2\/posts\/12952\/revisions\/12955"}],"wp:attachment":[{"href":"https:\/\/adhilac.com.ar\/index.php?rest_route=%2Fwp%2Fv2%2Fmedia&parent=12952"}],"wp:term":[{"taxonomy":"category","embeddable":true,"href":"https:\/\/adhilac.com.ar\/index.php?rest_route=%2Fwp%2Fv2%2Fcategories&post=12952"},{"taxonomy":"post_tag","embeddable":true,"href":"https:\/\/adhilac.com.ar\/index.php?rest_route=%2Fwp%2Fv2%2Ftags&post=12952"}],"curies":[{"name":"wp","href":"https:\/\/api.w.org\/{rel}","templated":true}]}}