{"id":12957,"date":"2017-06-13T02:23:11","date_gmt":"2017-06-13T05:23:11","guid":{"rendered":"https:\/\/adhilac.com.ar\/?p=12957"},"modified":"2017-06-15T07:44:47","modified_gmt":"2017-06-15T10:44:47","slug":"mesa-redonda-%e2%80%9cjose-marti-y-su-actuacion-como-consul-de-paraguay-en-nueva-york%e2%80%9d-la-habana-junio-de-2017","status":"publish","type":"post","link":"https:\/\/adhilac.com.ar\/?p=12957","title":{"rendered":"Mesa redonda: \u201cJos\u00e9 Mart\u00ed y su actuaci\u00f3n como c\u00f3nsul de Paraguay en Nueva York\u201d. La Habana. Junio de 2017"},"content":{"rendered":"<h3><span style=\"color: #339966;\">Un canto a la hermandad entre Cuba y Paraguay<\/span><\/h3>\n<p style=\"text-align: justify;\">&nbsp;<\/p>\n<div style=\"text-align: justify;\"><img loading=\"lazy\" decoding=\"async\" class=\"alignleft\" src=\"http:\/\/www.trabajadores.cu\/wp-content\/uploads\/2017\/06\/Foto-sobre-acto-en-el-Centro-de_Estudios-Martianos-1024x1024.x24675.jpg\" alt=\"\" width=\"371\" height=\"371\" \/><em>\u201cLa Dra. Ana S\u00e1nchez Collazo recibe el pabell\u00f3n patrio paraguayo entregado por el embajador Cano, quien se encuentra a su izquierda. A la derecha le acompa\u00f1a el Dr. Pedro Pablo Rodr\u00edguez. En la otra punta de la mesa el Dr. Sergio Guerra Vilaboy\u201d. Foto: Del Autor<\/em><\/div>\n<p style=\"text-align: justify;\">&nbsp;<\/p>\n<p style=\"text-align: justify;\"><strong>Por Hassan P\u00e9rez Casabona<\/strong><\/p>\n<p style=\"text-align: justify;\">Acercarse a la historia de los pueblos, y de sus grandes personalidades, es una aventura plet\u00f3rica de emociones mediante la cual, con independencia del camino que se transite, invariablemente crecemos. Desandar esas p\u00e1ginas, y el enorme acervo contenido en ellas, nos permite redescubrir acontecimientos junto a hombres y mujeres de carne y hueso, sin los cuales no ser\u00edamos en modo alguno quienes somos hoy.<\/p>\n<p style=\"text-align: justify;\">Es una traves\u00eda fabulosa mediante la cual se revelan rostros, hechos y procesos que se entretejen, confirmando el car\u00e1cter simb\u00f3lico de nuestro pasado. La fortaleza de ese viaje a los or\u00edgenes estriba (es algo que por fortuna se comprende cada vez con mayor claridad) en dibujar los contornos de cada cual desde la amplia policrom\u00eda inherente a la actividad humana, alej\u00e1ndonos de los retratos ramplones y edulcorados en los que cada perfil se traza de forma id\u00edlica, a la usanza de los cuentos de hadas y no contemplando la crudeza de lo sucedido.<!--more--><\/p>\n<p style=\"text-align: justify;\">La historia no es una bola de cristal para predecir el futuro pero si una extraordinaria fuente que nos permite proponernos construir, de manera consciente, senderos propios en la misma medida que somos capaces de conocer con rigor lo que ocurri\u00f3. No se trata, una vez nos apropiamos de ese legado, de juzgar inmisericordemente cada pasaje a luz de la contemporaneidad (tal procedimiento anti dial\u00e9ctico no conduce a ning\u00fan destino, que no sea quebrar el delicado e insustituible puente que descansa en la relaci\u00f3n pasado-\u00b4presente-futuro, sin el cual nos ir\u00edamos de bruces ante los enormes desaf\u00edos por afrontar) sino de aprehender, en toda su diversidad la manera en que, en un tiempo hist\u00f3rico concreto, actuaron nuestro predecesores.<\/p>\n<p style=\"text-align: justify;\">Ello no niega el an\u00e1lisis cr\u00edtico de lo precedente \u2013por el contrario- sino que coloca el centro de la diana en el examen detallado sobre los m\u00faltiples elementos y actores inmersos en esas circunstancias, y no en el relato maniqueo que intenta presentar las situaciones bajo la sola divisi\u00f3n de \u201cbuenos\u201d y \u201cmalos\u201d.<\/p>\n<p style=\"text-align: justify;\">En el caso de los pueblos de Nuestra Am\u00e9rica, a\u00fan con potencia superior, la historia es fuente pre\u00f1ada de momentos de gloria, escritos tanto por figuras c\u00e9lebres como por personas sin nombre. Ello explica por qu\u00e9 penetrar en sus vericuetos, e intentar esclarecer varios de sus enigmas (y las resonancias emanadas de ellos) constituye misi\u00f3n inaplazable en el af\u00e1n de arribar a puerto seguro, en \u00e9poca en que la globalizaci\u00f3n seudocultural y la banalizaci\u00f3n a ultranza dentro de la sociedad de consumo aspiran a que, de uno a otro conf\u00edn de la geograf\u00eda planetaria, todos nos preocupemos solo por el \u00faltimo auto o tel\u00e9fono m\u00f3vil\u00a0 en el mercado.<\/p>\n<p style=\"text-align: justify;\">Ese tipo de ciudadano (acr\u00edtico, descafeinado y quien adora al nuevo dios que anida en las catedrales modernas que representan los\u00a0<em>mall<\/em> y los centros de\u00a0<em>fast food<\/em>, por ejemplo) est\u00e1 en las ant\u00edpodas de los seres humanos pensantes, comprometidos y con capacidad para razonar, y transformar sus entornos, como protagonistas de sus\u00a0 porvenir, que nos hemos propuesto formar en la Patria Grande, desde la etapa de Miranda, Hidalgo, Bol\u00edvar, Sucre, San Mart\u00edn, O\u00b4Higgins, Alfaro, Moraz\u00e1n y Mart\u00ed \u2013pasando por Sandino, Albizu Campos, Mella, Allende o Torrijos- hasta el bregar de Fidel, Ch\u00e1vez y Correa.<\/p>\n<p style=\"text-align: justify;\"><strong>\u201cEl Paraguay echa atr\u00e1s su melena revuelta\u201d, Jos\u00e9 Mart\u00ed<\/strong><\/p>\n<p style=\"text-align: justify;\">Con la intenci\u00f3n de continuar profundizando en los vasos comunicantes entre nuestros pueblos (justo cuando los vilipendiadores se empecinan en dividirnos empleando tanto la virulencia y el proceder de sus \u201cgorilas\u201d como instrumentos m\u00e1s refinados) se celebr\u00f3 hace unas horas un emotivo encuentro en el Centro de Estudios Martianos (CEM) con el tema: \u201cJos\u00e9 Mart\u00ed y su actuaci\u00f3n como c\u00f3nsul de Paraguay en Nueva York\u201d.<\/p>\n<p style=\"text-align: justify;\">Un panel de lujo integrado por los doctores Sergio Guerra Vilaboy, jefe del Departamento de Historia de la Universidad de La Habana y presidente de la Asociaci\u00f3n de Historiadores Latinoamericanos y del Caribe (ADHILAC); Pedro Pablo Rodr\u00edguez, acreedor de los Premios Nacionales de Historia y Ciencias Sociales, y Bernardino Cano, embajador de Paraguay en nuestro pa\u00eds, reflexion\u00f3 con amplitud sobre un aspecto insuficientemente conocido en la vida del Ap\u00f3stol. Las luces que aport\u00f3 este intercambio, sin lugar a dudas, har\u00e1n que otros investigadores prosigan acerc\u00e1ndose a dicha tem\u00e1tica.<\/p>\n<p style=\"text-align: justify;\">En los comentarios iniciales Guerra Vilaboy se adentr\u00f3 en el complejo contexto que atravesaba la hermana naci\u00f3n, en el instante en que el revolucionario antillano asumi\u00f3 esa responsabilidad.\u00a0 \u201cEs curioso que Mart\u00ed fuera c\u00f3nsul en ese momento. Paraguay en esa \u00e9poca estaba saliendo de las cenizas despu\u00e9s de la Guerra de la Triple Alianza, (en la que intervinieron Brasil, Argentina y Uruguay bajo la \u00e9gida de Inglaterra) la cual lo dej\u00f3 totalmente devastado, al punto de que se produjo en aquella tierra un verdadero holocausto en el que la mayor parte de la poblaci\u00f3n\u00a0 masculina fue aniquilada (los ni\u00f1os se pon\u00edan barbas para que los identificaran como combatientes) y al pa\u00eds le cercenaron una parte de su territorio\u201d.<\/p>\n<p style=\"text-align: justify;\">El reconocido catedr\u00e1tico ahond\u00f3 sobre el desarrollo que alcanz\u00f3 Paraguay previo a dicho conflicto, as\u00ed como en otras aristas de aquellos a\u00f1os, las cuales examina en varias de las obras que integran su profusa producci\u00f3n historiogr\u00e1fica, conformada por casi una veintena de libros de su autor\u00eda y otro n\u00famero similar como coautor. En uno de ellos capta la esencia de lo que sucedi\u00f3 entonces en ese territorio austral.<\/p>\n<p style=\"text-align: justify;\">\u201cLa etapa final de las transformaciones liberales en Am\u00e9rica Latina coincidi\u00f3 con el fin del capitalismo de libre concurrencia y los comienzos de la penetraci\u00f3n imperialista, fen\u00f3menos que se manifestaron en un grave enfrentamiento fratricida entre cuatro pa\u00edses de la Am\u00e9rica del Sur. Detr\u00e1s de ese conflicto actuaban los intereses de los sectores olig\u00e1rquicos liberales y los apetitos expansionistas de los comerciantes y capitalistas for\u00e1neos, afincados en Brasil y Argentina. La Guerra de la Triple Alianza contra Paraguay, desarrollada entre 1864 y 1870, fue una de las primeras expresiones de los intereses de las nacientes potencias capitalistas volcadas brutalmente sobre los pa\u00edses latinoamericanos. La historia de este devastador conflicto, instigado por Inglaterra, tiene que ver con los inicios del reparto del mundo en zonas de influencia por las naciones industrializadas, necesitadas de mercados, fuentes de materias primas y terreno para sus inversiones, a lo que se resist\u00eda, casi en solitario, la Rep\u00fablica de Paraguay, situada en el coraz\u00f3n de la Am\u00e9rica del Sur\u201d.<\/p>\n<p style=\"text-align: justify;\">El tambi\u00e9n Premio Extraordinario Bicentenario de la Emancipaci\u00f3n Hispanoamericana, convocado en el 2010 por Casa de las Am\u00e9ricas, brind\u00f3 en su exposici\u00f3n elementos sobre el nivel alcanzado por ese pa\u00eds.\u00a0 En la citada obra puede leerse: \u201cFue una etapa de auge econ\u00f3mico en la cual, con recursos estatales, se abri\u00f3 una fundici\u00f3n en Ybicui, se fabricaron barcos de acero, se instal\u00f3 el tel\u00e9grafo y comenz\u00f3 a operar entre 1854 y 1861 el primer ferrocarril del R\u00edo de la Plata\u201d. \u00a0<a name=\"_ednref1\" href=\"http:\/\/www.trabajadores.cu\/20170613\/canto-la-hermandad-cuba-paraguay\/#_edn1\">[i]<\/a><\/p>\n<p style=\"text-align: justify;\">Pedro Pablo Rodr\u00edguez, por su parte, realiz\u00f3 su disertaci\u00f3n bajo el t\u00edtulo: \u201cParaguay y paraguayos en Jos\u00e9 Mart\u00ed\u201d. El responsable de la Edici\u00f3n Cr\u00edtica de las Obras Completas de nuestro H\u00e9roe Nacional, se\u00f1al\u00f3: \u201cEs muy poco lo que conocemos sobre ese desempe\u00f1o diplom\u00e1tico. Mart\u00ed fue nombrado para ese cargo el 30 de julio de 1890 por el presidente paraguayo. No sabemos bien hasta cuando se extendi\u00f3. Es posible inferir que renunci\u00f3 al mismo, al igual que hizo con el de Uruguay y Argentina, a partir de las maniobras de la embajada espa\u00f1ola, luego de su discurso del 10 de octubre de 1891\u201d.<a name=\"_ednref2\" href=\"http:\/\/www.trabajadores.cu\/20170613\/canto-la-hermandad-cuba-paraguay\/#_edn2\">[ii]<\/a><\/p>\n<p style=\"text-align: justify;\">Rodr\u00edguez se sumergi\u00f3, con la pasi\u00f3n que lo distingue, en la papeler\u00eda martiana, intentando hallar el sustrato de lo que aparece en sus escritos sobre esa naci\u00f3n. En su infatigable quehacer de cinco d\u00e9cadas en estos menesteres sabe a la perfecci\u00f3n que no basta con leer una vez al Ap\u00f3stol, ni contentarse con la primera idea que sugiere un texto, sino que hay que meditar, cotejar con otros apuntes y buscar en las entra\u00f1as, en el af\u00e1n de atrapar el sentido cabal de las valoraciones de un hombre de tanta grandeza.<\/p>\n<p style=\"text-align: justify;\">Bajo esa \u00f3ptica contextualiz\u00f3 la idea martiana, que pronunci\u00f3 en su discurso en el Liceo de Tampa el 26 de noviembre de 1891, en la que dice: \u201cEl Paraguay l\u00fagubre de Francia\u201d (en alusi\u00f3n al doctor Jos\u00e9 Gaspar de Francia, padre de la independencia) o record\u00f3 la que afirma: \u201cHablando del Paraguay no es posible escribir otro art\u00edculo, hay que hacer un canto pues por all\u00e1 andan en la \u00e9poca nueva del poema\u201d.<\/p>\n<p style=\"text-align: justify;\">A lo largo de su presentaci\u00f3n hizo \u00e9nfasis en la necesidad de \u201cdesentra\u00f1ar los misterios martianos\u201d mediante el estudio minucioso de su obra. \u201cMart\u00ed, resumi\u00f3, tuvo una mirada antropol\u00f3gica y cultural hacia el hermano pa\u00eds, al cual se entreg\u00f3 con todo su coraz\u00f3n cuando fungi\u00f3 como c\u00f3nsul en Nueva York\u201d.<\/p>\n<p style=\"text-align: justify;\">El excelent\u00edsimo se\u00f1or Bernardino Cano, jefe de la legaci\u00f3n paraguaya en La Habana, ofreci\u00f3 asimismo una conferencia magistral, demostrando un profundo conocimiento sobre un hecho que interconecta a dos pueblos.<\/p>\n<p style=\"text-align: justify;\">El diplom\u00e1tico, adem\u00e1s de expresar su gratitud por las exposiciones de los acad\u00e9micos cubanos, rindi\u00f3 homenaje al destacado intelectual Fernando Mart\u00ednez Heredia, Premio Nacional de Ciencias Sociales, quien falleci\u00f3 de forma repentina horas antes.<\/p>\n<p style=\"text-align: justify;\">En sus palabras reverenci\u00f3 a las dos figuras relacionadas de manera directa con el nombramiento de Mart\u00ed como representante paraguayo en la Babel de Hierro: Jos\u00e9 Segundo Decoud y Juan Cris\u00f3tomo Centuri\u00f3n, personalidades relevantes en la historia de su pa\u00eds con protagonismo en diferentes campos, incluyendo el de las relaciones exteriores.<\/p>\n<p style=\"text-align: justify;\">Sobre Cris\u00f3tomo (autor de una obra en cuatro tomos considerada la memoria m\u00e1s completa sobre la Guerra Guas\u00fa, como se denomina en guaran\u00ed el mencionado conflicto) revel\u00f3 que durante su estancia en Londres conoci\u00f3 a la santiaguera Concepci\u00f3n de Zayas. \u201cLuego, bajo el cielo y el clima de Santiago de Cuba, escribi\u00f3 una novela que se public\u00f3 con seud\u00f3nimo en Nueva York, que catalogamos como la mejor escritura literaria sobre esa conflagraci\u00f3n. Les dejo esta copia digital de la misma como otro testimonio de los nexos inquebrantables entre ambos pa\u00edses\u201d.<\/p>\n<p style=\"text-align: justify;\">El Dr. Cano elogi\u00f3 al CEM por la posibilidad de llevar adelante este acto (\u201c\u2026era un sue\u00f1o que ten\u00eda desde hace a\u00f1os en Paraguay\u201d, confes\u00f3) y entreg\u00f3 a la instituci\u00f3n el pabell\u00f3n patrio paraguayo para que se colocara en la Sala de Honor, junto al de otras naciones latinoamericanas.<\/p>\n<p style=\"text-align: justify;\">La Dra. Ana S\u00e1nchez Collazo, directora del CEM, agradeci\u00f3 la iniciativa. \u201cEs una de las actividades en saludo al 40 aniversario de la instituci\u00f3n, inaugurada el 19 de julio de 1977. Estas puertas siempre estar\u00e1n abiertas para los empe\u00f1os consagrados a unir a nuestro pueblos\u201d, remarc\u00f3.<\/p>\n<p style=\"text-align: justify;\">En la velada particip\u00f3 una nutrida representaci\u00f3n del Cuerpo Diplom\u00e1tico, entre ellos los embajadores de Chile, Uruguay, el Congo y Rep\u00fablica Dominicana.<\/p>\n<p style=\"text-align: justify;\"><strong>\u20f0<em>El autor es Profesor Auxiliar del Centro de Estudios Hemisf\u00e9ricos y sobre Estados Unidos (CEHSEU) de la Universidad de La Habana.<\/em><\/strong><\/p>\n<p style=\"text-align: justify;\"><strong>Notas, citas y referencias bibliogr\u00e1ficas.<\/strong><\/p>\n<p style=\"text-align: justify;\"><a name=\"_edn1\" href=\"http:\/\/www.trabajadores.cu\/20170613\/canto-la-hermandad-cuba-paraguay\/#_ednref1\">[i]<\/a> Sobre los resultados horribles de la campa\u00f1a b\u00e9lica escribe el reconocido historiador. \u201cComo resultado de esta larga y cruenta guerra, desapareci\u00f3 la mitad de la poblaci\u00f3n paraguaya. El triunfo de la coalici\u00f3n permiti\u00f3 a Brasil y Argentina apoderarse de partes de territorio del pa\u00eds vencido, que estuvo ocupado hasta 1876. Los restos de la naci\u00f3n fueron cubiertos con el manto de una rep\u00fablica liberal por la constituci\u00f3n de 1870, que conced\u00eda a los extranjeros exenci\u00f3n de impuestos y derecho a tener propiedades. Paraguay qued\u00f3 abierto desde entonces al capital for\u00e1neo, sobre todo ingl\u00e9s, que comenz\u00f3 su penetraci\u00f3n mediante empr\u00e9stitos\u00a0 para \u201creconstruir\u201d el pa\u00eds y pagar reparaciones de guerra. A cambio el gobierno paraguayo impuesto por los invasores debi\u00f3 entregar las mejores tierras y el ferrocarril, convertido en la empresa brit\u00e1nica\u00a0<em>The Paraguay Central Railway Company<\/em>\u201d. Sergio Guerra Vilaboy:\u00a0<em>Nueva historia m\u00ednima de Am\u00e9rica Latina<\/em>, Ediciones Bolo\u00f1a, Colecci\u00f3n Ra\u00edces, La Habana, 2014, pp. 235-238.<\/p>\n<p style=\"text-align: justify;\"><a name=\"_edn2\" href=\"http:\/\/www.trabajadores.cu\/20170613\/canto-la-hermandad-cuba-paraguay\/#_ednref2\">[ii]<\/a> El tambi\u00e9n destacado investigador Ibrahim Hidalgo Paz, presente en el acto, escribe en su cronolog\u00eda martiana sobre aquellos d\u00edas. \u201cOctubre 10: Hace el resumen del acto dedicado a la fecha patri\u00f3tica, que se celebra en\u00a0<em>Hardman Hall<\/em>, peque\u00f1o para la numerosa concurrencia. (El c\u00f3nsul espa\u00f1ol en Nueva York se queja ante el gobierno de Uruguay por las palabras de su representante diplom\u00e1tico. El Ministro Plenipotenciario de la pen\u00ednsula en Washington dirige similar protesta a su hom\u00f3logo de la rep\u00fablica de Argentina. Octubre 11: Comunica por tel\u00e9grafo al Ministro porte\u00f1o su renuncia al cargo de c\u00f3nsul de esa naci\u00f3n. Posiblemente este mismo d\u00eda presenta igual decisi\u00f3n ante los funcionarios de Paraguay y Uruguay. (En el caso de esta \u00faltima, \u201cla mano encargada de dar curso a la renuncia la retuvo\u201d. (E, III, 52) (Ver: 1892. Marzo 1 y 1894. Noviembre 19.). Octubre 17: Ratifica al Ministro de Argentina en Washington su decisi\u00f3n de no continuar ocupando el cargo que desempe\u00f1aba en el consulado neoyorquino, pues ve con preocupaci\u00f3n la posibilidad de que sus actividades independentistas sean motivo de conflicto entre el pa\u00eds austral y la monarqu\u00eda espa\u00f1ola. Octubre 20: Vicente G. Quesada le comunica la aceptaci\u00f3n de su renuncia, a la vez que le expresa su agradecimiento por el desempe\u00f1o de su cargo y por sus sentimientos amistosos hacia la rep\u00fablica Argentina\u201d.\u00a0 Ibrahim Hidalgo Paz:\u00a0<em>Jos\u00e9 Mart\u00ed, 1853-1895, Cronolog\u00eda<\/em>, Centro de Estudios Martianos, La Habana, 2003, pp. 143-144.<\/p>\n<p style=\"text-align: justify;\">&nbsp;<\/p>\n<p style=\"text-align: justify;\">Fuente:\u00a0Publicado el\u00a013 Junio, 2017\u00a0\u2022 \u00a0http:\/\/www.trabajadores.cu\/20170613\/canto-la-hermandad-cuba-paraguay\/<\/p>\n","protected":false},"excerpt":{"rendered":"<p>Un canto a la hermandad entre Cuba y Paraguay &nbsp; \u201cLa Dra. Ana S\u00e1nchez Collazo recibe el pabell\u00f3n patrio paraguayo entregado por el embajador Cano, quien se encuentra a su izquierda. A la derecha le acompa\u00f1a el Dr. Pedro Pablo Rodr\u00edguez. En la otra punta de la mesa el Dr. Sergio Guerra Vilaboy\u201d. Foto: Del [&hellip;]<\/p>\n","protected":false},"author":2,"featured_media":0,"comment_status":"closed","ping_status":"closed","sticky":false,"template":"","format":"standard","meta":{"_crdt_document":"","footnotes":""},"categories":[18,40],"tags":[63,64,159],"class_list":["post-12957","post","type-post","status-publish","format-standard","hentry","category-adhilac-cuba","category-informaciones","tag-cuba","tag-jose-marti","tag-paraguay"],"_links":{"self":[{"href":"https:\/\/adhilac.com.ar\/index.php?rest_route=\/wp\/v2\/posts\/12957","targetHints":{"allow":["GET"]}}],"collection":[{"href":"https:\/\/adhilac.com.ar\/index.php?rest_route=\/wp\/v2\/posts"}],"about":[{"href":"https:\/\/adhilac.com.ar\/index.php?rest_route=\/wp\/v2\/types\/post"}],"author":[{"embeddable":true,"href":"https:\/\/adhilac.com.ar\/index.php?rest_route=\/wp\/v2\/users\/2"}],"replies":[{"embeddable":true,"href":"https:\/\/adhilac.com.ar\/index.php?rest_route=%2Fwp%2Fv2%2Fcomments&post=12957"}],"version-history":[{"count":4,"href":"https:\/\/adhilac.com.ar\/index.php?rest_route=\/wp\/v2\/posts\/12957\/revisions"}],"predecessor-version":[{"id":12961,"href":"https:\/\/adhilac.com.ar\/index.php?rest_route=\/wp\/v2\/posts\/12957\/revisions\/12961"}],"wp:attachment":[{"href":"https:\/\/adhilac.com.ar\/index.php?rest_route=%2Fwp%2Fv2%2Fmedia&parent=12957"}],"wp:term":[{"taxonomy":"category","embeddable":true,"href":"https:\/\/adhilac.com.ar\/index.php?rest_route=%2Fwp%2Fv2%2Fcategories&post=12957"},{"taxonomy":"post_tag","embeddable":true,"href":"https:\/\/adhilac.com.ar\/index.php?rest_route=%2Fwp%2Fv2%2Ftags&post=12957"}],"curies":[{"name":"wp","href":"https:\/\/api.w.org\/{rel}","templated":true}]}}