{"id":13030,"date":"2017-06-30T11:55:24","date_gmt":"2017-06-30T14:55:24","guid":{"rendered":"https:\/\/adhilac.com.ar\/?p=13030"},"modified":"2017-06-30T11:57:11","modified_gmt":"2017-06-30T14:57:11","slug":"conferencia-%e2%80%9ccomienzos-de-la-esclavitud-atlantica-y-el-papel-de-canarias%e2%80%9d-la-habana-5-de-julio-de-2017","status":"publish","type":"post","link":"https:\/\/adhilac.com.ar\/?p=13030","title":{"rendered":"Conferencia \u201cComienzos de la esclavitud atl\u00e1ntica y el papel de Canarias\u201d. La Habana. 5 de julio de 2017"},"content":{"rendered":"<h3 style=\"text-align: justify;\"><span style=\"color: #339966;\">Dr. Fernando Bruquetas de Castro, Catedr\u00e1tico de la Universidad de Las Palmas de Gran Canaria.<\/span><\/h3>\n<p style=\"text-align: justify;\"><strong>INVITACI\u00d3N<\/strong><\/p>\n<p>La Asociaci\u00f3n de Historiadores Latinoamericanos y del Caribe (ADHILAC) lo invita a la conferencia titulada \u201cComienzos de la esclavitud atl\u00e1ntica y el papel de Canarias\u201d, que estar\u00e1 a cargo del reconocido historiador Dr. Fernando Bruquetas de Castro, Catedr\u00e1tico de la Universidad de Las Palmas de Gran Canaria. La actividad tendr\u00e1 lugar el mi\u00e9rcoles 5 de julio, a las 10 de la ma\u00f1ana, en la Casa Fernando Ortiz, ubicada en L y 27 en el Vedado, La Habana, Cuba.<!--more--><a href=\"https:\/\/adhilac.com.ar\/wp-content\/uploads\/2017\/06\/INVITACION-DE-ADHILAC-Esclavitud-Canarias-2017.doc\">INVITACION DE ADHILAC Esclavitud Canarias 2017<\/a><\/p>\n<p><strong>Publicado por ADHILAC Internacional \u00a9 www.adhilac.com.ar<\/strong><\/p>\n<p>Si Ud. desea asociarse de acuerdo a los Estatutos de ADHILAC\u00a0<a title=\"(ver)\" href=\"https:\/\/adhilac.com.ar\/?page_id=263\">(ver)<\/a> complete el siguiente formulario\u00a0<a title=\"(ver)\" href=\"https:\/\/adhilac.com.ar\/?page_id=3194\">(ver)<\/a><\/p>\n<p>E-mail: info@adhilac.com.ar<strong><\/strong><\/p>\n<p>Twitter: @AdhilacInfo<\/p>\n","protected":false},"excerpt":{"rendered":"<p>Dr. Fernando Bruquetas de Castro, Catedr\u00e1tico de la Universidad de Las Palmas de Gran Canaria. INVITACI\u00d3N La Asociaci\u00f3n de Historiadores Latinoamericanos y del Caribe (ADHILAC) lo invita a la conferencia titulada \u201cComienzos de la esclavitud atl\u00e1ntica y el papel de Canarias\u201d, que estar\u00e1 a cargo del reconocido historiador Dr. Fernando Bruquetas de Castro, Catedr\u00e1tico de [&hellip;]<\/p>\n","protected":false},"author":2,"featured_media":0,"comment_status":"closed","ping_status":"closed","sticky":false,"template":"","format":"standard","meta":{"_crdt_document":"","footnotes":""},"categories":[18,40],"tags":[791,608],"class_list":["post-13030","post","type-post","status-publish","format-standard","hentry","category-adhilac-cuba","category-informaciones","tag-canarias","tag-esclavitud"],"_links":{"self":[{"href":"https:\/\/adhilac.com.ar\/index.php?rest_route=\/wp\/v2\/posts\/13030","targetHints":{"allow":["GET"]}}],"collection":[{"href":"https:\/\/adhilac.com.ar\/index.php?rest_route=\/wp\/v2\/posts"}],"about":[{"href":"https:\/\/adhilac.com.ar\/index.php?rest_route=\/wp\/v2\/types\/post"}],"author":[{"embeddable":true,"href":"https:\/\/adhilac.com.ar\/index.php?rest_route=\/wp\/v2\/users\/2"}],"replies":[{"embeddable":true,"href":"https:\/\/adhilac.com.ar\/index.php?rest_route=%2Fwp%2Fv2%2Fcomments&post=13030"}],"version-history":[{"count":3,"href":"https:\/\/adhilac.com.ar\/index.php?rest_route=\/wp\/v2\/posts\/13030\/revisions"}],"predecessor-version":[{"id":13033,"href":"https:\/\/adhilac.com.ar\/index.php?rest_route=\/wp\/v2\/posts\/13030\/revisions\/13033"}],"wp:attachment":[{"href":"https:\/\/adhilac.com.ar\/index.php?rest_route=%2Fwp%2Fv2%2Fmedia&parent=13030"}],"wp:term":[{"taxonomy":"category","embeddable":true,"href":"https:\/\/adhilac.com.ar\/index.php?rest_route=%2Fwp%2Fv2%2Fcategories&post=13030"},{"taxonomy":"post_tag","embeddable":true,"href":"https:\/\/adhilac.com.ar\/index.php?rest_route=%2Fwp%2Fv2%2Ftags&post=13030"}],"curies":[{"name":"wp","href":"https:\/\/api.w.org\/{rel}","templated":true}]}}