{"id":13058,"date":"2017-07-09T09:37:37","date_gmt":"2017-07-09T12:37:37","guid":{"rendered":"https:\/\/adhilac.com.ar\/?p=13058"},"modified":"2017-07-09T09:44:45","modified_gmt":"2017-07-09T12:44:45","slug":"1816-2017-independencia-de-las-provincias-unidas-en-sud-america-argentina","status":"publish","type":"post","link":"https:\/\/adhilac.com.ar\/?p=13058","title":{"rendered":"1816-2017 Independencia de las Provincias Unidas en Sud Am\u00e9rica (Argentina)"},"content":{"rendered":"<p style=\"text-align: justify;\"><a href=\"https:\/\/adhilac.com.ar\/wp-content\/uploads\/2017\/07\/DSC03779.jpg\"><img loading=\"lazy\" decoding=\"async\" class=\"alignleft size-full wp-image-13066\" title=\"DSC03779\" src=\"https:\/\/adhilac.com.ar\/wp-content\/uploads\/2017\/07\/DSC03779.jpg\" alt=\"\" width=\"336\" height=\"252\" srcset=\"https:\/\/adhilac.com.ar\/wp-content\/uploads\/2017\/07\/DSC03779.jpg 2592w, https:\/\/adhilac.com.ar\/wp-content\/uploads\/2017\/07\/DSC03779-300x225.jpg 300w, https:\/\/adhilac.com.ar\/wp-content\/uploads\/2017\/07\/DSC03779-1024x768.jpg 1024w\" sizes=\"auto, (max-width: 336px) 100vw, 336px\" \/><\/a> <em>Izquierda: Casa Hist\u00f3rica\u00a0de Tucum\u00e1n. Sal\u00f3n\u00a0donde se proclama la Independencia de Espa\u00f1a de toda otra dominaci\u00f3n\u00a0extranjera<\/em><\/p>\n<p style=\"text-align: center;\"><strong>DECLARACI\u00d3N\u00a0DE LA INDEPENDENCIA<\/strong><br \/>\n<strong>DE LAS PROVINCIAS UNIDAS<\/strong><br \/>\n<strong>EN AM\u00c9RICA\u00a0DEL SUD<\/strong><\/p>\n<p style=\"text-align: justify;\">Nos los representantes de las Provincias Unidas en Sud Am\u00e9rica, reuni\u00f3n en congreso general, invocando al Eterno que preside el universo, en nombre y autoridad de los pueblos que representamos, protestando al Cielo, a las naciones y hombres todos del globo la justicia que regla nuestros votos: declaramos a la faz de la tierra, que es voluntad un\u00e1nime e indubitable de estas Provincias romper los violentos v\u00ednculos que los ligaban a los reyes de Espa\u00f1a, recuperar los derechos de que fueron despojados, e investirse del alto car\u00e1cter de una naci\u00f3n libre e independiente del rey Fernando s\u00e9ptimo, sus sucesores y metr\u00f3poli. <!--more-->Quedan en consecuencia de hecho y de derecho con amplio y pleno poder para darse las formas que exija la justicia e impere el c\u00famulo de sus actuales circunstancias. Todas, y cada una de ellas, as\u00ed lo publican, declaran y ratifican comprometi\u00e9ndose por nuestro medio al cumplimiento y sost\u00e9n de esta voluntad, baxo el seguro y garant\u00eda de sus vidas haberes y fama. Comun\u00edquese a quienes corresponda para su publicaci\u00f3n. Y en obsequio del respeto que se debe a las naciones, det\u00e1llense en un manifiesto los grav\u00edsimos fundamentos impulsivos de esta solemne declaraci\u00f3n.\u201d Dada en la sala de sesiones, firmada de nuestra mano, sellada con el sello del Congreso y refrendada por nuestros diputados secretarios.<\/p>\n<p>Modificaci\u00f3n del 19 de julio por propuesta del diputado Pedro Medrano se agrega: \u201c\u2026y toda otra dominaci\u00f3n extranjera.\u201d<\/p>\n<p><a href=\"https:\/\/adhilac.com.ar\/wp-content\/uploads\/2017\/07\/DSC03789.jpg\"><img loading=\"lazy\" decoding=\"async\" class=\"size-full wp-image-13067 alignnone\" title=\"DSC03789\" src=\"https:\/\/adhilac.com.ar\/wp-content\/uploads\/2017\/07\/DSC03789.jpg\" alt=\"\" width=\"448\" height=\"336\" srcset=\"https:\/\/adhilac.com.ar\/wp-content\/uploads\/2017\/07\/DSC03789.jpg 2592w, https:\/\/adhilac.com.ar\/wp-content\/uploads\/2017\/07\/DSC03789-300x225.jpg 300w, https:\/\/adhilac.com.ar\/wp-content\/uploads\/2017\/07\/DSC03789-1024x768.jpg 1024w\" sizes=\"auto, (max-width: 448px) 100vw, 448px\" \/><\/a><\/p>\n<p><em>Arriba. Vista actual de uno de los patios de la casa donde se jura la independencia de las Provincias Unidas en Sud Am\u00e9rica.<\/em><\/p>\n<p><em>Abajo Acta de la Independencia de las Provincias Unidas<\/em><\/p>\n<p><em><a href=\"https:\/\/adhilac.com.ar\/wp-content\/uploads\/2017\/07\/300px-Acta_Independencia_argentina_quechua.jpg\"><img loading=\"lazy\" decoding=\"async\" class=\"size-full wp-image-13071 aligncenter\" title=\"300px-Acta_Independencia_argentina_quechua\" src=\"https:\/\/adhilac.com.ar\/wp-content\/uploads\/2017\/07\/300px-Acta_Independencia_argentina_quechua.jpg\" alt=\"\" width=\"300\" height=\"428\" srcset=\"https:\/\/adhilac.com.ar\/wp-content\/uploads\/2017\/07\/300px-Acta_Independencia_argentina_quechua.jpg 300w, https:\/\/adhilac.com.ar\/wp-content\/uploads\/2017\/07\/300px-Acta_Independencia_argentina_quechua-210x300.jpg 210w\" sizes=\"auto, (max-width: 300px) 100vw, 300px\" \/><\/a><br \/>\n<\/em><\/p>\n<p><strong>Publicado por ADHILAC Internacional \u00a9 www.adhilac.com.ar<\/strong><\/p>\n<p>Si Ud. desea asociarse de acuerdo a los Estatutos de ADHILAC\u00a0<a title=\"(ver)\" href=\"https:\/\/adhilac.com.ar\/?page_id=263\">(ver)<\/a> complete el siguiente formulario\u00a0<a title=\"(ver)\" href=\"https:\/\/adhilac.com.ar\/?page_id=3194\">(ver)<\/a><\/p>\n<p>E-mail: info@adhilac.com.ar<strong> <\/strong><\/p>\n<p>Twitter: @AdhilacInfo<\/p>\n<p><em><br \/>\n<\/em><\/p>\n<p><strong>Publicado por ADHILAC Internacional \u00a9 www.adhilac.com.ar<\/strong><\/p>\n<p>Si Ud. desea asociarse de acuerdo a los Estatutos de ADHILAC\u00a0<a title=\"(ver)\" href=\"https:\/\/adhilac.com.ar\/?page_id=263\">(ver)<\/a> complete el siguiente formulario\u00a0<a title=\"(ver)\" href=\"https:\/\/adhilac.com.ar\/?page_id=3194\">(ver)<\/a><\/p>\n<p>E-mail: info@adhilac.com.ar<strong> <\/strong><\/p>\n<p>Twitter: @AdhilacInfo<\/p>\n<p style=\"text-align: justify;\">&nbsp;<\/p>\n<p>&nbsp;<\/p>\n","protected":false},"excerpt":{"rendered":"<p>Izquierda: Casa Hist\u00f3rica\u00a0de Tucum\u00e1n. Sal\u00f3n\u00a0donde se proclama la Independencia de Espa\u00f1a de toda otra dominaci\u00f3n\u00a0extranjera DECLARACI\u00d3N\u00a0DE LA INDEPENDENCIA DE LAS PROVINCIAS UNIDAS EN AM\u00c9RICA\u00a0DEL SUD Nos los representantes de las Provincias Unidas en Sud Am\u00e9rica, reuni\u00f3n en congreso general, invocando al Eterno que preside el universo, en nombre y autoridad de los pueblos que representamos, [&hellip;]<\/p>\n","protected":false},"author":2,"featured_media":0,"comment_status":"closed","ping_status":"closed","sticky":false,"template":"","format":"standard","meta":{"_crdt_document":"","footnotes":""},"categories":[15],"tags":[67,795],"class_list":["post-13058","post","type-post","status-publish","format-standard","hentry","category-historia","tag-argentina","tag-declaracion-de-independencia"],"_links":{"self":[{"href":"https:\/\/adhilac.com.ar\/index.php?rest_route=\/wp\/v2\/posts\/13058","targetHints":{"allow":["GET"]}}],"collection":[{"href":"https:\/\/adhilac.com.ar\/index.php?rest_route=\/wp\/v2\/posts"}],"about":[{"href":"https:\/\/adhilac.com.ar\/index.php?rest_route=\/wp\/v2\/types\/post"}],"author":[{"embeddable":true,"href":"https:\/\/adhilac.com.ar\/index.php?rest_route=\/wp\/v2\/users\/2"}],"replies":[{"embeddable":true,"href":"https:\/\/adhilac.com.ar\/index.php?rest_route=%2Fwp%2Fv2%2Fcomments&post=13058"}],"version-history":[{"count":8,"href":"https:\/\/adhilac.com.ar\/index.php?rest_route=\/wp\/v2\/posts\/13058\/revisions"}],"predecessor-version":[{"id":13072,"href":"https:\/\/adhilac.com.ar\/index.php?rest_route=\/wp\/v2\/posts\/13058\/revisions\/13072"}],"wp:attachment":[{"href":"https:\/\/adhilac.com.ar\/index.php?rest_route=%2Fwp%2Fv2%2Fmedia&parent=13058"}],"wp:term":[{"taxonomy":"category","embeddable":true,"href":"https:\/\/adhilac.com.ar\/index.php?rest_route=%2Fwp%2Fv2%2Fcategories&post=13058"},{"taxonomy":"post_tag","embeddable":true,"href":"https:\/\/adhilac.com.ar\/index.php?rest_route=%2Fwp%2Fv2%2Ftags&post=13058"}],"curies":[{"name":"wp","href":"https:\/\/api.w.org\/{rel}","templated":true}]}}