{"id":13060,"date":"2017-07-09T09:29:13","date_gmt":"2017-07-09T12:29:13","guid":{"rendered":"https:\/\/adhilac.com.ar\/?p=13060"},"modified":"2017-08-08T21:21:17","modified_gmt":"2017-08-09T00:21:17","slug":"bandera-de-la-libertad-civil-legada-por-manuel-belgrano-a-jujuy","status":"publish","type":"post","link":"https:\/\/adhilac.com.ar\/?p=13060","title":{"rendered":"Bandera de la libertad civil legada por Manuel Belgrano a Pueblos Originarios de Jujuy"},"content":{"rendered":"<h3 style=\"text-align: justify;\"><span style=\"color: #339966;\"><a href=\"https:\/\/adhilac.com.ar\/wp-content\/uploads\/2017\/07\/bandera-de-la-libertad-civil_Jujuy-Casabindo.jpg\"><img loading=\"lazy\" decoding=\"async\" class=\"size-full wp-image-13061 alignleft\" title=\"bandera-de-la-libertad-civil_Jujuy-Casabindo\" src=\"https:\/\/adhilac.com.ar\/wp-content\/uploads\/2017\/07\/bandera-de-la-libertad-civil_Jujuy-Casabindo.jpg\" alt=\"\" width=\"303\" height=\"340\" srcset=\"https:\/\/adhilac.com.ar\/wp-content\/uploads\/2017\/07\/bandera-de-la-libertad-civil_Jujuy-Casabindo.jpg 303w, https:\/\/adhilac.com.ar\/wp-content\/uploads\/2017\/07\/bandera-de-la-libertad-civil_Jujuy-Casabindo-267x300.jpg 267w\" sizes=\"auto, (max-width: 303px) 100vw, 303px\" \/><\/a>Afirman que Belgrano leg\u00f3 la Bandera de la Libertad Civil tambi\u00e9n a los pueblos originarios<\/span><\/h3>\n<div style=\"text-align: justify;\">\n<p>Ra\u00fal Solano es integrante de pueblos originarios de Casabindo y junto con un grupo de personas se dedica desde hace unos a\u00f1os a la promoci\u00f3n de turismo religioso en nuestra provincia, que es abordado desde distintas tem\u00e1ticas<\/p>\n<div>\n<div>\n<div id=\"img\">\n<div>\n<div id=\"content-carousel\">\n<div><a href=\"http:\/\/www.jujuyalmomento.com\/upload\/img\/bandera-de-la-libertad-civil_7377.jpg\"><\/a><\/div>\n<\/div>\n<\/div>\n<\/div>\n<\/div>\n<\/div>\n<div id=\"share\">Ra\u00fal Solano es integrante de pueblos originarios de Casabindo, en la provincia de Jujuy, y junto a un grupo de personas se dedican desde hace unos a\u00f1os a la promoci\u00f3n de turismo religioso en nuestra provincia, que es abordado desde distintas tem\u00e1ticas que hacen a la materia.<!--more--><\/div>\n<div>Es as\u00ed que estudiando esta disciplina, lograron realizar una vinculaci\u00f3n entre el turismo religioso y el legado que el General Manuel Belgrano le dej\u00f3 a la provincia de Jujuy: la Bandera de la Libertad Civil.&nbsp;<\/p>\n<p>Solano dialog\u00f3 con\u00a0<em>Jujuy al Momento<\/em> y realiz\u00f3 un relato en el que coment\u00f3 acerca de c\u00f3mo Belgrano elabor\u00f3 la Bandera de la Libertad Civil, bas\u00e1ndose en sus conocimientos sobre her\u00e1ldica (ciencia que estudia c\u00f3mo elaborar una bandera).<\/p>\n<p>Solano coment\u00f3 a nuestro medio que \u201cel General Belgrano era una persona muy religiosa, dado su nombre, Manuel Jos\u00e9 Joaqu\u00edn del Coraz\u00f3n de Jes\u00fas Belgrano, quien conoc\u00eda mucho de her\u00e1ldica. La her\u00e1ldica es una ciencia sobre c\u00f3mo hacer una bandera, a diferencia de la vexilolog\u00eda, que es el estudio de las banderas que ya est\u00e1n hechas\u201d.<\/p>\n<p>\u201cBelgrano conoc\u00eda ese tema, por eso como el Virreinato se llamaba R\u00edo de la Plata, \u00e9l sab\u00eda que en her\u00e1ldica eso es color blanco y nosotros pertenec\u00edamos al Kollasuyo, es decir todo el Alto Per\u00fa pertenec\u00eda a la parte sur del imperio del Tawantisuyo. Esa bandera del Tawantisuyo es lo que nosotros llamamos la \u2018bandera de los siete colores\u2019 o \u2018whipala\u2019. La parte que nos correspond\u00eda a nosotros era con la diagonal blanca, por eso es que Belgrano cuando manda a hacer la Bandera de la Libertad Civil la hace de un fondo blanco, en donde el gorro que se encuentra ah\u00ed no es un \u2018gorro frigio\u2019 como muchos dicen, sino que es un gorro que lleva el nombre de mascaypacha, que es s\u00edmbolo del poder del Inca. Tiene dos borlas de oro que significaban el dominio sobre las ciatro zonas del Tawantisuyo, por las cuales el Inca dominaba esas tierras\u201d, indic\u00f3.<\/p>\n<p>Asimismo, el integrante de pueblos originarios de Casabindo sostuvo que \u201cBelgrano, junto con San Mart\u00edn, cuando se iba a declarar la independencia, estaban a favor de formar una monarqu\u00eda inc\u00e1sica, lo cual se lo hab\u00edan propuesto a Tupac Amaru, que en ese tiempo estaba viviendo en Perico. Pero como la mayor\u00eda de la gente que ven\u00eda era de Buenos Aires, no se dio lugar a esa petici\u00f3n y se hizo la independencia\u201d.<\/p>\n<p>\u201cPor otro lado, en la Plaza Belgrano en ambos lados del lugar donde se encuentra el Monumento a Belgrano, est\u00e1 el arc\u00e1ngel Uriel y la arcangelina Gracia con el cuerno de la abundancia, que es a quienes Belgrano se encomend\u00f3 cuando hizo el \u00c9xodo Juje\u00f1o y ped\u00eda la provisi\u00f3n para la gente que viajaba\u201d.<\/p>\n<p>\u201cTodo esto que nosotros sabemos de Belgrano por el tema de la Bandera de la Libertad Civil, tambi\u00e9n podemos decir que en la Puna, cuando se marca el ganado o se marcan las haciendas, las banderas son blancas con tiritas de siete colores arriba y nadie sabe por qu\u00e9 es, eso es por la pertenencia que tenemos al Kollasuyo\u201d, se\u00f1al\u00f3.<\/p>\n<h4>Por qu\u00e9 no tiene difusi\u00f3n<\/h4>\n<p>Consultado acerca de por qu\u00e9 esta versi\u00f3n no tiene mucha difusi\u00f3n, Solano explic\u00f3 que \u201chay un libro del se\u00f1or Bascary donde \u00e9l comenta qu\u00e9 es el Mascaypacha y la forma del dominio inca, pero no se comenta porque no son originarios los que hablan y no son originarios los que hacen los libros. Es decir, nosotros hablamos de c\u00f3mo lo dej\u00f3 para nosotros el General Belgrano, es m\u00e1s, si nos remitimos hasta hace unos pocos d\u00edas cuando fue la celebraci\u00f3n del D\u00eda del Himno Nacional, tenemos que tener en cuenta que el Monumento a la Independencia que se encuentra en Humahuaca est\u00e1 basado en las estrofas del himno nacional donde dice \u2018se conmueven del Inca las tumbas\u2019, que est\u00e1 en la parte del frente del monumento, del costado de bajo relieve derecho est\u00e1n los j\u00f3venes originarios gauchos menores de 18 a\u00f1os que formaron el batall\u00f3n de j\u00f3venes que pelearon con Belgrano en Piedras. En el himno tambi\u00e9n dice \u2018ambas Piedras, Salta y Tucum\u00e1n\u2019, se est\u00e1 refiriendo a la Batalla de Las Piedras en Salta y Tucum\u00e1n, del otro lado est\u00e1 el General \u00c1lvarez Prado con los gauchos y el originario. Nadie sabe qui\u00e9n es el \u2018indio\u2019, como lo llaman, es un originario que tiene el tama\u00f1o de los dioses, se\u00f1ala ad\u00f3nde sale el Inti y en la mano derecha lleva el acta de la Independencia traducida al quechua porque nosotros sab\u00edamos ese idioma, no sab\u00edamos el castellano\u201d.<\/p>\n<p>\u201cTodo esto est\u00e1 en la Biblioteca del Congreso, donde dice que el Mascaypacha es la forma en la que Belgrano elabor\u00f3 la Bandera de la Libertad Civil ac\u00e1 en Jujuy. Nosotros hacemos turismo religioso, por eso entramos en la religi\u00f3n porque Belgrano era un tipo muy religioso. Hasta se llega a decir que el origen de los colores celeste y blanco, como antes los que acced\u00edan a la Biblia eran \u00fanicamente los sacerdotes y alguna parte de la sociedad civil que estaba educada, tiene que ver con que Belgrano hace un parang\u00f3n entre lo que signific\u00f3 el \u00e9xodo de los israel\u00edes a la tierra prometida con su bandera blanca y celeste con una estrella\u201d, puntualiz\u00f3.<\/p>\n<p>Solano prosigui\u00f3 con su explicaci\u00f3n, destacando que \u201cesto en la her\u00e1ldica era una forma de llegar a lo que el General Belgrano era muy religioso. Cuando ordena con el \u00e9xodo salvar al ej\u00e9rcito, no a la gente, porque \u00e9l llev\u00f3 a la gente porque nos tuvo compasi\u00f3n, pero en Tucum\u00e1n se le une la gente y por una cuesti\u00f3n de que al d\u00eda siguiente era el 24 de septiembre el d\u00eda de la Virgen de la Merced, patrona de todos los oprimidos y de los que quieren liberarse de cualquier opresi\u00f3n, \u00e9l piensa en eso y le ofrece la batalla. Por eso es que el bast\u00f3n de mando del General Belgrano, al final de la batalla del 24 de septiembre en Tucum\u00e1n, se lo ofrece a la Virgen. Eso tambi\u00e9n est\u00e1 escrito, todo se basa en los colores y en los arc\u00e1ngeles\u201d.<\/p>\n<p>\u201cBelgrano cuando don\u00f3 la bandera, en realidad la don\u00f3 a los citadinos y \u2018al enorme sacrificio que hicieron los pueblos originarios, los cuales sirvieron a mis batallones en las batallas de Salta y Tucum\u00e1n\u2019, eso est\u00e1 escrito y es algo muy importante\u201d, afirm\u00f3.<\/p>\n<h4>S\u00edmbolo patrio<\/h4>\n<p>Finalmente, el originario de Casabindo se mostr\u00f3 satisfecho con la decisi\u00f3n del Congreso de la Naci\u00f3n, que declar\u00f3 a la Bandera de la Libertad Civil como \u201cs\u00edmbolo patrio\u201d, subrayando que \u201csi bien es cierto es tarde, todo llega, nosotros lo que quer\u00edamos realmente es manifestar nuestra alegr\u00eda porque nosotros hemos sido parte de lo que el General Belgrano nos leg\u00f3. Los pueblos originarios fueron el 70% de los que integraron el \u00c9xodo, nosotros hemos ido y hemos vuelto, hemos reconquistado Jujuy\u201d.<\/p>\n<p>\u201cEn lo que ahora es la calle Belgrano, desde la Iglesia Catedral hasta la Iglesia San Francisco, ese era el \u2018Paseo Real\u2019 y en los d\u00edas de fiesta se hac\u00edan pasar los estandartes espa\u00f1oles. Entonces, el 25 de mayo de 1813, Belgrano ordena que no paseen los estandartes de blasones espa\u00f1oles, sino que se pasee la bandera que hab\u00eda peleado por primera vez en Salta en febrero y la Bandera de la Libertad Civil, que luego se la dona al Cabildo, en donde la plaza estaba colmada de originarios y hab\u00eda un 30% de gauchos que eran los que viv\u00edan en los alrededores. Por eso nosotros hemos estudiado esto, porque lo hemos relacionado con el turismo religioso\u201d, concluy\u00f3.<\/p>\n<\/div>\n<\/div>\n<p style=\"text-align: justify;\">&nbsp;<\/p>\n<p style=\"text-align: justify;\">Fuente: http:\/\/www.jujuyalmomento.com\u00a0jueves, 14 de mayo de 2015<\/p>\n<p><strong>Publicado por ADHILAC Internacional \u00a9 www.adhilac.com.ar<\/strong><\/p>\n<p>Si Ud. desea asociarse de acuerdo a los Estatutos de ADHILAC\u00a0<a title=\"(ver)\" href=\"https:\/\/adhilac.com.ar\/?page_id=263\">(ver)<\/a> complete el siguiente formulario\u00a0<a title=\"(ver)\" href=\"https:\/\/adhilac.com.ar\/?page_id=3194\">(ver)<\/a><\/p>\n<p>E-mail: info@adhilac.com.ar<strong> <\/strong><\/p>\n<p>Twitter: @AdhilacInfo<\/p>\n<p style=\"text-align: justify;\">&nbsp;<\/p>\n","protected":false},"excerpt":{"rendered":"<p>Afirman que Belgrano leg\u00f3 la Bandera de la Libertad Civil tambi\u00e9n a los pueblos originarios Ra\u00fal Solano es integrante de pueblos originarios de Casabindo y junto con un grupo de personas se dedica desde hace unos a\u00f1os a la promoci\u00f3n de turismo religioso en nuestra provincia, que es abordado desde distintas tem\u00e1ticas Ra\u00fal Solano es [&hellip;]<\/p>\n","protected":false},"author":2,"featured_media":0,"comment_status":"closed","ping_status":"closed","sticky":false,"template":"","format":"standard","meta":{"_crdt_document":"","footnotes":""},"categories":[15],"tags":[794,705,79,45],"class_list":["post-13060","post","type-post","status-publish","format-standard","hentry","category-historia","tag-bandera-de-la-libertad-civil","tag-independencia-argentina","tag-manuel-belgrano","tag-pueblos-originarios"],"_links":{"self":[{"href":"https:\/\/adhilac.com.ar\/index.php?rest_route=\/wp\/v2\/posts\/13060","targetHints":{"allow":["GET"]}}],"collection":[{"href":"https:\/\/adhilac.com.ar\/index.php?rest_route=\/wp\/v2\/posts"}],"about":[{"href":"https:\/\/adhilac.com.ar\/index.php?rest_route=\/wp\/v2\/types\/post"}],"author":[{"embeddable":true,"href":"https:\/\/adhilac.com.ar\/index.php?rest_route=\/wp\/v2\/users\/2"}],"replies":[{"embeddable":true,"href":"https:\/\/adhilac.com.ar\/index.php?rest_route=%2Fwp%2Fv2%2Fcomments&post=13060"}],"version-history":[{"count":5,"href":"https:\/\/adhilac.com.ar\/index.php?rest_route=\/wp\/v2\/posts\/13060\/revisions"}],"predecessor-version":[{"id":13159,"href":"https:\/\/adhilac.com.ar\/index.php?rest_route=\/wp\/v2\/posts\/13060\/revisions\/13159"}],"wp:attachment":[{"href":"https:\/\/adhilac.com.ar\/index.php?rest_route=%2Fwp%2Fv2%2Fmedia&parent=13060"}],"wp:term":[{"taxonomy":"category","embeddable":true,"href":"https:\/\/adhilac.com.ar\/index.php?rest_route=%2Fwp%2Fv2%2Fcategories&post=13060"},{"taxonomy":"post_tag","embeddable":true,"href":"https:\/\/adhilac.com.ar\/index.php?rest_route=%2Fwp%2Fv2%2Ftags&post=13060"}],"curies":[{"name":"wp","href":"https:\/\/api.w.org\/{rel}","templated":true}]}}