{"id":13117,"date":"2017-11-01T22:37:05","date_gmt":"2017-11-02T01:37:05","guid":{"rendered":"https:\/\/adhilac.com.ar\/?p=13117"},"modified":"2017-11-30T06:50:10","modified_gmt":"2017-11-30T09:50:10","slug":"v-congreso-internacional-de-historia-y-literatura-de-adhilac-%e2%80%9c2018-la-historia-y-el-recuerdo%e2%80%9d-la-habana-5-9-de-febrero-de-2018","status":"publish","type":"post","link":"https:\/\/adhilac.com.ar\/?p=13117","title":{"rendered":"V Congreso Internacional de Historia y Literatura de ADHILAC \u201c2018: la historia y el recuerdo\u201d. La Habana. 5-9 de febrero de 2018"},"content":{"rendered":"<h3><span style=\"color: #339966;\">CONVOCATORIA <\/span><\/h3>\n<p style=\"text-align: justify;\"><strong>PRIMERA CIRCULAR <\/strong><\/p>\n<p style=\"text-align: justify;\"><a href=\"https:\/\/adhilac.com.ar\/wp-content\/uploads\/2017\/07\/I-CIRCULAR-DE-ADHILAC-Cuba-2018.pdf\">I CIRCULAR DE ADHILAC Cuba 2018<\/a><\/p>\n<p style=\"text-align: justify;\">La\u00a0 Asociaci\u00f3n de Historiadores Latinoamericanos y del Caribe (ADHILAC),  con el coauspicio de la Oficina del Historiador de La Habana y el  Departamento de Historia de la Universidad de La Habana, convocan al V  Congreso Internacional de Historia y Literatura \u201c2018: la historia y el  recuerdo\u201d, Este coloquio internacional, que se desarrollar\u00e1 del 5 al 9  de febrero de 2018 en la Casa del Benem\u00e9rito de las Am\u00e9ricas \u201cBenito  Ju\u00e1rez\u201d, situada en Obrap\u00eda y Mercaderes en La Habana Vieja, Cuba,  ofrecer\u00e1 una oportunidad para reexaminar un importante grupo de temas y  acontecimientos hist\u00f3ricos que se conmemoran en el pr\u00f3ximo a\u00f1o, as\u00ed como  revisar los acercamientos que se han realizado desde la literatura y la  historiograf\u00eda. <!--more-->Los anteriores congresos internacionales de Historia y  Literatura de la ADHILAC se celebraron en Colombia (2014), Brasil (2015  y 2016) y Paraguay (2017).<\/p>\n<p>El temario contempla los siguientes temas relacionados con aniversarios  cerrados de fechas significativas de la historia de Nuestra Am\u00e9rica en  2018:<\/p>\n<p style=\"text-align: justify;\">&nbsp;<\/p>\n<p style=\"padding-left: 30px;\">&#8211;\u00a0<em>Las luchas estudiantiles en la historia latinoamericana y caribe\u00f1a a  prop\u00f3sito de centenario de la Reforma de C\u00f3rdoba y el cincuentenario de  la sangrienta represi\u00f3n de Tlatelolco. <\/em><\/p>\n<p style=\"padding-left: 30px;\">&#8211; <em>Recordando la primera edici\u00f3n de El \u00e1guila y la serpiente de Mart\u00edn  Luis Guzm\u00e1n en su 90 aniversario: la literatura de la Revoluci\u00f3n  Mexicana: <\/em><\/p>\n<p>&#8211; <em>El exilio de la Revoluci\u00f3n Mexicana en Cuba: a cien a\u00f1os de la  publicaci\u00f3n en La Habana del libro M\u00e9xico revolucionario: a los pueblos  de Europa y Am\u00e9rica 1910-1918 y del saludo de Emiliano Zapata a la  Revoluci\u00f3n de Octubre. <\/em><\/p>\n<p>&#8211;\u00a0<em>Hitos del proceso independentista continental en su bicentenario.  (Permitir\u00e1 recordar trascendentes acontecimientos como el fallecimiento  del Presidente haitiano Alejandro Petion, la proclamaci\u00f3n de la  independencia de Chile, la batalla de Maip\u00fa, el asesinato de Manuel  Rodr\u00edguez y las ejecuciones de los hermanos Carrera. La liberaci\u00f3n de  San Andr\u00e9s, Santa Catalina y otras islas caribe\u00f1as por los patriotas  hispanoamericanos, as\u00ed como las hist\u00f3ricas respuestas epistolares de  Sim\u00f3n Bol\u00edvar a la diplomacia norteamericana en 1818, entre otros). <\/em><\/p>\n<p>&#8211;\u00a0<em>Trascendencia hist\u00f3rica de la fundaci\u00f3n de la Real y Pontificia  Universidad de San Ger\u00f3nimo de La Habana en 1728. <\/em><\/p>\n<p>&#8211;\u00a0<em>El poema \u00e9pico Espejo de Paciencia (1608) y su lugar en la historia de  la cultura cubana<\/em>.<\/p>\n<p><em>&#8211; Latinoamericanismo versus Panamericanismo a los 90 a\u00f1os de la VI  Conferencia Interamericana de La Habana (1928) y los 70 de la creaci\u00f3n  de la Organizaci\u00f3n de Estados Americanos (OEA). <\/em><\/p>\n<p>&#8211; <em>Balance cr\u00edtico de la historiograf\u00eda marxista latinoamericana y  caribe\u00f1a en el bicentenario del natalicio de Carlos Marx y los 90 a\u00f1os  de la publicaci\u00f3n de Siete ensayos de interpretaci\u00f3n de la realidad  peruana de Jos\u00e9 Carlos Mari\u00e1tegui. <\/em><\/p>\n<p><em>&#8211; Repercusi\u00f3n internacional del inicio de la lucha independentista en  Cuba en 1868-1878 y de la Guerra Hispano Cubano Norteamericana de 1898. <\/em><\/p>\n<p><em>&#8211; Impactos del asesinato de Jorge Eliecer Gait\u00e1n y del bogotazo en abril  de 1948. La presencia de Fidel Castro. <\/em><\/p>\n<p><em>&#8211; La masacre de las bananeras en Colombia en 1928: su reflejo en la  historia y la literatura. <\/em><\/p>\n<p><em>&#8211; El fin de la Primera Guerra Mundial (1918) y su repercusi\u00f3n en Am\u00e9rica  Latina y el Caribe. <\/em><\/p>\n<p><em>&#8211; A 90 a\u00f1os de su nacimiento: Che Guevara en el imaginario latinoamericano <\/em><\/p>\n<p style=\"text-align: justify;\">&nbsp;<\/p>\n<p>El Evento ser\u00e1 estructurado por paneles y mesas de presentaci\u00f3n de  ponencias organizadas seg\u00fan el temario del evento.<\/p>\n<p>Para formalizar su inscripci\u00f3n, los interesados, tanto nacionales como  extranjeros, deber\u00e1n enviar a los organizadores del Congreso por e.  mail, antes del 20 de enero de 2018, un resumen de su ponencia, en  formato electr\u00f3nico, junto a sus datos personales. El Comit\u00e9 Acad\u00e9mico  del<em> V Congreso Internacional de Historia y Literatura de ADHILAC<\/em> evaluara la propuesta y enviara a vuelta de e-mail una constancia  oficial de aceptaci\u00f3n.<\/p>\n<p>La cuota de inscripci\u00f3n para todos los participantes, tanto ponentes  como observadores, ser\u00e1 de 50.00 CUC (moneda convertible cubana). La  acreditaci\u00f3n, se har\u00e1 el primer d\u00eda del evento. Los participantes  nacionales pagaran en CUP y los miembros de ADHILAC, nacionales o  extranjeros, que est\u00e9n actualizados en su cotizaci\u00f3n, ser\u00e1n beneficiados  con solo media cuota de inscripci\u00f3n.<\/p>\n<p>Los ponentes deber\u00e1n entregar en forma electr\u00f3nica el texto \u00edntegro de  sus trabajos, el cual no deber\u00e1 exceder de diez p\u00e1ginas, pues los  ponentes solo dispondr\u00e1n de quince minutos para la presentaci\u00f3n de sus  textos.<\/p>\n<p>El acceso a Cuba puede realizarse a trav\u00e9s de las agencias de turismo  que habitualmente realizan viajes a Cuba.<\/p>\n<p>Para cualquier informaci\u00f3n adicional, as\u00ed como para el env\u00edo de  res\u00famenes, ponencias y datos personales, los interesados deben  comunicarse con los coordinadores del coloquio: Dr. Sergio Guerra  Vilaboy, <a href=\"mailto:serguev@ach.ohc.cu\">serguev@ach.ohc.cu<\/a> o serguevfh.uh.cu, y Dr. Oscar Zanetti  Lecuona <a href=\"mailto:ozanetti@cubarte.cult.cu\">ozanetti@cubarte.cult.cu<\/a>. Tambi\u00e9n pueden llamar a los tel\u00e9fonos  (53) 78323200 y 78307328 del Departamento de Historia de Universidad de  La Habana, ubicado en L y 27, n\u00famero 160, El Vedado, La Habana, Cuba.<\/p>\n<p><a href=\"http:\/\/www.adhilac.com.ar\/\">www.adhilac.com.ar<\/a><\/p>\n<p>&nbsp;<\/p>\n<p><strong>Publicado por ADHILAC Internacional \u00a9 www.adhilac.com.ar<\/strong><\/p>\n<p>Si Ud. desea asociarse de acuerdo a los Estatutos de ADHILAC\u00a0<a title=\"(ver)\" href=\"https:\/\/adhilac.com.ar\/?page_id=263\">(ver)<\/a> complete el siguiente formulario\u00a0<a title=\"(ver)\" href=\"https:\/\/adhilac.com.ar\/?page_id=3194\">(ver)<\/a><\/p>\n<p>E-mail: info@adhilac.com.ar<strong> <\/strong><\/p>\n<p>Twitter: @AdhilacInfo<\/p>\n<p style=\"text-align: justify;\">&nbsp;<\/p>\n","protected":false},"excerpt":{"rendered":"<p>CONVOCATORIA PRIMERA CIRCULAR I CIRCULAR DE ADHILAC Cuba 2018 La\u00a0 Asociaci\u00f3n de Historiadores Latinoamericanos y del Caribe (ADHILAC), con el coauspicio de la Oficina del Historiador de La Habana y el Departamento de Historia de la Universidad de La Habana, convocan al V Congreso Internacional de Historia y Literatura \u201c2018: la historia y el recuerdo\u201d, [&hellip;]<\/p>\n","protected":false},"author":37,"featured_media":0,"comment_status":"closed","ping_status":"closed","sticky":false,"template":"","format":"standard","meta":{"_crdt_document":"","footnotes":""},"categories":[18,15,40],"tags":[871,268],"class_list":["post-13117","post","type-post","status-publish","format-standard","hentry","category-adhilac-cuba","category-historia","category-informaciones","tag-historia","tag-literatura"],"_links":{"self":[{"href":"https:\/\/adhilac.com.ar\/index.php?rest_route=\/wp\/v2\/posts\/13117","targetHints":{"allow":["GET"]}}],"collection":[{"href":"https:\/\/adhilac.com.ar\/index.php?rest_route=\/wp\/v2\/posts"}],"about":[{"href":"https:\/\/adhilac.com.ar\/index.php?rest_route=\/wp\/v2\/types\/post"}],"author":[{"embeddable":true,"href":"https:\/\/adhilac.com.ar\/index.php?rest_route=\/wp\/v2\/users\/37"}],"replies":[{"embeddable":true,"href":"https:\/\/adhilac.com.ar\/index.php?rest_route=%2Fwp%2Fv2%2Fcomments&post=13117"}],"version-history":[{"count":14,"href":"https:\/\/adhilac.com.ar\/index.php?rest_route=\/wp\/v2\/posts\/13117\/revisions"}],"predecessor-version":[{"id":13643,"href":"https:\/\/adhilac.com.ar\/index.php?rest_route=\/wp\/v2\/posts\/13117\/revisions\/13643"}],"wp:attachment":[{"href":"https:\/\/adhilac.com.ar\/index.php?rest_route=%2Fwp%2Fv2%2Fmedia&parent=13117"}],"wp:term":[{"taxonomy":"category","embeddable":true,"href":"https:\/\/adhilac.com.ar\/index.php?rest_route=%2Fwp%2Fv2%2Fcategories&post=13117"},{"taxonomy":"post_tag","embeddable":true,"href":"https:\/\/adhilac.com.ar\/index.php?rest_route=%2Fwp%2Fv2%2Ftags&post=13117"}],"curies":[{"name":"wp","href":"https:\/\/api.w.org\/{rel}","templated":true}]}}