{"id":13135,"date":"2018-04-04T11:40:47","date_gmt":"2018-04-04T14:40:47","guid":{"rendered":"https:\/\/adhilac.com.ar\/?p=13135"},"modified":"2018-04-25T11:21:55","modified_gmt":"2018-04-25T14:21:55","slug":"xiii-encuentro-internacional-de-estudios-politicos-y-sociales","status":"publish","type":"post","link":"https:\/\/adhilac.com.ar\/?p=13135","title":{"rendered":"XIII Encuentro Internacional de Estudios Pol\u00edticos y Sociales. La Habana. 19-23 de marzo de 2018"},"content":{"rendered":"<div>\n<h3 style=\"text-align: justify;\"><span style=\"color: #339966;\">CONVOCATORIA<\/span><\/h3>\n<p>ESTUDIOS POL\u00cdTICOS Y SOCIALES &#8211; DEL 19 AL 23 DE MARZO DE 2018<br \/>\nXIII ENCUENTRO INTERNACIONAL DE ESTUDIOS POL\u00cdTICOS Y SOCIALES<br \/>\n(Primera convocatoria)<\/p>\n<div style=\"padding-left: 30px;\"><strong style=\"color: #339966;\">&#8211; X<\/strong><strong style=\"color: #339966;\">I TALLER DE ESTUDIOS POL\u00cdTICOS Y SOCIALES COMPARADOS<\/strong><br \/>\n<strong style=\"color: #339966;\">&#8211; I<\/strong><strong style=\"color: #339966;\">X COLOQUIO SOBRE ESTUDIOS POL\u00cdTICOS Y SOCIALES MULTIDISCIPLINARIOS<\/strong><br \/>\n<strong style=\"color: #339966;\">&#8211; V TALLER SOBRE EST\u00c9TICA, POL\u00cdTICA, IDENTIDAD Y MULTICULTURALIDAD<\/strong><br \/>\n<strong style=\"color: #339966;\">&#8211; I<\/strong><strong style=\"color: #339966;\">I<\/strong><strong style=\"color: #339966;\">I TALLER DE ESTUDIOS HIST\u00d3RICOS Y PROCESOS POL\u00cdTICOS MULTIDISCIPLINARIOS <\/strong><strong style=\"color: #339966;\">Y COMPARADOS SOBRE AM\u00c9RICA LATINA<\/strong><br \/>\n<strong style=\"color: #339966;\">&#8211; I SIMPOSIO SOBRE CIENCIA, TECNOLOG\u00cdA, INNOVACI\u00d3N Y POL\u00cdTICA<\/strong><br \/>\n<strong style=\"color: #339966;\">&#8211; I TALLER INTERNACIONAL \u00bfCIENCIAS POL\u00cdTICAS EN MARX? A PROP\u00d3SITO DE SU BICENTENARIO<\/strong><\/div>\n<p style=\"text-align: justify;\"><strong><!--more--><\/strong><\/p>\n<p style=\"text-align: justify;\"><strong>Distinguido(a) colega<\/strong>: <strong>La Asociaci\u00f3n de Historiadores Latinoamericanos y del Caribe (Adhilac)<\/strong> y la <strong>Facultad de Filosof\u00eda e Historia de la Universidad de La Habana (UH)<\/strong> le invitan al <strong><em>XIII Encuentro Internacional de Estudios Pol\u00edticos y Sociales<\/em><\/strong>, en el marco de los 59 a\u00f1os de la Revoluci\u00f3n cubana, del 290 Aniversario de la fundaci\u00f3n de la Universidad de La Habana, del 44 aniversario de la fundaci\u00f3n de Adhilac y del Bicentenario del nacimiento de Carlos Marx. Ser\u00e1 una ocasi\u00f3n oportuna para el debate cient\u00edfico de ideas y experiencias entre los especialistas en relaci\u00f3n con los problemas te\u00f3rico-pr\u00e1cticos m\u00e1s acuciantes de este siglo y sus complejos retos, <strong>desde la \u00f3ptica de las Ciencias \u00a0Pol\u00edticas \u00a0con \u00a0enfoque \u00a0multidisciplinario<\/strong>.\u00a0 Invitamos \u00a0a \u00a0profesores, \u00a0investigadores, \u00a0asesores, \u00a0otros expertos y estudiantes interesados en las tem\u00e1ticas del evento. La Adhilac y la casi Tricentenaria Universidad de La Habana le dar\u00e1n la bienvenida a fin de desarrollar esta actividad cient\u00edfica y fortalecer los v\u00ednculos acad\u00e9micos, profesionales, de solidaridad y amistad<\/p>\n<p style=\"text-align: justify;\">&nbsp;<\/p>\n<p style=\"text-align: justify;\"><strong>T<\/strong><strong>E<\/strong><strong>M<\/strong><strong>A<\/strong><strong>S CENTRALES<\/strong><\/p>\n<p style=\"text-align: justify;\">&nbsp;<\/p>\n<p style=\"text-align: justify; padding-left: 30px;\"><strong>\u2666 Estudios pol\u00edticos y sociales comparados<\/strong><\/p>\n<p style=\"text-align: justify; padding-left: 30px;\"><strong>\u2666 Estudios pol\u00edticos y sociales multidisciplinarios<\/strong><\/p>\n<p style=\"text-align: justify; padding-left: 30px;\"><strong>\u2666 Est\u00e9tica, pol\u00edtica, identidad y multiculturalidad<\/strong><\/p>\n<p style=\"text-align: justify; padding-left: 30px;\"><strong>\u2666 Estudios hist\u00f3ricos y procesos pol\u00edticos multidisciplinarios <\/strong><strong>y comparados sobre Am\u00e9rica Latina<\/strong><\/p>\n<p style=\"text-align: justify; padding-left: 30px;\"><strong>\u2666 Ciencia, tecnolog\u00eda, innovaci\u00f3n y pol\u00edtica<\/strong><\/p>\n<p style=\"text-align: justify; padding-left: 30px;\"><strong>\u2666 \u00bfCiencias Pol\u00edticas en Marx? A prop\u00f3sito de su Bicentenario<\/strong><\/p>\n<p style=\"text-align: justify;\">&nbsp;<\/p>\n<p style=\"text-align: justify;\"><strong>T<\/strong><strong>E<\/strong><strong>M<\/strong><strong>\u00c1<\/strong><strong>T<\/strong><strong>ICAS ACERCA DE LOS <em>ESTUDIOS POL\u00cdTICOS Y SOCIALES COMPARADOS<\/em><\/strong><\/p>\n<p style=\"text-align: justify; padding-left: 30px;\">&#8211;\u00a0\u00a0\u00a0\u00a0\u00a0\u00a0\u00a0 Estudios pol\u00edticos y sociales comparados y multidisciplinarios sobre procesos pol\u00edticos en Am\u00e9rica Latina<\/p>\n<p style=\"text-align: justify; padding-left: 30px;\">&#8211;\u00a0\u00a0\u00a0\u00a0\u00a0\u00a0\u00a0 Debates epistemol\u00f3gicos y metodol\u00f3gicos actuales sobre estudios pol\u00edticos y sociales comparados<\/p>\n<p style=\"text-align: justify; padding-left: 30px;\">&#8211;\u00a0\u00a0\u00a0\u00a0\u00a0\u00a0\u00a0 Debate paradigm\u00e1tico en pol\u00edtica comparada como disciplina y como m\u00e9todo de investigaci\u00f3n<\/p>\n<p style=\"text-align: justify; padding-left: 30px;\">&#8211;\u00a0\u00a0\u00a0\u00a0\u00a0\u00a0\u00a0 Impacto de los estudios comparados en la formulaci\u00f3n y toma de decisiones pol\u00edticas<\/p>\n<p style=\"text-align: justify; padding-left: 30px;\">&#8211;\u00a0\u00a0\u00a0\u00a0\u00a0\u00a0\u00a0 Estudio de casos de sistemas pol\u00edticos comparados en el contexto global de cambios<\/p>\n<p style=\"text-align: justify; padding-left: 30px;\">&#8211;\u00a0\u00a0\u00a0\u00a0\u00a0\u00a0\u00a0 Tendencias actuales en pol\u00edtica comparada<\/p>\n<p style=\"text-align: justify; padding-left: 30px;\">&#8211;\u00a0\u00a0\u00a0\u00a0\u00a0\u00a0\u00a0 Otros temas de inter\u00e9s en estudios comparados desde la perspectiva multidisciplinaria<\/p>\n<p style=\"text-align: justify;\">&nbsp;<\/p>\n<p style=\"text-align: justify;\"><strong>T<\/strong><strong>E<\/strong><strong>M<\/strong><strong>\u00c1<\/strong><strong>T<\/strong><strong>ICAS PRIORIZADAS SOBRE <\/strong><strong><em>ES<\/em><\/strong><strong><em>TUDIOS POL\u00cdTICOS Y SOCIALES MULTIDISCIPLINARIOS<\/em><\/strong><\/p>\n<p style=\"text-align: justify; padding-left: 30px;\">&#8211;\u00a0\u00a0\u00a0\u00a0\u00a0\u00a0 La multidisciplinariedad en los estudios de pregrado y posgrado de Ciencias Pol\u00edticas, Hist\u00f3ricas y Filos\u00f3ficas<\/p>\n<p style=\"text-align: justify; padding-left: 30px;\">&#8211;\u00a0\u00a0\u00a0\u00a0\u00a0\u00a0 Estudios pol\u00edticos y sociales multidisciplinarios aplicados, particularmente a Am\u00e9rica Latina<\/p>\n<p style=\"text-align: justify; padding-left: 30px;\">&#8211;\u00a0\u00a0\u00a0\u00a0\u00a0\u00a0 Epistemolog\u00eda y metodolog\u00eda de la investigaci\u00f3n pol\u00edtica, filos\u00f3fica e hist\u00f3rico-social (cuantitativa y cualitativa)<\/p>\n<p style=\"text-align: justify; padding-left: 30px;\">&#8211;\u00a0\u00a0\u00a0\u00a0\u00a0\u00a0 Ciencia Pol\u00edtica: b\u00fasqueda de la identidad y la integralidad<\/p>\n<p style=\"text-align: justify; padding-left: 30px;\">&#8211;\u00a0\u00a0\u00a0\u00a0\u00a0\u00a0 G\u00e9nero y pol\u00edtica<\/p>\n<p style=\"text-align: justify; padding-left: 30px;\">&#8211;\u00a0\u00a0\u00a0\u00a0\u00a0\u00a0 Ecolog\u00eda pol\u00edtica<\/p>\n<p style=\"text-align: justify; padding-left: 30px;\">&#8211;\u00a0\u00a0\u00a0\u00a0\u00a0\u00a0 Gobierno, Administraci\u00f3n p\u00fablica y pol\u00edticas p\u00fablicas<\/p>\n<p style=\"text-align: justify; padding-left: 30px;\">&#8211;\u00a0\u00a0\u00a0\u00a0\u00a0\u00a0 Migraciones internacionales: tendencias y pol\u00edticas<\/p>\n<p style=\"text-align: justify; padding-left: 30px;\">&#8211;\u00a0\u00a0\u00a0\u00a0\u00a0\u00a0 Din\u00e1micas de las corrientes pol\u00edticas y proyectos alternativos contra la dominaci\u00f3n<\/p>\n<p style=\"text-align: justify; padding-left: 30px;\">&#8211;\u00a0\u00a0\u00a0\u00a0\u00a0\u00a0 Nociones de justicia social y solidaridad internacional<\/p>\n<\/div>\n<div style=\"text-align: justify;\">\n<p style=\"padding-left: 30px;\">&#8211;\u00a0\u00a0\u00a0\u00a0\u00a0\u00a0 Relaciones interamericanas. Visiones complejas<\/p>\n<p style=\"padding-left: 30px;\">&#8211;\u00a0\u00a0\u00a0\u00a0\u00a0\u00a0 Teor\u00edas, procesos y nuevos actores pol\u00edticos en Am\u00e9rica Latina. Visiones multidisciplinarias<\/p>\n<p style=\"padding-left: 30px;\">&#8211;\u00a0\u00a0\u00a0\u00a0\u00a0\u00a0 Otros temas de inter\u00e9s en Ciencias Pol\u00edticas, Filos\u00f3ficas e Hist\u00f3ricas con enfoque multidisciplinario<\/p>\n<p style=\"padding-left: 30px;\">&nbsp;<\/p>\n<p><strong>T<\/strong><strong>E<\/strong><strong>M<\/strong><strong>\u00c1<\/strong><strong>T<\/strong><strong>ICAS REFERIDAS A <em>EST\u00c9TICA, POL\u00cdTICA, IDENTIDAD Y MULTICULTURALIDAD<\/em><\/strong><\/p>\n<p style=\"padding-left: 30px;\">&#8211;\u00a0\u00a0\u00a0\u00a0\u00a0\u00a0\u00a0 Est\u00e9tica y pol\u00edtica: relaci\u00f3n entre cultura e identidad. Perspectiva multicultural y multidisciplinaria<\/p>\n<p style=\"padding-left: 30px;\">&#8211;\u00a0\u00a0\u00a0\u00a0\u00a0\u00a0\u00a0 Est\u00e9tica y pol\u00edtica en el pensamiento pol\u00edtico y social latinoamericano<\/p>\n<p style=\"padding-left: 30px;\">&#8211;\u00a0\u00a0\u00a0\u00a0\u00a0\u00a0\u00a0 Est\u00e9tica y pol\u00edtica en la industria cultural contempor\u00e1nea<\/p>\n<p style=\"padding-left: 30px;\">&#8211;\u00a0\u00a0\u00a0\u00a0\u00a0\u00a0\u00a0 Est\u00e9tica y pol\u00edtica en el curr\u00edculo universitario de pregrado y posgrado: retos y perspectivas<\/p>\n<p style=\"padding-left: 30px;\">&#8211;\u00a0\u00a0\u00a0\u00a0\u00a0\u00a0\u00a0 Cultura e identidad pol\u00edtica latinoamericana<\/p>\n<p style=\"padding-left: 30px;\">&#8211;\u00a0\u00a0\u00a0\u00a0\u00a0\u00a0\u00a0 Actualidad de la Est\u00e9tica en Am\u00e9rica Latina. Problemas te\u00f3rico-metodol\u00f3gicos<\/p>\n<p>&nbsp;<\/p>\n<p><strong>T<\/strong><strong>E<\/strong><strong>M<\/strong><strong>\u00c1<\/strong><strong>T<\/strong><strong>ICAS RELACIONADAS CON <em>ESTUDIOS HIST\u00d3RICOS Y PROCESOS POL\u00cdTICOS MULTIDISCIPLINARIOS Y COMPARADOS SOBRE AM\u00c9RICA LATINA<\/em><\/strong><\/p>\n<p style=\"padding-left: 30px;\">&#8211;\u00a0\u00a0\u00a0\u00a0\u00a0\u00a0 Historia pol\u00edtica: enfoques multidisciplinarios<\/p>\n<p style=\"padding-left: 30px;\">&#8211;\u00a0\u00a0\u00a0\u00a0\u00a0\u00a0 Historia pol\u00edtica comparada en Am\u00e9rica Latina<\/p>\n<p style=\"padding-left: 30px;\">&#8211;\u00a0\u00a0\u00a0\u00a0\u00a0\u00a0 Estudios hist\u00f3ricos y de procesos pol\u00edticos multidisciplinarios y comparados actuales en Am\u00e9rica Latina<\/p>\n<p>&nbsp;<\/p>\n<p>&nbsp;<\/p>\n<p><strong>T<\/strong><strong>E<\/strong><strong>M<\/strong><strong>\u00c1<\/strong><strong>T<\/strong><strong>ICAS DE <em>CIENCIA, TECNOLOG\u00cdA, INNOVACI\u00d3N Y POL\u00cdTICA<\/em><\/strong><\/p>\n<p style=\"padding-left: 30px;\">&#8211;\u00a0\u00a0\u00a0\u00a0\u00a0\u00a0 Estudios sobre ciencia, tecnolog\u00eda, innovaci\u00f3n y pol\u00edtica: relaciones multidisciplinarias en Ciencias Pol\u00edticas<\/p>\n<p style=\"padding-left: 30px;\">&#8211;\u00a0\u00a0\u00a0\u00a0\u00a0\u00a0 Problemas de la democratizaci\u00f3n de la ciencia, la tecnolog\u00eda y la innovaci\u00f3n<\/p>\n<p style=\"padding-left: 30px;\">&#8211;\u00a0\u00a0\u00a0\u00a0\u00a0\u00a0 Proyecciones de ciencia, tecnolog\u00eda e innovaci\u00f3n en pol\u00edticas p\u00fablicas<\/p>\n<p style=\"padding-left: 30px;\">&#8211;\u00a0\u00a0\u00a0\u00a0\u00a0\u00a0 Ciencia, tecnolog\u00eda e innovaci\u00f3n en la agenda internacional actual y de los gobiernos latinoamericanos<\/p>\n<p style=\"padding-left: 30px;\">&#8211;\u00a0\u00a0\u00a0\u00a0\u00a0\u00a0 Ciencia, tecnolog\u00eda y proceso de toma de decisiones pol\u00edticas<\/p>\n<p style=\"padding-left: 30px;\">&#8211;\u00a0\u00a0\u00a0\u00a0\u00a0\u00a0 Dilemas pol\u00edticos de la ciencia y la tecnolog\u00eda<\/p>\n<p>&nbsp;<\/p>\n<p><strong>T<\/strong><strong>E<\/strong><strong>M<\/strong><strong>\u00c1<\/strong><strong>T<\/strong><strong>ICAS SOBRE <em>\u00bfCIENCIAS POL\u00cdTICAS EN MARX? A PROP\u00d3SITO DE SU BICENTENARIO<\/em><\/strong><\/p>\n<p style=\"padding-left: 30px;\">&#8211;\u00a0\u00a0\u00a0\u00a0\u00a0\u00a0 La teor\u00eda de Carlos Marx: lo cl\u00e1sico y lo contempor\u00e1neo; tradici\u00f3n, renovaci\u00f3n e innovaci\u00f3n<\/p>\n<p style=\"padding-left: 30px;\">&#8211;\u00a0\u00a0\u00a0\u00a0\u00a0\u00a0 El m\u00e9todo de Marx: utilidad para el an\u00e1lisis pol\u00edtico, hist\u00f3rico y filos\u00f3fico en la actualidad<\/p>\n<p style=\"padding-left: 30px;\">&#8211;\u00a0\u00a0\u00a0\u00a0\u00a0\u00a0 La integralidad en el pensamiento de Marx<\/p>\n<p style=\"padding-left: 30px;\">&#8211;\u00a0\u00a0\u00a0\u00a0\u00a0\u00a0 Marx \u201cen su tercer mundo\u201d: \u00bfAntropolog\u00eda Pol\u00edtica en Marx?<\/p>\n<p>&nbsp;<\/p>\n<p><strong>CURSOS DE POSTGRADO POST-EVENTO<\/strong><\/p>\n<p>Se ofrecer\u00e1n sobre algunas de las tem\u00e1ticas del evento u otras afines seg\u00fan los intereses de los participantes. La solicitud \u00a0se \u00a0realizar\u00e1 \u00a0en \u00a0la \u00a0misma \u00a0fecha\u00a0 de \u00a0env\u00edo \u00a0de \u00a0los \u00a0datos \u00a0de \u00a0inscripci\u00f3n. \u00a0El\u00a0 pago \u00a0de \u00a0los \u00a0cursos \u00a0ser\u00e1 independiente de la cuota de inscripci\u00f3n<\/p>\n<p>&nbsp;<\/p>\n<p><strong>M<\/strong><strong>O<\/strong><strong>D<\/strong><strong>A<\/strong><strong>LIDADES <\/strong><\/p>\n<\/div>\n<p style=\"text-align: justify;\"><strong>Paneles, \u00a0mesas \u00a0redondas, \u00a0conferencias, \u00a0talleres \u00a0y p\u00f3steres<\/strong>. En todos se presentar\u00e1 ponencia escrita<\/p>\n<div style=\"text-align: justify;\"><strong>INSCRIPCIONES<\/strong><\/div>\n<div style=\"text-align: justify;\">\n<p>Profesionales: $ 100.00 CUC<\/p>\n<p>Estudiantes:\u00a0 \u00a0$\u00a0 \u00a060.00 CUC<\/p>\n<\/div>\n<p style=\"text-align: justify;\">&nbsp;<\/p>\n<div style=\"text-align: justify;\">\n<p><strong>P<\/strong><strong>RESIDENTE DEL COMIT\u00c9 ORGANIZADOR<\/strong><\/p>\n<p>Dr. Emilio Duharte D\u00edaz. Profesor Titular e Investigador de Ciencias Pol\u00edticas, \u00c9tica Aplicada y Estudios Sociales sobre Ciencia, Tecnolog\u00eda e Innovaci\u00f3n. Coordinador del Grupo de Estudios Pol\u00edticos Multidisciplinarios, Aplicados y Comparados (Gepol)<\/p>\n<p>&nbsp;<\/p>\n<p><strong>COMUNIQUE SU PARTICIPACI\u00d3N<\/strong><\/p>\n<p><strong>Indique los datos para la inscripci\u00f3n:<\/strong><br \/>\nNombres y apellidos:<br \/>\nInstituci\u00f3n, ciudad y pa\u00eds:<br \/>\nProfesor, investigador o estudiante:<br \/>\nLicenciatura en:<br \/>\nT\u00edtulo de Doctor, M\u00e1ster u otro (en qu\u00e9 especialidad):<br \/>\nEspecializaci\u00f3n actual:<br \/>\nPonente o participante:<br \/>\nCorreos-e.:<br \/>\nT\u00edtulo de la ponencia (no m\u00e1s de 20 palabras):<br \/>\nResumen del trabajo (Word, 250 palabras, arial 12, 1,5 l\u00edneas):<br \/>\nPropuestas de paneles y mesas redondas (incluye participantes\u00a0 y res\u00famenes de ponencias de cada uno):<\/p>\n<p>&nbsp;<\/p>\n<p><strong>Enviar a<\/strong>:<\/p>\n<div>Sitio Web del evento: \u00a0epsuh.uh.cu<br \/>\npor donde formalizar\u00e1 \u00a0 su \u00a0 inscripci\u00f3n, \u00a0 con \u00a0 copia \u00a0 a \u00a0 las direcciones-e.mail: eps2018@gmail.com<br \/>\nDr. Emilio Duharte D\u00edaz \/ Coordinador &#8211; duhartediaz@gmail.com \u00a0&#8211; \u00a0eduharte@ffh.uh.cu<br \/>\nMtr. Anabel Recio Gonz\u00e1lez\/ Vicecoordinadora &#8211; anabel@ffh.uh.cuLic. \u00a0 Sonia \u00a0 Arias \u00a0 Curbelo\/<br \/>\nSecretaria \u00a0 de divulgaci\u00f3n: lisandra@minrex.gob.cu&#8217;<\/div>\n<div><strong>Universidad de la Habana, Facultad de Filosof\u00eda e Historia<\/strong>.<\/div>\n<div>San L\u00e1zaro y L. Vedado. La Habana, Cuba. CP 10500. Tel\u00e9fono: (537) 833-1967<\/div>\n<p><strong><br \/>\n<\/strong><\/p>\n<p><strong>Del 1\u00ba. al 31 de octubre de 2017<\/strong><\/p>\n<\/div>\n<p style=\"text-align: justify;\">El Comit\u00e9 Organizador responder\u00e1 sobre la aceptaci\u00f3n de solicitudes y res\u00famenes <strong>hasta el 15 de noviembre de<\/strong><\/p>\n<p style=\"text-align: justify;\"><strong>2017<\/strong><strong>. <\/strong><strong>Se aceptar\u00e1n solamente las solicitudes que cumplan con todas las formalidades se\u00f1aladas en esta convocatoria. <\/strong>La ponencia ser\u00e1 remitida <strong>hasta el 15 de enero de 2018 <\/strong>por correo-e y entregada en el momento \u00a0de la inscripci\u00f3n a la secretar\u00eda cient\u00edfica seg\u00fan Programa general del evento (soporte digital y copia impresa: 10 a 15 cuartillas (incluye bibliograf\u00eda, gr\u00e1ficos y tablas), 8,5&#215;11, 1,5 l\u00edneas, m\u00e1rgenes 2,5, arial 12, formato Word). Igual para paneles y mesas redondas. <strong><em>Los pagos de inscripci\u00f3n se realizar\u00e1n previamente<\/em><\/strong>, <strong>hasta el 15 de enero de 2018 <\/strong>(fecha de env\u00edo de la ponencia) y al n\u00famero de cuenta que se informar\u00e1 oportunamente. De existir alguna dificultad, se contactar\u00e1 con el Comit\u00e9 Organizador para efectuar el pago en las fechas de acreditaci\u00f3n seg\u00fan el programa general que aparece al final de esta convocatoria. Los 100 CUC (pesos cubanos convertibles) equivalen aproximadamente a 113 USD seg\u00fan el cambio actual; los 60 CUC a 67,80 USD. Se deber\u00e1 hacer la conversi\u00f3n en hotel, banco o casa de cambio, seg\u00fan tasa prevaleciente en ese momento. El pago puede realizarse tambi\u00e9n con tarjetas de cr\u00e9dito VISA, Master Card, CABAL y Visa Electr\u00f3n, que no sean emitidas por bancos estadounidenses; cualquier nueva precisi\u00f3n al respecto se har\u00e1 oportunamente. <strong><em>Los participantes cubanos abonar\u00e1n su cuota en CUP<\/em><\/strong>. Los interesados que requieran cartas de invitaci\u00f3n para realizar sus tr\u00e1mites de viaje podr\u00e1n solicitarla al Comit\u00e9 Organizador. <strong><em>Se considera estudiante solo el de pregrado (licenciatura) debidamente acreditado por certificaci\u00f3n oficial de su universidad que debe entregar en el momento de la acreditaci\u00f3n. Toda la comunicaci\u00f3n se realizar\u00e1 a trav\u00e9s de la propia Web del Encuentro <\/em><\/strong>(env\u00edo de datos de inscripci\u00f3n, res\u00famenes, ponencias, respuestas a las solicitudes de inscripci\u00f3n, ofertas de servicios para su estancia en Cuba y otros tr\u00e1mites). <strong><em>Para mayor seguridad, o en caso de \u00a0dificultades con el sitio web se utilizar\u00e1n, al mismo tiempo y como alternativa, los correos electr\u00f3nicos se\u00f1alados arriba.<\/em><\/strong><\/p>\n<p style=\"text-align: justify;\">&nbsp;<\/p>\n<p style=\"text-align: justify;\"><strong>P<\/strong><strong>ROGRAMA GENERAL PRELIMINAR:<\/strong><\/p>\n<p style=\"text-align: justify;\">&nbsp;<\/p>\n<p style=\"text-align: justify;\">&#8211;\u00a0\u00a0\u00a0\u00a0\u00a0 <strong>Lunes 19 de marzo: <\/strong><strong>\u2666 <\/strong>1:30 a 4:00 p.m. Acreditaci\u00f3n (Calle 19 # 156, entre K y L. Vedado, La Habana).<\/p>\n<p style=\"text-align: justify;\">Tel\u00e9fono: (53) 7 833 1967<\/p>\n<p style=\"text-align: justify;\">&nbsp;<\/p>\n<p style=\"text-align: justify;\">&#8211;\u00a0\u00a0\u00a0 \u00a0<strong>Ma<\/strong><strong>rtes 20 de marzo: <\/strong><\/p>\n<p style=\"text-align: justify;\"><strong> <\/strong><strong>\u2666 <\/strong>9:30 a.m. a 12:00 m. Acreditaci\u00f3n (Calle 19 # 156, entre K y L. Vedado, La Habana)<\/p>\n<p style=\"text-align: justify;\"><strong>\u2666 <\/strong>1:30 a 4:00 p.m. Apertura. Conferencia especial y paneles (en plenaria)<\/p>\n<p style=\"text-align: justify;\">&nbsp;<\/p>\n<p style=\"text-align: justify;\">&#8211;\u00a0\u00a0\u00a0 \u00a0<strong>M<\/strong><strong>i\u00e9rcoles 21 de marzo: <\/strong><\/p>\n<p style=\"text-align: justify;\"><strong> <\/strong><strong>\u2666 <\/strong>9:30 a.m. a 4:00 p.m. Conferencia especial en plenaria. Trabajo en comisiones<\/p>\n<p style=\"text-align: justify;\">&nbsp;<\/p>\n<p style=\"text-align: justify;\">&#8211;\u00a0\u00a0\u00a0 \u00a0<strong>J<\/strong><strong>ueves 22 de marzo: <\/strong><\/p>\n<p style=\"text-align: justify;\"><strong> <\/strong><strong>\u2666 <\/strong>9:30 a.m. a 4:00 p.m. Conferencia especial en plenaria. Trabajo en comisiones<\/p>\n<p style=\"text-align: justify;\">&nbsp;<\/p>\n<p style=\"text-align: justify;\">&#8211;\u00a0\u00a0\u00a0 \u00a0<strong>Viernes 23 de marzo<\/strong>:<\/p>\n<p style=\"text-align: justify;\"><strong>\u2666 <\/strong>9:30 a.m. a 12:30 p.m. Conferencia especial en plenaria. Trabajo en comisiones<\/p>\n<p style=\"text-align: justify;\"><strong>\u2666 <\/strong>1:00 p.m. Sesi\u00f3n de clausura<\/p>\n<p style=\"text-align: justify;\">&nbsp;<\/p>\n<p style=\"text-align: justify;\"><strong>COAUSPICIAN<\/strong><strong>: <\/strong><\/p>\n<p style=\"text-align: justify;\"><strong> <\/strong>&#8211; Universidad de Guadalajara, M\u00e9xico, Centro Universitario de Ciencias Sociales y Humanidades, Departamento de Estudios Pol\u00edticos, Programa de Doctorado en Ciencias Pol\u00edticas<\/p>\n<p style=\"text-align: justify;\">&#8211; Benem\u00e9rita Universidad Aut\u00f3noma de Puebla, M\u00e9xico<\/p>\n<p style=\"text-align: justify;\"><strong>&#8211; <\/strong>Facultad Latinoamericana de Ciencias Sociales (Programa FLACSO-Cuba)<\/p>\n<p style=\"text-align: justify;\"><strong>&#8211; <\/strong>Centro de Estudios Hemisf\u00e9ricos y Sobre Estados Unidos (Cehseu), UH, Cuba, C\u00e1tedra \u00abNuestra Am\u00e9rica y Estados Unidos\u00bb<\/p>\n<p style=\"text-align: justify;\">&#8211; Centro de Estudios Demogr\u00e1ficos (Cedem), UH, Cuba\u00a0 \u00a0-Ministerio de Educaci\u00f3n Superior, Direcci\u00f3n de Marxismo<\/p>\n<p style=\"text-align: justify;\"><strong>&#8211; <\/strong>Universidad de Matanzas, Cuba, Facultad de Ciencias Sociales y Humanidades<\/p>\n<p style=\"text-align: justify;\">&#8211; Universidad de Cienfuegos, Cuba<\/p>\n<p style=\"text-align: justify;\">&#8211; Universidad de la Isla de la Juventud, Cuba<\/p>\n<p style=\"text-align: justify;\">&nbsp;<\/p>\n<p style=\"text-align: justify;\">&nbsp;<\/p>\n<p style=\"text-align: justify;\"><strong>El Comit\u00e9 Organizador valorar\u00e1 las propuestas de otros centros, organizaciones, universidades y entidades, tanto de Cuba como de otros pa\u00edses, interesados en coauspiciar el evento; ello significar\u00eda la colaboraci\u00f3n en la divulgaci\u00f3n, la organizaci\u00f3n y cualquier otro apoyo cient\u00edfico o log\u00edstico que consideren pertinente.<\/strong><\/p>\n<p style=\"text-align: justify;\"><a href=\"https:\/\/adhilac.com.ar\/wp-content\/uploads\/2017\/07\/Cuba-XIII-encuentro.jpg\"><img loading=\"lazy\" decoding=\"async\" class=\"alignnone size-full wp-image-13136\" title=\"Cuba - XIII encuentro\" src=\"https:\/\/adhilac.com.ar\/wp-content\/uploads\/2017\/07\/Cuba-XIII-encuentro.jpg\" alt=\"\" width=\"585\" height=\"156\" srcset=\"https:\/\/adhilac.com.ar\/wp-content\/uploads\/2017\/07\/Cuba-XIII-encuentro.jpg 585w, https:\/\/adhilac.com.ar\/wp-content\/uploads\/2017\/07\/Cuba-XIII-encuentro-300x80.jpg 300w\" sizes=\"auto, (max-width: 585px) 100vw, 585px\" \/><\/a><\/p>\n<p style=\"text-align: justify;\"><strong>Publicado por ADHILAC Internacional \u00a9 www.adhilac.com.ar<\/strong><\/p>\n<p style=\"text-align: justify;\">Si Ud. desea asociarse de acuerdo a los Estatutos de ADHILAC\u00a0<a title=\"(ver)\" href=\"https:\/\/adhilac.com.ar\/?page_id=263\">(ver)<\/a> complete el siguiente formulario\u00a0<a title=\"(ver)\" href=\"https:\/\/adhilac.com.ar\/?page_id=3194\">(ver)<\/a><\/p>\n<p style=\"text-align: justify;\">E-mail: info@adhilac.com.ar<strong> <\/strong><\/p>\n<p style=\"text-align: justify;\">Twitter: @AdhilacInfo<\/p>\n<p style=\"text-align: justify;\">&nbsp;<\/p>\n","protected":false},"excerpt":{"rendered":"<p>CONVOCATORIA ESTUDIOS POL\u00cdTICOS Y SOCIALES &#8211; DEL 19 AL 23 DE MARZO DE 2018 XIII ENCUENTRO INTERNACIONAL DE ESTUDIOS POL\u00cdTICOS Y SOCIALES (Primera convocatoria) &#8211; XI TALLER DE ESTUDIOS POL\u00cdTICOS Y SOCIALES COMPARADOS &#8211; IX COLOQUIO SOBRE ESTUDIOS POL\u00cdTICOS Y SOCIALES MULTIDISCIPLINARIOS &#8211; V TALLER SOBRE EST\u00c9TICA, POL\u00cdTICA, IDENTIDAD Y MULTICULTURALIDAD &#8211; III TALLER DE [&hellip;]<\/p>\n","protected":false},"author":2,"featured_media":0,"comment_status":"closed","ping_status":"closed","sticky":false,"template":"","format":"standard","meta":{"_crdt_document":"","footnotes":""},"categories":[18],"tags":[792,476,239],"class_list":["post-13135","post","type-post","status-publish","format-standard","hentry","category-adhilac-cuba","tag-ciencia-y-tecnologia","tag-ciencias-politicas","tag-democracia"],"_links":{"self":[{"href":"https:\/\/adhilac.com.ar\/index.php?rest_route=\/wp\/v2\/posts\/13135","targetHints":{"allow":["GET"]}}],"collection":[{"href":"https:\/\/adhilac.com.ar\/index.php?rest_route=\/wp\/v2\/posts"}],"about":[{"href":"https:\/\/adhilac.com.ar\/index.php?rest_route=\/wp\/v2\/types\/post"}],"author":[{"embeddable":true,"href":"https:\/\/adhilac.com.ar\/index.php?rest_route=\/wp\/v2\/users\/2"}],"replies":[{"embeddable":true,"href":"https:\/\/adhilac.com.ar\/index.php?rest_route=%2Fwp%2Fv2%2Fcomments&post=13135"}],"version-history":[{"count":32,"href":"https:\/\/adhilac.com.ar\/index.php?rest_route=\/wp\/v2\/posts\/13135\/revisions"}],"predecessor-version":[{"id":14040,"href":"https:\/\/adhilac.com.ar\/index.php?rest_route=\/wp\/v2\/posts\/13135\/revisions\/14040"}],"wp:attachment":[{"href":"https:\/\/adhilac.com.ar\/index.php?rest_route=%2Fwp%2Fv2%2Fmedia&parent=13135"}],"wp:term":[{"taxonomy":"category","embeddable":true,"href":"https:\/\/adhilac.com.ar\/index.php?rest_route=%2Fwp%2Fv2%2Fcategories&post=13135"},{"taxonomy":"post_tag","embeddable":true,"href":"https:\/\/adhilac.com.ar\/index.php?rest_route=%2Fwp%2Fv2%2Ftags&post=13135"}],"curies":[{"name":"wp","href":"https:\/\/api.w.org\/{rel}","templated":true}]}}