{"id":13237,"date":"2017-10-27T18:08:17","date_gmt":"2017-10-27T21:08:17","guid":{"rendered":"https:\/\/adhilac.com.ar\/?p=13237"},"modified":"2017-10-29T06:29:49","modified_gmt":"2017-10-29T09:29:49","slug":"congreso-el-capitalismo-global-en-america-latina-la-habana-1-3-de-noviembre-de-2017-2","status":"publish","type":"post","link":"https:\/\/adhilac.com.ar\/?p=13237","title":{"rendered":"Congreso \u00abEl Capitalismo Global en Am\u00e9rica Latina\u00bb. La Habana. 1-3 de noviembre de 2017."},"content":{"rendered":"<p style=\"text-align: justify;\"><strong>Segunda Circular<\/strong><\/p>\n<div style=\"text-align: justify;\">\n<p><a href=\"https:\/\/adhilac.com.ar\/wp-content\/uploads\/2017\/09\/CONVOCATORIA-FINAL-ULTIMO-LLAMADO-ADHILAC-Cuba.pdf\">CONVOCATORIA FINAL (ULTIMO LLAMADO) ADHILAC-Cuba<\/a><\/p>\n<p>La Asociaci\u00f3n de Historiadores Latinoamericanos y del Caribe (ADHILAC), con el coauspicio de la Oficina del Historiador de la Habana, la Facultad de Filosof\u00eda e Historia \u00a0de \u00a0la \u00a0Universidad \u00a0de \u00a0la \u00a0Habana \u00a0y \u00a0la \u00a0Red \u00a0para \u00a0el \u00a0Estudio \u00a0Cr\u00edtico \u00a0\u00a0del<\/p>\n<p>Capitalismo\u00a0\u00a0\u00a0 \u00a0Global\u00a0\u00a0\u00a0 \u00a0(NCSGC),\u00a0\u00a0\u00a0 \u00a0convocan\u00a0\u00a0\u00a0 \u00a0a\u00a0\u00a0 \u00a0participar\u00a0\u00a0\u00a0 \u00a0en\u00a0\u00a0 \u00a0el\u00a0 \u00a0Congreso Internacional \u00a0\u201cEl \u00a0Capitalismo \u00a0Global \u00a0en\u00a0 las \u00a0Am\u00e9ricas\u201d. \u00a0Este \u00a0evento \u00a0se desarrollar\u00e1 del 1 al 3 de noviembre de 2017 en las instalaciones del Colegio Universitario \u00a0de San Ger\u00f3nimo, ubicado en Obispo y Mercaderes en La Habana Vieja, Cuba, y ofrecer\u00e1 una oportunidad para reexaminar un importante grupo de temas que caracterizan en la actualidad la evoluci\u00f3n global del capitalismo.<!--more--><\/p>\n<p>&nbsp;<\/p>\n<p><strong>El temario contempla los siguientes temas y mesas de trabajo:<\/strong><\/p>\n<p>&nbsp;<\/p>\n<p><strong>I. \u00a0\u00a0\u00a0\u00a0\u00a0El capital transnacional y su incidencia en Am\u00e9rica Latina <\/strong><\/p>\n<p>&nbsp;<\/p>\n<p><strong>II. \u00a0\u00a0\u00a0\u00a0\u00a0Capitalismo global, el proceso de acumulaci\u00f3n y las perspectivas del <\/strong><\/p>\n<p><strong>desarrollo <\/strong><\/p>\n<p>&nbsp;<\/p>\n<p><strong>III. \u00a0\u00a0\u00a0\u00a0La \u00a0presidencia \u00a0de \u00a0Trump \u00a0y \u00a0el \u00a0reforzamiento \u00a0de \u00a0las \u00a0concepciones <\/strong><\/p>\n<p><strong> <\/strong><strong>neoliberales, neofascistas y el autoritarismo en las relaciones <\/strong><\/p>\n<p><strong>i<\/strong><strong>n<\/strong><strong>te<\/strong><strong>r<\/strong><strong>na<\/strong><strong>cionales <\/strong><\/p>\n<p>&nbsp;<\/p>\n<p><strong>IV. \u00a0\u00a0\u00a0\u00a0Movimientos sociales y populares en Am\u00e9rica Latina en el siglo XXI <\/strong><\/p>\n<p>&nbsp;<\/p>\n<p><strong>V. \u00a0\u00a0\u00a0\u00a0\u00a0Migraciones y la necesidad de la creaci\u00f3n de mecanismos para <\/strong><\/p>\n<p><strong>enfrentarlos <\/strong><\/p>\n<p>&nbsp;<\/p>\n<p><strong>VI. \u00a0\u00a0\u00a0\u00a0El Capitalismo transnacional y el papel del Estado <\/strong><\/p>\n<p>&nbsp;<\/p>\n<p><strong>VII. \u00a0\u00a0\u00a0\u00a0Financiarizaci\u00f3n de las relaciones internacionales y rol de los pa\u00edses <\/strong><\/p>\n<p><strong>f<\/strong><strong>i<\/strong><strong>s<\/strong><strong>c<\/strong><strong>a<\/strong><strong>l<\/strong><strong>e<\/strong><strong>s <\/strong><\/p>\n<p>&nbsp;<\/p>\n<p><strong>VIII.\u00a0 \u00a0\u00a0Educaci\u00f3n, instituciones \u00a0culturales y otras <\/strong><\/p>\n<p>&nbsp;<\/p>\n<p><strong>IX. \u00a0\u00a0\u00a0\u00a0La represi\u00f3n estatal, la militarizaci\u00f3n, el poder blando y los golpes de <\/strong><\/p>\n<p><strong>estado <\/strong><\/p>\n<p>&nbsp;<\/p>\n<p><strong>X.\u00a0\u00a0\u00a0\u00a0 \u00a0La clase obrera, la guerra contra los marginados y los s\u00faper\u2010<\/strong><\/p>\n<p><strong>explotados <\/strong><\/p>\n<p>&nbsp;<\/p>\n<p><strong>XI. \u00a0\u00a0\u00a0\u00a0Redes corporativas globales y su incidencia en Am\u00e9rica Latina y el <\/strong><\/p>\n<p><strong>Caribe <\/strong><\/p>\n<p>&nbsp;<\/p>\n<p><strong>XII. \u00a0\u00a0\u00a0\u00a0\u00a0Capitalismo, clase y relaciones de poder en estas regiones <\/strong><\/p>\n<p>&nbsp;<\/p>\n<p><strong>XIII. \u00a0\u00a0\u00a0\u00a0Formaci\u00f3n ideol\u00f3gica en la \u00e9poca global <\/strong><\/p>\n<\/div>\n<p style=\"text-align: justify;\">&nbsp;<\/p>\n<div style=\"text-align: justify;\">\n<p><strong>XIV<\/strong><strong>.<\/strong><strong> <\/strong><strong> <\/strong><strong> <\/strong><strong> <\/strong><strong>Conflictos de recursos naturales y movimientos ambientales. <\/strong><\/p>\n<p>&nbsp;<\/p>\n<p><strong>X<\/strong><strong>V<\/strong><strong>.<\/strong><strong> <\/strong><strong> <\/strong><strong> <\/strong><strong> <\/strong><strong> <\/strong><strong> Trayectoria hist\u00f3rica del capital global. <\/strong><\/p>\n<p>&nbsp;<\/p>\n<p><strong>XVI.\u00a0 \u00a0\u00a0\u00a0\u00a0La actualizaci\u00f3n del modelo econ\u00f3mico en Cuba y los retos de la <\/strong><\/p>\n<p><strong>globalizaci\u00f3n <\/strong><\/p>\n<p>&nbsp;<\/p>\n<p><strong>XVII. \u00a0\u00a0\u00a0\u00a0\u00a0Las relaciones de Cuba y los Estados Unidos de Am\u00e9rica en el actual <\/strong><\/p>\n<p><strong>contexto global. <\/strong><\/p>\n<p>&nbsp;<\/p>\n<p><strong>XVIII. \u00a0\u00a0\u00a0\u00a0Enfoques hist\u00f3ricos e historiogr\u00e1ficos sobre el capitalismo <\/strong><strong> <\/strong><\/p>\n<p>&nbsp;<\/p>\n<p>El Evento ser\u00e1 estructurado por paneles y mesas de presentaci\u00f3n de ponencias organizadas seg\u00fan el temario del congreso<\/p>\n<p>&nbsp;<\/p>\n<p>Para \u00a0formalizar \u00a0su \u00a0inscripci\u00f3n, \u00a0los\u00a0 interesados, \u00a0tanto \u00a0nacionales \u00a0como extranjeros,\u00a0 deber\u00e1n enviar a los organizadores \u00a0del Congreso por <em>e. mail<\/em>, antes del 1 de octubre de 2017, un resumen de su ponencia en ingl\u00e9s y espa\u00f1ol, de uno o\u00a0\u00a0 dos\u00a0 \u00a0p\u00e1rrafos\u00a0 \u00a0de\u00a0 \u00a0extensi\u00f3n\u00a0 \u00a0en\u00a0 \u00a0formato\u00a0 \u00a0electr\u00f3nico,\u00a0 \u00a0as\u00ed\u00a0 \u00a0como\u00a0 \u00a0sus\u00a0 \u00a0datos personales. El Comit\u00e9 Acad\u00e9mico del Congreso \u201cEl Capitalismo Global en las Am\u00e9ricas\u201d \u00a0evaluar\u00e1 \u00a0las propuestas \u00a0y enviar\u00e1 \u00a0a vuelta de email una constancia oficial de aceptaci\u00f3n. Las ponencias seleccionadas para participar deber\u00e1n entregarse\u00a0 \u00a0en\u00a0\u00a0 forma\u00a0 \u00a0electr\u00f3nica,\u00a0 \u00a0el\u00a0\u00a0 texto\u00a0 \u00a0\u00edntegro\u00a0 \u00a0de\u00a0\u00a0 sus\u00a0 \u00a0trabajos \u00a0deber\u00e1 enviarse \u00a0antes \u00a0del \u00a015 \u00a0de \u00a0octubre, \u00a0los \u00a0documentos\u00a0 \u00a0a \u00a0presentar \u00a0no deber\u00e1n exceder de 10 p\u00e1ginas, pues los ponentes solo dispondr\u00e1n de 15 minutos para la presentaci\u00f3n de sus textos.<\/p>\n<p>&nbsp;<\/p>\n<p>La cuota de inscripci\u00f3n para todos los participantes, tanto ponentes como observadores, ser\u00e1 de US $175 (o equivalente a la moneda convertible cubana seg\u00fan la tasa de cambio vigente).<\/p>\n<p>&nbsp;<\/p>\n<p>El pago de la cuota de inscripci\u00f3n debe hacerse antes del 5 de Octubre, a trav\u00e9s del siguiente sitio:<\/p>\n<p>&nbsp;<\/p>\n<p><span style=\"text-decoration: underline;\">h<\/span><span style=\"text-decoration: underline;\">t<\/span><a href=\"http:\/\/www.paypal.com\/webapps\/shoppingcart?mid=8769361249194801089\">tps:\/\/www.paypal.com\/webapps\/<\/a><span style=\"text-decoration: underline;\">shoppi<\/span><a href=\"http:\/\/www.paypal.com\/webapps\/shoppingcart?mid=8769361249194801089\">ngcart?mid=8769361249194801089<\/a><\/p>\n<p><span style=\"text-decoration: underline;\">7<\/span><span style=\"text-decoration: underline;\">61021504379360&amp;flowlogging_id=48b2f7ab59829#\/checkout\/shoppingCart<\/span><\/p>\n<p>&nbsp;<\/p>\n<p>La pol\u00edtica de cancelaci\u00f3n para beneficio de aquellos que por cualquier motivo no puedan asistir al congreso despu\u00e9s de haber efectuado el pago de la cuota de inscripci\u00f3n es la siguiente:<\/p>\n<p>&nbsp;<\/p>\n<p>Cancelaci\u00f3n antes del d\u00eda 15 de Octubre: devoluci\u00f3n del 100% de la cuota. Cancelaci\u00f3n antes del d\u00eda 22 de Octubre: devoluci\u00f3n del 50% de la cuota. Cancelaci\u00f3n antes del d\u00eda 29 de Octubre: No hay devoluci\u00f3n.<\/p>\n<p>Al dinero devuelto se le restar\u00e1 cualquier costo de tr\u00e1mite bancario.<\/p>\n<p>&nbsp;<\/p>\n<p>El \u00a0acceso \u00a0a \u00a0Cuba \u00a0puede \u00a0realizarse \u00a0a \u00a0trav\u00e9s \u00a0de \u00a0las \u00a0agencias \u00a0de \u00a0turismo \u00a0que habitualmente realizan viajes a Cuba.<\/p>\n<p>&nbsp;<\/p>\n<p>Para cualquier informaci\u00f3n adicional, as\u00ed como para enviar las ponencias y datos personales,\u00a0 \u00a0los\u00a0 \u00a0interesados\u00a0 \u00a0deben\u00a0 \u00a0comunicarse\u00a0 \u00a0con\u00a0 \u00a0los\u00a0 \u00a0coordinadores\u00a0 \u00a0del<\/p>\n<\/div>\n<p style=\"text-align: justify;\">&nbsp;<\/p>\n<p style=\"text-align: justify;\">coloquio Dr. Hiram Marquetti Nodarse, \u00a0<a href=\"mailto:hiramlisbet@gmail.com\"><strong>hiramlisbet@gmail.com<\/strong><\/a><strong><span style=\"text-decoration: underline;\"> <\/span><\/strong>y Msc. Ren\u00e9 Villaboy\u00a0 \u00a0Zaldivar \u00a0<strong> <\/strong><a href=\"mailto:rene@ffh.uh.cu\"><strong>rene@ffh.uh.cu<\/strong>. <\/a>Tambi\u00e9n\u00a0 \u00a0pueden\u00a0 \u00a0llamar\u00a0 \u00a0a\u00a0 \u00a0los\u00a0 \u00a0tel\u00e9fonos (53)78323200 y 78307328 del Departamento de Historia de Universidad de LaHabana, ubicado en L y 27, n\u00famero 160, El Vedado, La Habana.<\/p>\n<p style=\"text-align: justify;\">&nbsp;<\/p>\n<p style=\"text-align: justify;\">Los participantes que viajan con pasaporte de EEUU y todo aquel que vive en ese pa\u00eds o es empleado por entidades del mismo por favor comunicarse, \u00a0en Ingles, con el Sr. Jerry Harris (<span style=\"text-decoration: underline;\">gharris234@comcast.net<\/span>) \u00a0para obtener m\u00e1s informaci\u00f3n acerca de los requisitos a llenar para viajar a Cuba desde los EEUU.<\/p>\n<p style=\"text-align: justify;\">&nbsp;<\/p>\n<p style=\"text-align: justify;\">El equipo de apoyo del evento estar\u00e1 integrado tambi\u00e9n por la Dra. Geraldine Ezquerra \u00a0Quintana \u00a0y \u00a0la\u00a0 Msc. \u00a0Rebeca \u00a0Ramos, \u00a0ambas \u00a0profesoras \u00a0del Departamento de Sociolog\u00eda de la Universidad de la Habana.<\/p>\n<p style=\"text-align: justify;\">&nbsp;<\/p>\n<p style=\"text-align: justify;\">El\u00a0 \u00a0Comit\u00e9\u00a0 \u00a0Acad\u00e9mico\u00a0 \u00a0del\u00a0 \u00a0evento\u00a0 \u00a0lo\u00a0 \u00a0integran:\u00a0 \u00a0Dr.\u00a0 \u00a0Sergio\u00a0 \u00a0Guerra\u00a0 \u00a0Vilaboy, Presidente de la ADHILAC, Dr. Ernel Gonz\u00e1lez Mastrapa, Decano de la Facultad de Filosof\u00eda e Historia; Dr. Antonio Romero, Decano de la Facultad de Econom\u00eda, Dr.\u00a0 \u00a0L\u00e1zaro\u00a0 \u00a0Pe\u00f1a\u00a0 \u00a0Castellano,\u00a0 \u00a0Director\u00a0 \u00a0del\u00a0 \u00a0Centro\u00a0 \u00a0de\u00a0 \u00a0Investigaciones\u00a0 \u00a0de\u00a0 \u00a0la Econom\u00eda Internacional de la Universidad de la Habana, Dr. William K. Carroll (Universidad de Victoria, Canad\u00e1), Dr. Vladimir Pacheco Cueva (Aarhus Univ. Dinamarca), Dr. Anthony van Fossen (Universidad Griffith Australia), Dr. Jerry Harris (Global Studies Association, EE.UU.), Dr. Marek Hrubec (Academia Checa de Ciencias), Dra. Georgina Murray (Universidad de Griffith, Australia), Dr. Isaias R. Rivera (Universidad Aut\u00f3noma de Chihuahua, M\u00e9xico), Dr. William I. Robinson (Univ. De California Santa Barbara, EE.UU.), Dr. Leslie Sklair (London School of Economics,\u00a0 \u00a0Reino\u00a0 \u00a0Unido),\u00a0 \u00a0Dr.\u00a0 \u00a0Jeb\u00a0 \u00a0Sprague\u2010Silgado\u00a0 \u00a0(Universidad\u00a0 \u00a0de\u00a0 \u00a0Santa Barbara, EE.UU.) y Dr. Hilbourne Watson (Bucknell Univ. US).<\/p>\n<p style=\"text-align: justify;\">&nbsp;<\/p>\n<p style=\"text-align: justify;\">&nbsp;<\/p>\n<p style=\"text-align: justify;\">&nbsp;<\/p>\n<p style=\"text-align: justify;\"><a href=\"http:\/\/www.adhilac.com.ar\/\">www.adhilac.com.ar<\/a><\/p>\n<p style=\"text-align: justify;\"><img decoding=\"async\" src=\"https:\/\/adhilac.com.ar\/wp-content\/uploads\/2013\/11\/ADHILAC-para-nosotros.png\" alt=\"\" \/><\/p>\n<p style=\"text-align: justify;\">&nbsp;<\/p>\n<p><strong>Publicado por ADHILAC Internacional \u00a9 www.adhilac.com.ar<\/strong><\/p>\n<p>Si Ud. desea asociarse de acuerdo a los Estatutos de ADHILAC\u00a0<a title=\"(ver)\" href=\"https:\/\/adhilac.com.ar\/?page_id=263\">(ver)<\/a> complete el siguiente formulario\u00a0<a title=\"(ver)\" href=\"https:\/\/adhilac.com.ar\/?page_id=3194\">(ver)<\/a><\/p>\n<p>E-mail: info@adhilac.com.ar<strong> <\/strong><\/p>\n<p>Twitter: @AdhilacInfo<\/p>\n<p style=\"text-align: justify;\">&nbsp;<\/p>\n","protected":false},"excerpt":{"rendered":"<p>Segunda Circular CONVOCATORIA FINAL (ULTIMO LLAMADO) ADHILAC-Cuba La Asociaci\u00f3n de Historiadores Latinoamericanos y del Caribe (ADHILAC), con el coauspicio de la Oficina del Historiador de la Habana, la Facultad de Filosof\u00eda e Historia \u00a0de \u00a0la \u00a0Universidad \u00a0de \u00a0la \u00a0Habana \u00a0y \u00a0la \u00a0Red \u00a0para \u00a0el \u00a0Estudio \u00a0Cr\u00edtico \u00a0\u00a0del Capitalismo\u00a0\u00a0\u00a0 \u00a0Global\u00a0\u00a0\u00a0 \u00a0(NCSGC),\u00a0\u00a0\u00a0 \u00a0convocan\u00a0\u00a0\u00a0 \u00a0a\u00a0\u00a0 \u00a0participar\u00a0\u00a0\u00a0 \u00a0en\u00a0\u00a0 \u00a0el\u00a0 [&hellip;]<\/p>\n","protected":false},"author":2,"featured_media":0,"comment_status":"closed","ping_status":"closed","sticky":false,"template":"","format":"standard","meta":{"_crdt_document":"","footnotes":""},"categories":[18,5,40],"tags":[13,798],"class_list":["post-13237","post","type-post","status-publish","format-standard","hentry","category-adhilac-cuba","category-congresos","category-informaciones","tag-america-latina","tag-capitalismo"],"_links":{"self":[{"href":"https:\/\/adhilac.com.ar\/index.php?rest_route=\/wp\/v2\/posts\/13237","targetHints":{"allow":["GET"]}}],"collection":[{"href":"https:\/\/adhilac.com.ar\/index.php?rest_route=\/wp\/v2\/posts"}],"about":[{"href":"https:\/\/adhilac.com.ar\/index.php?rest_route=\/wp\/v2\/types\/post"}],"author":[{"embeddable":true,"href":"https:\/\/adhilac.com.ar\/index.php?rest_route=\/wp\/v2\/users\/2"}],"replies":[{"embeddable":true,"href":"https:\/\/adhilac.com.ar\/index.php?rest_route=%2Fwp%2Fv2%2Fcomments&post=13237"}],"version-history":[{"count":8,"href":"https:\/\/adhilac.com.ar\/index.php?rest_route=\/wp\/v2\/posts\/13237\/revisions"}],"predecessor-version":[{"id":13384,"href":"https:\/\/adhilac.com.ar\/index.php?rest_route=\/wp\/v2\/posts\/13237\/revisions\/13384"}],"wp:attachment":[{"href":"https:\/\/adhilac.com.ar\/index.php?rest_route=%2Fwp%2Fv2%2Fmedia&parent=13237"}],"wp:term":[{"taxonomy":"category","embeddable":true,"href":"https:\/\/adhilac.com.ar\/index.php?rest_route=%2Fwp%2Fv2%2Fcategories&post=13237"},{"taxonomy":"post_tag","embeddable":true,"href":"https:\/\/adhilac.com.ar\/index.php?rest_route=%2Fwp%2Fv2%2Ftags&post=13237"}],"curies":[{"name":"wp","href":"https:\/\/api.w.org\/{rel}","templated":true}]}}