{"id":13291,"date":"2017-09-21T19:08:13","date_gmt":"2017-09-21T22:08:13","guid":{"rendered":"https:\/\/adhilac.com.ar\/?p=13291"},"modified":"2017-09-21T19:08:34","modified_gmt":"2017-09-21T22:08:34","slug":"mexico-suspension-de-eventos-del-inerm","status":"publish","type":"post","link":"https:\/\/adhilac.com.ar\/?p=13291","title":{"rendered":"M\u00c9XICO &#8211; Suspensi\u00f3n de eventos del INERM"},"content":{"rendered":"<p style=\"text-align: justify;\"><span style=\"color: #339966;\">Derivado  del pasado sismo y por instrucciones de la Secretar\u00eda de Cultura, el  INEHRM se une a la declaratoria de emergencia que emiti\u00f3 el Gobierno de  la Ciudad de M\u00e9xico.<\/span><\/p>\n<p style=\"text-align: justify;\"><span style=\"color: #339966;\"> Por su seguridad <strong>quedan suspendidos todos los eventos hasta nuevo aviso<\/strong>.<\/span><\/p>\n<p style=\"text-align: justify;\"><span style=\"color: #339966;\">Asimismo, expresa sus condolencias y solidaridad con los afectados y damnificados.<!--more--><\/span><\/p>\n<p>&nbsp;<\/p>\n<p><strong>Publicado por ADHILAC Internacional \u00a9 www.adhilac.com.ar<\/strong><\/p>\n<p>Si Ud. desea asociarse de acuerdo a los Estatutos de ADHILAC\u00a0<a title=\"(ver)\" href=\"https:\/\/adhilac.com.ar\/?page_id=263\">(ver)<\/a>complete el siguiente formulario\u00a0<a title=\"(ver)\" href=\"https:\/\/adhilac.com.ar\/?page_id=3194\">(ver)<\/a><\/p>\n<p>E-mail:\u00a0info@adhilac.com.ar<strong> <\/strong><\/p>\n<p>Twitter: @AdhilacInfo<\/p>\n","protected":false},"excerpt":{"rendered":"<p>Derivado del pasado sismo y por instrucciones de la Secretar\u00eda de Cultura, el INEHRM se une a la declaratoria de emergencia que emiti\u00f3 el Gobierno de la Ciudad de M\u00e9xico. Por su seguridad quedan suspendidos todos los eventos hasta nuevo aviso. Asimismo, expresa sus condolencias y solidaridad con los afectados y damnificados.<\/p>\n","protected":false},"author":2,"featured_media":0,"comment_status":"closed","ping_status":"closed","sticky":false,"template":"","format":"standard","meta":{"_crdt_document":"","footnotes":""},"categories":[40],"tags":[805],"class_list":["post-13291","post","type-post","status-publish","format-standard","hentry","category-informaciones","tag-emergencia-en-ciudad-de-mexico"],"_links":{"self":[{"href":"https:\/\/adhilac.com.ar\/index.php?rest_route=\/wp\/v2\/posts\/13291","targetHints":{"allow":["GET"]}}],"collection":[{"href":"https:\/\/adhilac.com.ar\/index.php?rest_route=\/wp\/v2\/posts"}],"about":[{"href":"https:\/\/adhilac.com.ar\/index.php?rest_route=\/wp\/v2\/types\/post"}],"author":[{"embeddable":true,"href":"https:\/\/adhilac.com.ar\/index.php?rest_route=\/wp\/v2\/users\/2"}],"replies":[{"embeddable":true,"href":"https:\/\/adhilac.com.ar\/index.php?rest_route=%2Fwp%2Fv2%2Fcomments&post=13291"}],"version-history":[{"count":2,"href":"https:\/\/adhilac.com.ar\/index.php?rest_route=\/wp\/v2\/posts\/13291\/revisions"}],"predecessor-version":[{"id":13293,"href":"https:\/\/adhilac.com.ar\/index.php?rest_route=\/wp\/v2\/posts\/13291\/revisions\/13293"}],"wp:attachment":[{"href":"https:\/\/adhilac.com.ar\/index.php?rest_route=%2Fwp%2Fv2%2Fmedia&parent=13291"}],"wp:term":[{"taxonomy":"category","embeddable":true,"href":"https:\/\/adhilac.com.ar\/index.php?rest_route=%2Fwp%2Fv2%2Fcategories&post=13291"},{"taxonomy":"post_tag","embeddable":true,"href":"https:\/\/adhilac.com.ar\/index.php?rest_route=%2Fwp%2Fv2%2Ftags&post=13291"}],"curies":[{"name":"wp","href":"https:\/\/api.w.org\/{rel}","templated":true}]}}