{"id":13489,"date":"2017-11-03T09:22:03","date_gmt":"2017-11-03T12:22:03","guid":{"rendered":"https:\/\/adhilac.com.ar\/?p=13489"},"modified":"2017-11-05T09:32:13","modified_gmt":"2017-11-05T12:32:13","slug":"x-jornadas-interdisciplinarias-de-estudios-agrarios-y-agroindustriales-argentinos-y-latinoamericanos-fce-uba-argentina-7-al-10112017","status":"publish","type":"post","link":"https:\/\/adhilac.com.ar\/?p=13489","title":{"rendered":"X Jornadas Interdisciplinarias de Estudios Agrarios y Agroindustriales Argentinos y Latinoamericanos. FCE, UBA. Argentina. 7 al 10\/11\/2017"},"content":{"rendered":"<p style=\"text-align: justify;\"><strong><a href=\"https:\/\/adhilac.com.ar\/wp-content\/uploads\/2017\/11\/Jornadas-Interdisciplinarias-de-Estudios-Agrarios-y-Agroindustriales-Argentinos-y-Latinoamericanos.jpg\"><img loading=\"lazy\" decoding=\"async\" class=\"alignleft size-medium wp-image-13492\" title=\"Jornadas Interdisciplinarias de Estudios Agrarios y Agroindustriales Argentinos y Latinoamericanos\" src=\"https:\/\/adhilac.com.ar\/wp-content\/uploads\/2017\/11\/Jornadas-Interdisciplinarias-de-Estudios-Agrarios-y-Agroindustriales-Argentinos-y-Latinoamericanos-211x300.jpg\" alt=\"\" width=\"169\" height=\"240\" srcset=\"https:\/\/adhilac.com.ar\/wp-content\/uploads\/2017\/11\/Jornadas-Interdisciplinarias-de-Estudios-Agrarios-y-Agroindustriales-Argentinos-y-Latinoamericanos-211x300.jpg 211w, https:\/\/adhilac.com.ar\/wp-content\/uploads\/2017\/11\/Jornadas-Interdisciplinarias-de-Estudios-Agrarios-y-Agroindustriales-Argentinos-y-Latinoamericanos.jpg 667w\" sizes=\"auto, (max-width: 169px) 100vw, 169px\" \/><\/a><\/strong>Desde el Centro Interdisciplinario de Estudios Agrarios (CIEA)\u00a0les invitamos a participar de las siguientes actividades abiertas,\u00a0en el marco de las X Jornadas Interdisciplinarias de Estudios Agrarios y Agroindustriales Argentinos y Latinoamericanos, que se desarrollar\u00e1n del\u00a0 7 al 10 de Noviembre, en la Facultad de Ciencias Econ\u00f3micas de la UBA<\/p>\n<p style=\"text-align: justify;\"><strong>Martes 7 de Noviembre &#8211; 18:00 horas<\/strong><\/p>\n<p style=\"text-align: justify;\"><strong>Apertura de las Jornadas y Homenaje a Miguel Murmis<\/strong><\/p>\n<p style=\"text-align: justify;\">CUESTI\u00d3N AGRARIA. VIEJOS PROBLEMAS Y ALGUNAS DISCUSIONES CONTEMPOR\u00c1NEAS<\/p>\n<p style=\"text-align: justify;\"><strong>Expone y conversa con nosotros:\u00a0Miguel Murmis<\/strong><\/p>\n<p style=\"text-align: justify;\">Presentaci\u00f3n y coordinaci\u00f3n:\u00a0Gabriela Mart\u00ednez Dougnac y M\u00f3nica Bendini.<!--more--><\/p>\n<p style=\"text-align: justify;\">Facultad de Ciencias Econ\u00f3micas, Universidad de Buenos Aires<\/p>\n<p style=\"text-align: justify;\">Sal\u00f3n de Usos M\u00faltiples (SUM), 1\u00b0 Piso, ala Calle Jun\u00edn<\/p>\n<p style=\"text-align: justify;\">&nbsp;<\/p>\n<p style=\"text-align: justify;\"><strong>Mi\u00e9rcoles 8 de Noviembre, 18:00 horas<\/strong><\/p>\n<p style=\"text-align: justify;\">&nbsp;<\/p>\n<p style=\"text-align: justify;\"><strong>Mesa Redonda.<\/strong><\/p>\n<p style=\"text-align: justify;\">&nbsp;<\/p>\n<p style=\"text-align: justify;\">MIGRANTES, TRABAJADORES Y FARMERS EN LOS ESTADOS UNIDOS DE TRUMP. \u00bfEL INICIO DE UNA NUEVA ETAPA GLOBAL?<\/p>\n<p style=\"text-align: justify;\">&nbsp;<\/p>\n<p style=\"text-align: justify;\"><strong>Intervienen:<\/strong><\/p>\n<p style=\"text-align: justify;\">Cornelia\u00a0Butler Flora. Soci\u00f3loga, Profesora Em\u00e9rita de la Iowa State University e Investigadora de la Kansas State Univerity, Estados Unidos.<\/p>\n<p style=\"text-align: justify;\">Jan Flora. Soci\u00f3logo y Extensionista de la Iowa State University, Estados Unidos.<\/p>\n<p style=\"text-align: justify;\">&nbsp;<\/p>\n<p style=\"text-align: justify;\"><strong>Coordina:<\/strong><\/p>\n<p style=\"text-align: justify;\">Juan Manuel Villulla<\/p>\n<p style=\"text-align: justify;\">&nbsp;<\/p>\n<p style=\"text-align: justify;\">Facultad de Ciencias Econ\u00f3micas, Universidad de Buenos Aires<\/p>\n<p style=\"text-align: justify;\">Sal\u00f3n de Actos (1\u00b0 piso)<\/p>\n<p style=\"text-align: justify;\">&nbsp;<\/p>\n<p style=\"text-align: justify;\">&nbsp;<\/p>\n<p style=\"text-align: justify;\"><strong>Jueves 9 de Noviembre, 18:00 horas<\/strong><\/p>\n<p style=\"text-align: justify;\">&nbsp;<\/p>\n<p style=\"text-align: justify;\"><strong>Mesa Redonda.<\/strong><\/p>\n<p style=\"text-align: justify;\">&nbsp;<\/p>\n<p style=\"text-align: justify;\">PUEBLOS ORIGINARIOS: IDENTIDAD, TIERRA Y TERRITORIOS<\/p>\n<p style=\"text-align: justify;\">&nbsp;<\/p>\n<p style=\"text-align: justify;\"><strong>Intervienen:<\/strong><\/p>\n<p style=\"text-align: justify;\">&#8212; Adrian Gilberto Huilipan. Werken de la Confederaci\u00f3n Mapuche de Neuqu\u00e9n.<\/p>\n<p style=\"text-align: justify;\">&#8212; Daniel Ben\u00edtez. Etnia Qom, integrante del Movimiento de Naciones y Pueblos Originarios en Lucha del Chaco y de la Federaci\u00f3n Nacional Campesina.<\/p>\n<p style=\"text-align: justify;\">&#8212; Daniel S\u00e1nchez. Cacique de la Comunidad Potrero Rodeo Grande, perteneciente a la Uni\u00f3n de los Pueblos de la Naci\u00f3n Diaguita de Tucum\u00e1n.<\/p>\n<p style=\"text-align: justify;\">&#8212; Miriam Sotelo.\u00a0Comunidad Guaran\u00ed Jhaver\u00e9 de Corrientes.<\/p>\n<p style=\"text-align: justify;\">&nbsp;<\/p>\n<p style=\"text-align: justify;\"><strong>Coordina: <\/strong><\/p>\n<p style=\"text-align: justify;\">Luis Tiscornia<\/p>\n<p style=\"text-align: justify;\">&nbsp;<\/p>\n<p style=\"text-align: justify;\">Facultad de Ciencias Econ\u00f3micas, Universidad de Buenos Aires<\/p>\n<p style=\"text-align: justify;\">Sal\u00f3n de Actos (1\u00b0 piso)<\/p>\n<p style=\"text-align: justify;\">&nbsp;<\/p>\n<p><strong>Publicado por ADHILAC Internacional \u00a9 www.adhilac.com.ar<\/strong><\/p>\n<p>Si Ud. desea asociarse de acuerdo a los Estatutos de ADHILAC\u00a0<a title=\"(ver)\" href=\"https:\/\/adhilac.com.ar\/?page_id=263\">(ver)<\/a> complete el siguiente formulario\u00a0<a title=\"(ver)\" href=\"https:\/\/adhilac.com.ar\/?page_id=3194\">(ver)<\/a><\/p>\n<p>E-mail:\u00a0info@adhilac.com.ar<strong> <\/strong><\/p>\n<p>Twitter: @AdhilacInfo<\/p>\n","protected":false},"excerpt":{"rendered":"<p>Desde el Centro Interdisciplinario de Estudios Agrarios (CIEA)\u00a0les invitamos a participar de las siguientes actividades abiertas,\u00a0en el marco de las X Jornadas Interdisciplinarias de Estudios Agrarios y Agroindustriales Argentinos y Latinoamericanos, que se desarrollar\u00e1n del\u00a0 7 al 10 de Noviembre, en la Facultad de Ciencias Econ\u00f3micas de la UBA Martes 7 de Noviembre &#8211; 18:00 [&hellip;]<\/p>\n","protected":false},"author":2,"featured_media":0,"comment_status":"closed","ping_status":"closed","sticky":false,"template":"","format":"standard","meta":{"_crdt_document":"","footnotes":""},"categories":[5,15,40],"tags":[618,13,67,120],"class_list":["post-13489","post","type-post","status-publish","format-standard","hentry","category-congresos","category-historia","category-informaciones","tag-agroindustria","tag-america-latina","tag-argentina","tag-estudios-agrarios"],"_links":{"self":[{"href":"https:\/\/adhilac.com.ar\/index.php?rest_route=\/wp\/v2\/posts\/13489","targetHints":{"allow":["GET"]}}],"collection":[{"href":"https:\/\/adhilac.com.ar\/index.php?rest_route=\/wp\/v2\/posts"}],"about":[{"href":"https:\/\/adhilac.com.ar\/index.php?rest_route=\/wp\/v2\/types\/post"}],"author":[{"embeddable":true,"href":"https:\/\/adhilac.com.ar\/index.php?rest_route=\/wp\/v2\/users\/2"}],"replies":[{"embeddable":true,"href":"https:\/\/adhilac.com.ar\/index.php?rest_route=%2Fwp%2Fv2%2Fcomments&post=13489"}],"version-history":[{"count":9,"href":"https:\/\/adhilac.com.ar\/index.php?rest_route=\/wp\/v2\/posts\/13489\/revisions"}],"predecessor-version":[{"id":13499,"href":"https:\/\/adhilac.com.ar\/index.php?rest_route=\/wp\/v2\/posts\/13489\/revisions\/13499"}],"wp:attachment":[{"href":"https:\/\/adhilac.com.ar\/index.php?rest_route=%2Fwp%2Fv2%2Fmedia&parent=13489"}],"wp:term":[{"taxonomy":"category","embeddable":true,"href":"https:\/\/adhilac.com.ar\/index.php?rest_route=%2Fwp%2Fv2%2Fcategories&post=13489"},{"taxonomy":"post_tag","embeddable":true,"href":"https:\/\/adhilac.com.ar\/index.php?rest_route=%2Fwp%2Fv2%2Ftags&post=13489"}],"curies":[{"name":"wp","href":"https:\/\/api.w.org\/{rel}","templated":true}]}}