{"id":1371,"date":"2010-03-22T16:59:13","date_gmt":"2010-03-22T19:59:13","guid":{"rendered":"https:\/\/adhilac.com.ar\/?p=1371"},"modified":"2012-11-15T12:48:25","modified_gmt":"2012-11-15T15:48:25","slug":"juan-jose-castelli-medidas-a-favor-de-los-pueblos-originarios-tiahuanaco-25-de-mayo-de-1811","status":"publish","type":"post","link":"https:\/\/adhilac.com.ar\/?p=1371","title":{"rendered":"Juan Jos\u00e9 Castelli: Medidas a favor de los pueblos originarios."},"content":{"rendered":"<h3><span style=\"color: #339966;\">Tiahuanaco 25 de mayo de 1811<\/span><\/h3>\n<p style=\"text-align: justify;\">Juan Jos\u00e9 Castelli<\/p>\n<p style=\"text-align: justify;\"><em><span style=\"color: #000000;\">Cuartel general del ej\u00e9rcito auxiliar y combinado, de la libertad, en Tiahuanaco 25 de mayo de 1811 y segundo de la libertad de Sur Am\u00e9rica<\/span><\/em><\/p>\n<p style=\"text-align: justify;\"><span style=\"color: #000000;\"><img loading=\"lazy\" decoding=\"async\" class=\"size-full wp-image-1384 alignleft\" title=\"Castelli 2\" src=\"https:\/\/adhilac.com.ar\/wp-content\/uploads\/2010\/03\/Castelli-2.jpg\" alt=\"Castelli 2\" width=\"223\" height=\"320\" \/><\/span><\/p>\n<p style=\"text-align: justify;\">Los sentimientos manifestados por el gobierno superior de estas provincias desde su instalaci\u00f3n se han dirigido a uniformar la felicidad en todas las clases dedicando su preferente cuidado hacia aquella que se hallaba en estado, de elegirla m\u00e1s ejecutivamente.<\/p>\n<p style=\"text-align: justify;\">En este caso se consideran los naturales de este distrito que por tantos a\u00f1os han sido mirados con abandono y negligencia, oprimidos y defraudados en sus derechos y en cierto modo excluidos de la m\u00edsera condici\u00f3n de hombres que no se negaba a otras clases rebajadas por la preocupaci\u00f3n de su origen. As\u00ed es que despu\u00e9s de haber declarado el gobierno superior con la justicia que existe, su car\u00e1cter que los indios son y deben ser reputados con igual opci\u00f3n que los dem\u00e1s habitantes nacionales a todos los cargos, empleos, destinos, honores y distinciones por la igualdad de derechos de ciudadanos, sin otra diferencia que la que presta el m\u00e9rito y aptitud: <!--more-->no hay raz\u00f3n para que no se promuevan los medios de hacerlos \u00fatiles reformando los abusos introducidos en su perjuicio y propendiendo a su educaci\u00f3n, ilustraci\u00f3n y prosperidad con la ventaja que presta su noble disposici\u00f3n a las virtudes y adelantamientos econ\u00f3micos.<\/p>\n<p style=\"text-align: justify;\">En consecuencia ordeno que siendo los indios iguales a todas las dem\u00e1s clases en presencia de la ley, deber\u00e1n los gobernadores intendentes con sus colegas y con conocimiento de sus ayuntamientos y los subcolegas en sus respectivos distritos del mismo modo que los caciques, alcaldes y dem\u00e1s empleados dedicarse con preferencia a informar de las medidas inmediatas o provisionales que puedan adoptarse para reformar los abusos introducidos en perjuicio de los indios, aunque sean con el titulo de culto divino, promoviendo su beneficio en todos los ramos y con particularidad sobre repartimiento de tierras, establecimientos de escuelas en sus pueblos y excepci\u00f3n de cargas o imposici\u00f3n indebidas: pudiendo libremente informarme todo ciudadano que tenga conocimientos relativos a esta materia a fin de que impuesto del pormenor de todos los abusos por las relaciones que me hicieren pueda proceder a su reforma.<\/p>\n<p style=\"text-align: justify;\">\u00daltimamente declaro que todos los indios son acreedores a cualquier destino o empleo que se consideren capaces, del mismo modo que todo nacional id\u00f3neo, sea de la clase y condici\u00f3n que fuese, siempre que sus virtudes y talentos los hagan dignos de la consideraci\u00f3n del gobierno y a fin de que llegue a noticia de todos se publicar\u00e1 inmediatamente con las solemnidades de estilo, circul\u00e1ndose a todas las juntas provinciales y subalterna para que de acuerdo con los ayuntamientos celen su puntual y exacto cumplimiento, comunicando a todos los Subdelegados v jueces de su dependencia estas mismas disposiciones: en inteligencia de que en el preciso t\u00e9rmino de tres meses contados desde la fecha deber\u00e1n estar ya derogados todos los abusos perjudiciales a los naturales y fundados todos, los establecimientos necesarios para su educaci\u00f3n sin que a pretexto alguno se dilate impida o embarace el cumplimiento, de estas disposiciones.<\/p>\n<p style=\"text-align: justify;\">Y estando enterado por suficientes informes que tengo tomados de la mala versaci\u00f3n de los caciques por no ser electos con el conocimiento general y espont\u00e1neo de sus respectivas comunidades y dem\u00e1s indios aun sin traer a consideraci\u00f3n.\u00a0 Otros gravisimos inconvenientes que de aqu\u00ed resultan, mando que en lo sucesivo todos los caciques sin exclusi\u00f3n de los propietarios o de sangre no sean admitidos sin el previo consentimiento de las comunidades, parcialidades o aillios que deber\u00e1n proceder a elegirlos con conocimiento de sus jueces territoriales por votaci\u00f3n conforme a las reglas generales que rigen en estos casos, para que beneficiara en estos t\u00e9rminos se proceda por el gobierno a su respectiva aprobaci\u00f3n. &#8211;<\/p>\n<p style=\"text-align: justify;\">Fdo.: Doctor Castelli<\/p>\n<p style=\"text-align: justify;\">&nbsp;<\/p>\n<p style=\"text-align: justify;\"><strong><br \/>\n<\/strong><\/p>\n<p><strong>Publicado por ADHILAC Internacional \u00a9 www.adhilac.com.ar<\/strong><\/p>\n<p>Si Ud. desea asociarse de acuerdo a los Estatutos de ADHILAC\u00a0<a title=\"(ver)\" href=\"https:\/\/adhilac.com.ar\/?page_id=263\">(ver)<\/a> complete el siguiente formulario\u00a0<a title=\"(ver)\" href=\"https:\/\/adhilac.com.ar\/?page_id=3194\">(ver)<\/a><\/p>\n<p>E-mail: info@adhilac.com.ar<strong> <\/strong><\/p>\n<p>Twitter: @AdhilacInfo<\/p>\n","protected":false},"excerpt":{"rendered":"<p>Tiahuanaco 25 de mayo de 1811 Juan Jos\u00e9 Castelli Cuartel general del ej\u00e9rcito auxiliar y combinado, de la libertad, en Tiahuanaco 25 de mayo de 1811 y segundo de la libertad de Sur Am\u00e9rica Los sentimientos manifestados por el gobierno superior de estas provincias desde su instalaci\u00f3n se han dirigido a uniformar la felicidad en [&hellip;]<\/p>\n","protected":false},"author":28,"featured_media":0,"comment_status":"closed","ping_status":"closed","sticky":false,"template":"","format":"standard","meta":{"_crdt_document":"","footnotes":""},"categories":[6,8],"tags":[47,22,322,36,45],"class_list":["post-1371","post","type-post","status-publish","format-standard","hentry","category-biblioteca","category-fuentes-testimonios","tag-alto-peru","tag-emancipacion-americana","tag-igualdad","tag-provincias-unidas-del-rio-de-la-plata","tag-pueblos-originarios"],"_links":{"self":[{"href":"https:\/\/adhilac.com.ar\/index.php?rest_route=\/wp\/v2\/posts\/1371","targetHints":{"allow":["GET"]}}],"collection":[{"href":"https:\/\/adhilac.com.ar\/index.php?rest_route=\/wp\/v2\/posts"}],"about":[{"href":"https:\/\/adhilac.com.ar\/index.php?rest_route=\/wp\/v2\/types\/post"}],"author":[{"embeddable":true,"href":"https:\/\/adhilac.com.ar\/index.php?rest_route=\/wp\/v2\/users\/28"}],"replies":[{"embeddable":true,"href":"https:\/\/adhilac.com.ar\/index.php?rest_route=%2Fwp%2Fv2%2Fcomments&post=1371"}],"version-history":[{"count":10,"href":"https:\/\/adhilac.com.ar\/index.php?rest_route=\/wp\/v2\/posts\/1371\/revisions"}],"predecessor-version":[{"id":7357,"href":"https:\/\/adhilac.com.ar\/index.php?rest_route=\/wp\/v2\/posts\/1371\/revisions\/7357"}],"wp:attachment":[{"href":"https:\/\/adhilac.com.ar\/index.php?rest_route=%2Fwp%2Fv2%2Fmedia&parent=1371"}],"wp:term":[{"taxonomy":"category","embeddable":true,"href":"https:\/\/adhilac.com.ar\/index.php?rest_route=%2Fwp%2Fv2%2Fcategories&post=1371"},{"taxonomy":"post_tag","embeddable":true,"href":"https:\/\/adhilac.com.ar\/index.php?rest_route=%2Fwp%2Fv2%2Ftags&post=1371"}],"curies":[{"name":"wp","href":"https:\/\/api.w.org\/{rel}","templated":true}]}}