{"id":13758,"date":"2018-04-10T16:21:47","date_gmt":"2018-04-10T19:21:47","guid":{"rendered":"https:\/\/adhilac.com.ar\/?p=13758"},"modified":"2018-04-13T17:30:56","modified_gmt":"2018-04-13T20:30:56","slug":"ii-congreso-euroamericano-de-derecho-y-politica-2018-oruense-17-19-de-abril-2018","status":"publish","type":"post","link":"https:\/\/adhilac.com.ar\/?p=13758","title":{"rendered":"II Congreso Euroamericano de Derecho y Pol\u00edtica 2018. Oruense. 17-19 de abril 2018"},"content":{"rendered":"<h3 style=\"text-align: justify;\"><span style=\"color: #339966;\">CONVOCATORIA<\/span><\/h3>\n<p style=\"text-align: justify;\"><strong>II\u00a0Congreso Euroamericano de Derecho y Pol\u00edtica\u00a02018<\/strong><\/p>\n<p style=\"text-align: justify;\"><strong>Convocatoria de\u00a0Res\u00famenes expandidos <\/strong>(<em>Abstracts<\/em>)<\/p>\n<p style=\"text-align: justify;\">&nbsp;<\/p>\n<p style=\"text-align: justify;\">El\u00a0II\u00a0<a href=\"http:\/\/ceadp.webs.uvigo.es\/indexgl.html\" target=\"_blank\">Congreso Euroamericano de Derecho y Pol\u00edtica<\/a> abre la convocatoria para presentar los res\u00famenes (abstracts) de los trabajos propuestos cuya tem\u00e1tica deber\u00e1 encajar en alguno de los\u00a0<a href=\"http:\/\/ceadp.webs.uvigo.es\/gl\/paneles.html\" target=\"_blank\">paneles seleccionados<\/a> por el Comit\u00e9 Acad\u00e9mico. El plazo se extender\u00e1\u00a0<strong>hasta el 1 de marzo de 2018<\/strong>.<\/p>\n<p style=\"text-align: justify;\">El\u00a0<em>\u00c1rea de Ciencia Pol\u00edtica e da Administraci\u00f3n<\/em> de la Universidad de Vigo, en co-organizaci\u00f3n con el\u00a0<em>Programa de P\u00f3s-Gradua\u00e7\u00e3o em <\/em><em>Direitos, Institui\u00e7\u00f5es e Negocios<\/em> de la Universidad Federal Fluminense de R\u00edo de Janeiro invitan a la comunidad universitaria y a los investigadores a presentar propuestas de GRUPOS DE TRABAJO sobre la tem\u00e1tica del Congreso.<!--more--><\/p>\n<p style=\"text-align: justify;\">El\u00a0<a href=\"http:\/\/congresoeuroamericano2017.webs.uvigo.es\/index.html\" target=\"_blank\">Congreso Euroamericano de Derecho y Pol\u00edtica<\/a> es el resultado de la comprometida labor conjunta de investigadores de la\u00a0<a href=\"http:\/\/www.uff.br\/\" target=\"_blank\">Universidade Federal Fluminense<\/a> con la\u00a0<a href=\"http:\/\/www.uvigo.es\/\" target=\"_blank\">Universidade de Vigo<\/a>, con la intenci\u00f3n de ampliar el di\u00e1logo acerca de intereses comunes, promoviendo la aproximaci\u00f3n acad\u00e9mica y cient\u00edfica y propiciando una mejor comprensi\u00f3n del contexto social en realidades de or\u00edgenes estructurales conexos. La iniciativa se basa en las acciones de internacionalizaci\u00f3n presentes en los proyectos institucionales de todos los implicados, objetivando la producci\u00f3n cualificada y representante de realidades comparadas e influenciadas. El Congreso Euroamericano pretende ser un foro de discusi\u00f3n e intercambio de experiencias de las realidades transatl\u00e1nticas, sobre temas de influencias directas\u00a0en las \u00e1reas socioecon\u00f3micas y pol\u00edticas de los dos continentes. La experiencia del Estado de bienestar, los mercados econ\u00f3micos, las realidades socio-jur\u00eddicas e institucionales ser\u00e1n objetos de debate privilegiados en esta ocasi\u00f3n.<\/p>\n<p style=\"text-align: justify;\">El\u00a0<strong>Congreso se celebrar\u00e1 entre el 17 y el 19 de abril de 2018 en Ourense<\/strong>.<\/p>\n<p style=\"text-align: justify;\">&nbsp;<\/p>\n<p style=\"text-align: justify;\"><strong>Plazo para recibir las propuestas:<\/strong> Del 18 de enero al\u00a01 de marzo de 2018.<\/p>\n<p style=\"text-align: justify;\"><strong>Requisitos de l<\/strong><strong>os\u00a0<em>res\u00famenes expandidos<\/em>:<\/strong> resumen\u00a0expandido\u00a0de la contribuci\u00f3n propuesta de\u00a0<span style=\"text-decoration: underline;\">hasta <\/span><span style=\"text-decoration: underline;\">2.5<\/span><span style=\"text-decoration: underline;\">00<\/span> palabras\u00a0conforme a la plantilla que figura en el punto 2 de \u201c<a href=\"http:\/\/ceadp.webs.uvigo.es\/es\/contribuciones.html\" target=\"_blank\">Propuestas de trabajo<\/a>\u201d en el apartado de contribuciones de la web del Congreso.<\/p>\n<p style=\"text-align: justify;\">La informaci\u00f3n puede consultarse en:\u00a0<a href=\"http:\/\/ceadp.webs.uvigo.es\/gl\/contribuciones.html\" target=\"_blank\">http:\/\/ceadp.webs.uvigo.es\/gl\/contribuciones.html<\/a> y el env\u00edo de propuestas se har\u00e1 a trav\u00e9s del siguiente enlace:\u00a0<a href=\"http:\/\/ceadp.webs.uvigo.es\/es\/cronograma.html\" target=\"_blank\">http:\/\/ceadp.webs.uvigo.es\/es\/cronograma.html<\/a><\/p>\n<h3 style=\"text-align: justify;\"><strong>Publicaci\u00f3n del Congreso<\/strong><\/h3>\n<p style=\"text-align: justify;\">Tras la celebraci\u00f3n del Congreso se editar\u00e1n dos libros electr\u00f3nicos, el\u00a0<strong>r<\/strong><strong>esumen expandido se publicar\u00e1 como Actas do II CEADP 2018 <\/strong>y las comunicaciones y ponencias finales se publicar\u00e1n como cap\u00edtulo de libro con formato electr\u00f3nico en la\u00a0<strong>Editorial Dykinson<\/strong>.<\/p>\n<p style=\"text-align: justify;\">&nbsp;<\/p>\n<p style=\"text-align: justify;\">Atentamente,<\/p>\n<p style=\"text-align: justify;\"><span style=\"text-decoration: underline;\">La secretar\u00eda del Congreso<\/span><\/p>\n<p style=\"text-align: justify;\"><a href=\"mailto:ceadp@uvigo.es\" target=\"_blank\">ceadp@uvigo.es<\/a><\/p>\n<p><span style=\"text-decoration: underline;\"> <\/span><\/p>\n<p>&nbsp;<\/p>\n","protected":false},"excerpt":{"rendered":"<p>CONVOCATORIA II\u00a0Congreso Euroamericano de Derecho y Pol\u00edtica\u00a02018 Convocatoria de\u00a0Res\u00famenes expandidos (Abstracts) &nbsp; El\u00a0II\u00a0Congreso Euroamericano de Derecho y Pol\u00edtica abre la convocatoria para presentar los res\u00famenes (abstracts) de los trabajos propuestos cuya tem\u00e1tica deber\u00e1 encajar en alguno de los\u00a0paneles seleccionados por el Comit\u00e9 Acad\u00e9mico. El plazo se extender\u00e1\u00a0hasta el 1 de marzo de 2018. El\u00a0\u00c1rea de [&hellip;]<\/p>\n","protected":false},"author":2,"featured_media":0,"comment_status":"closed","ping_status":"closed","sticky":false,"template":"","format":"standard","meta":{"_crdt_document":"","footnotes":""},"categories":[384,5,40],"tags":[476,826],"class_list":["post-13758","post","type-post","status-publish","format-standard","hentry","category-cientistas-sociales","category-congresos","category-informaciones","tag-ciencias-politicas","tag-derecho"],"_links":{"self":[{"href":"https:\/\/adhilac.com.ar\/index.php?rest_route=\/wp\/v2\/posts\/13758","targetHints":{"allow":["GET"]}}],"collection":[{"href":"https:\/\/adhilac.com.ar\/index.php?rest_route=\/wp\/v2\/posts"}],"about":[{"href":"https:\/\/adhilac.com.ar\/index.php?rest_route=\/wp\/v2\/types\/post"}],"author":[{"embeddable":true,"href":"https:\/\/adhilac.com.ar\/index.php?rest_route=\/wp\/v2\/users\/2"}],"replies":[{"embeddable":true,"href":"https:\/\/adhilac.com.ar\/index.php?rest_route=%2Fwp%2Fv2%2Fcomments&post=13758"}],"version-history":[{"count":14,"href":"https:\/\/adhilac.com.ar\/index.php?rest_route=\/wp\/v2\/posts\/13758\/revisions"}],"predecessor-version":[{"id":14012,"href":"https:\/\/adhilac.com.ar\/index.php?rest_route=\/wp\/v2\/posts\/13758\/revisions\/14012"}],"wp:attachment":[{"href":"https:\/\/adhilac.com.ar\/index.php?rest_route=%2Fwp%2Fv2%2Fmedia&parent=13758"}],"wp:term":[{"taxonomy":"category","embeddable":true,"href":"https:\/\/adhilac.com.ar\/index.php?rest_route=%2Fwp%2Fv2%2Fcategories&post=13758"},{"taxonomy":"post_tag","embeddable":true,"href":"https:\/\/adhilac.com.ar\/index.php?rest_route=%2Fwp%2Fv2%2Ftags&post=13758"}],"curies":[{"name":"wp","href":"https:\/\/api.w.org\/{rel}","templated":true}]}}