{"id":13794,"date":"2018-04-20T05:43:54","date_gmt":"2018-04-20T08:43:54","guid":{"rendered":"https:\/\/adhilac.com.ar\/?p=13794"},"modified":"2018-04-25T11:17:33","modified_gmt":"2018-04-25T14:17:33","slug":"v-jornada-de-jovenes-americanista-fgeh-sevilla-25-27-de-abril-de-2018","status":"publish","type":"post","link":"https:\/\/adhilac.com.ar\/?p=13794","title":{"rendered":"V Jornadas de J\u00f3venes Americanista. FGeH. Sevilla. 25-27 de abril de 2018"},"content":{"rendered":"<div>\n<h3 style=\"text-align: justify;\"><span style=\"color: #339966;\">V JORNADAS DE J\u00d3VENES AMERICANISTAS<\/span><\/h3>\n<p style=\"text-align: justify;\"><strong>FACULTAD <\/strong><strong>DE GEOGRAF\u00cdA <\/strong><strong>E HISTORIA<\/strong><\/p>\n<p style=\"text-align: justify;\">SEVILLA , 25 26\u00a0 27 DE ABRIL DE 2018<\/p>\n<p style=\"text-align: justify;\">&nbsp;<\/p>\n<p style=\"text-align: justify;\">Tras el \u00e9xito de anteriores convocatorias, el <strong>Departamento de Historia de Am\u00e9rica <\/strong>de la Universidad de Sevilla organiza las <strong><em>V Jornadas de J\u00f3venes Americanistas<\/em><\/strong>, que tendr\u00e1n lugar en la ciudad de <strong>Sevilla <\/strong>los pr\u00f3ximos d\u00edas <strong>25, 26 y 27 de abril de 2018<\/strong>.<!--more--><\/p>\n<p style=\"text-align: justify;\">&nbsp;<\/p>\n<p style=\"text-align: justify;\">Estas <strong><em>V Jornadas <\/em><\/strong>se plantean como un espacio de intercambio de conocimientos, debate y reflexi\u00f3n entre los ponentes participantes y los asistentes que concurran a las sesiones de tra- bajo. Con el subt\u00edtulo \u201c<strong>Los laberintos del poder: personas, estrategias, im\u00e1genes, textos<\/strong>\u201d, en esta ocasi\u00f3n el encuentro centrar\u00e1 su inter\u00e9s en el poder y los entresijos que se ocultan tras su sem\u00e1ntica, un tema de gran ductilidad que, aunque recurrente, contempla un amplio desa- rrollo conceptual, m\u00faltiples enfoques e infinidad de puntos de vista.<\/p>\n<p style=\"text-align: justify;\">As\u00ed, tendr\u00e1n cabida todas aquellas propuestas que, desde cualquier disciplina (antropolog\u00eda, arqueolog\u00eda, arquitectura, arte, derecho, geograf\u00eda, historia, literatura, medios de comunicaci\u00f3n, relaciones internacionales y un largo etc\u00e9tera), analicen el poder, siempre dentro del amplio marco que define al americanismo. Por tanto, al igual que en anteriores edi- ciones, las <em>Jornadas <\/em>se caracterizar\u00e1n por su interdisciplinaridad, deseando ir m\u00e1s all\u00e1 del tradi- cional binomio americanista-historiador, para ampliar su radio de acci\u00f3n hacia otras \u00e1reas de conocimiento.<\/p>\n<p style=\"text-align: justify;\">&nbsp;<\/p>\n<p style=\"text-align: justify;\">Podr\u00e1n presentar propuestas todos aquellos j\u00f3venes investigadores (entendiendo \u201cjoven\u201d como \u201cnovel\u201d) que est\u00e9n cursando un m\u00e1ster, doctorandos que est\u00e9n en proceso de elaboraci\u00f3n de la Tesis Doctoral o aquellos doctores que hayan le\u00eddo su Tesis con posterioridad al 1 de enero de 2013. Igualmente, podr\u00e1n presentar propuestas aquellos alumnos de Grado que est\u00e9n in- mersos en la elaboraci\u00f3n de su Trabajo Fin de Grado. Adem\u00e1s, se reservar\u00e1n varias intervencio- nes (a consideraci\u00f3n del Comit\u00e9 Cient\u00edfico y dependiendo del n\u00famero de propuestas recibidas y de la calidad, innovaci\u00f3n y originalidad de las mismas) para aquellos doctores que deseen pre- sentar propuestas y, aun habiendo defendido su Tesis Doctoral con anterioridad al 1 de enero de 2013, no tengan relaci\u00f3n contractual con ninguna universidad o centro de investigaci\u00f3n y deseen continuar su trayectoria como investigadores.<\/p>\n<\/div>\n<p style=\"text-align: justify;\">&nbsp;<\/p>\n<p style=\"text-align: justify;\">Cada investigador podr\u00e1 presentar una <strong>\u00fanica propuesta<\/strong>, de forma individual o colectiva. Dichas propuestas deber\u00e1n enviarse a la direcci\u00f3n de e-mail <a href=\"mailto:awang@us.es\"><strong>awang@us.es<\/strong><\/a><strong> <\/strong>antes del <strong>18 de marzo de 2018<\/strong>, utilizando un documento adjunto en formato <strong>Word <\/strong><strong>o PDF <\/strong>(existe un modelo que pueden solicitar a este e-mail) en el que se reRejen los datos del investigador (nombre y apellidos, adscripci\u00f3n institucional y situaci\u00f3n acad\u00e9mica), un breve curr\u00edculum (m\u00e1ximo 300 palabras), el t\u00edtulo de la propuesta y un resumen de la misma (m\u00e1ximo 300 pala- bras).<\/p>\n<p style=\"text-align: justify;\">&nbsp;<\/p>\n<p style=\"text-align: justify;\">Con anterioridad al 25 de marzo de 2018 la organizaci\u00f3n se pondr\u00e1 en contacto con los investigadores para informarles de la aceptaci\u00f3n o desestimaci\u00f3n de la propuesta.<\/p>\n<p style=\"text-align: justify;\">&nbsp;<\/p>\n<p style=\"text-align: justify;\">Las ponencias deber\u00e1n ser dictadas por el investigador que present\u00f3 la propuesta, no pu- diendo ser le\u00eddas por terceras personas. En caso de que una propuesta sea presentada por m\u00e1s de un investigador, su exposici\u00f3n correr\u00e1 a cargo de los investigadores que enviaron la solicitud de participaci\u00f3n, no pudi\u00e9ndose adicionar a \u00e9stos nuevos nombres. Asimismo, todos los inves- tigadores que figuren como autores deber\u00e1n estar presentes en el dictado de su ponencia. \u00dani- camente recibir\u00e1n el certificado acreditativo aquellos investigadores que hayan participado en la exposici\u00f3n.<\/p>\n<p style=\"text-align: justify;\">La <em>Asociaci\u00f3n Espa\u00f1ola de Americanistas <\/em>(AEA), como instituci\u00f3n colaboradora de las <em>V Jornadas<\/em>, tiene previsto conceder una ayuda econ\u00f3mica (a\u00fan por determinar) para otorgar becas de desplazamiento-residencia para aquellos asociados que participen en el encuentro como ponentes y no tengan recursos para financiarse su participaci\u00f3n, y que adem\u00e1s cumplan con los requisitos de tener al menos un a\u00f1o de antig\u00fcedad y estar al corriente de pago en la cuota de asociado. El importe se repartir\u00e1 entre todos aquellos socios que cumplan las anterio- res premisas. Quedan excluidos de esta beca aquellos asociados que no asistan al 75% de las se- siones de trabajo. La beca se entregar\u00e1 el \u00faltimo d\u00eda de las Jornadas.<\/p>\n<p style=\"text-align: justify;\">&nbsp;<\/p>\n<p style=\"text-align: justify;\">Al igual que en la pasada edici\u00f3n, <strong>se premiar\u00e1 a la mejor ponencia presentada <\/strong>en las <em>Jor- <\/em><em>nadas<\/em>. Esta menci\u00f3n se avalar\u00e1 con un diploma acreditativo. Adem\u00e1s, el galardonado recibir\u00e1 un pack de libros de tem\u00e1tica americanista donados por las diversas entidades colaboradoras. El fallo del premio se anunciar\u00e1 tras finalizar la \u00faltima sesi\u00f3n de las <em>Jornadas<\/em>.<\/p>\n<p style=\"text-align: justify;\">&nbsp;<\/p>\n<p style=\"text-align: justify;\">Los coordinadores: Carlos Moreno Amador y Alejandro Wang Romero.<\/p>\n<p style=\"text-align: justify;\">&nbsp;<\/p>\n<h1 style=\"text-align: justify;\"><a style=\"font-size: 13px; font-weight: normal;\" href=\"mailto:awang@us.es\"><strong>awang@us.es<\/strong><\/a><\/h1>\n<p style=\"text-align: justify;\"><strong> <\/strong><\/p>\n<p style=\"text-align: justify;\"><a href=\"https:\/\/adhilac.com.ar\/wp-content\/uploads\/2018\/02\/CfP-VJdJA-02.jpg\"><img loading=\"lazy\" decoding=\"async\" class=\"alignnone size-full wp-image-13795\" title=\"CfP-VJdJA - 02\" src=\"https:\/\/adhilac.com.ar\/wp-content\/uploads\/2018\/02\/CfP-VJdJA-02.jpg\" alt=\"\" width=\"531\" height=\"195\" srcset=\"https:\/\/adhilac.com.ar\/wp-content\/uploads\/2018\/02\/CfP-VJdJA-02.jpg 1094w, https:\/\/adhilac.com.ar\/wp-content\/uploads\/2018\/02\/CfP-VJdJA-02-300x110.jpg 300w, https:\/\/adhilac.com.ar\/wp-content\/uploads\/2018\/02\/CfP-VJdJA-02-1024x376.jpg 1024w\" sizes=\"auto, (max-width: 531px) 100vw, 531px\" \/><\/a><\/p>\n<p><strong>Publicado por ADHILAC Internacional \u00a9 www.adhilac.com.ar<\/strong><\/p>\n<p>Si Ud. desea asociarse de acuerdo a los Estatutos de ADHILAC\u00a0<a title=\"(ver)\" href=\"https:\/\/adhilac.com.ar\/?page_id=263\">(ver)<\/a> complete el siguiente formulario\u00a0<a title=\"(ver)\" href=\"https:\/\/adhilac.com.ar\/?page_id=3194\">(ver)<\/a><\/p>\n<p>E-mail:\u00a0info@adhilac.com.ar<strong> <\/strong><\/p>\n<p>Twitter: @AdhilacInfo<\/p>\n","protected":false},"excerpt":{"rendered":"<p>V JORNADAS DE J\u00d3VENES AMERICANISTAS FACULTAD DE GEOGRAF\u00cdA E HISTORIA SEVILLA , 25 26\u00a0 27 DE ABRIL DE 2018 &nbsp; Tras el \u00e9xito de anteriores convocatorias, el Departamento de Historia de Am\u00e9rica de la Universidad de Sevilla organiza las V Jornadas de J\u00f3venes Americanistas, que tendr\u00e1n lugar en la ciudad de Sevilla los pr\u00f3ximos d\u00edas [&hellip;]<\/p>\n","protected":false},"author":2,"featured_media":0,"comment_status":"closed","ping_status":"closed","sticky":false,"template":"","format":"standard","meta":{"_crdt_document":"","footnotes":""},"categories":[5,40],"tags":[13,148],"class_list":["post-13794","post","type-post","status-publish","format-standard","hentry","category-congresos","category-informaciones","tag-america-latina","tag-caribe"],"_links":{"self":[{"href":"https:\/\/adhilac.com.ar\/index.php?rest_route=\/wp\/v2\/posts\/13794","targetHints":{"allow":["GET"]}}],"collection":[{"href":"https:\/\/adhilac.com.ar\/index.php?rest_route=\/wp\/v2\/posts"}],"about":[{"href":"https:\/\/adhilac.com.ar\/index.php?rest_route=\/wp\/v2\/types\/post"}],"author":[{"embeddable":true,"href":"https:\/\/adhilac.com.ar\/index.php?rest_route=\/wp\/v2\/users\/2"}],"replies":[{"embeddable":true,"href":"https:\/\/adhilac.com.ar\/index.php?rest_route=%2Fwp%2Fv2%2Fcomments&post=13794"}],"version-history":[{"count":14,"href":"https:\/\/adhilac.com.ar\/index.php?rest_route=\/wp\/v2\/posts\/13794\/revisions"}],"predecessor-version":[{"id":14028,"href":"https:\/\/adhilac.com.ar\/index.php?rest_route=\/wp\/v2\/posts\/13794\/revisions\/14028"}],"wp:attachment":[{"href":"https:\/\/adhilac.com.ar\/index.php?rest_route=%2Fwp%2Fv2%2Fmedia&parent=13794"}],"wp:term":[{"taxonomy":"category","embeddable":true,"href":"https:\/\/adhilac.com.ar\/index.php?rest_route=%2Fwp%2Fv2%2Fcategories&post=13794"},{"taxonomy":"post_tag","embeddable":true,"href":"https:\/\/adhilac.com.ar\/index.php?rest_route=%2Fwp%2Fv2%2Ftags&post=13794"}],"curies":[{"name":"wp","href":"https:\/\/api.w.org\/{rel}","templated":true}]}}