{"id":13906,"date":"2018-08-20T11:50:50","date_gmt":"2018-08-20T14:50:50","guid":{"rendered":"https:\/\/adhilac.com.ar\/?p=13906"},"modified":"2018-08-24T12:29:36","modified_gmt":"2018-08-24T15:29:36","slug":"ii-jornadas-de-historia-del-movimiento-obrero-y-la-izquierda-buenos-aires-3-5-de-octubre-de-2018","status":"publish","type":"post","link":"https:\/\/adhilac.com.ar\/?p=13906","title":{"rendered":"II Jornadas de historia del movimiento obrero y la izquierda. Buenos Aires. 3-5 de octubre de 2018"},"content":{"rendered":"<h3 style=\"text-align: justify;\"><span style=\"color: #339966;\">II Jornadas de historia del movimiento obrero y la izquierda<\/span><\/h3>\n<p style=\"text-align: justify;\">3 al 5 de octubre de 2018<\/p>\n<p style=\"text-align: justify;\">Ciudad Aut\u00f3noma de Buenos Aires<\/p>\n<div style=\"text-align: justify;\">El Centro de Estudios Hist\u00f3ricos de los Trabajadores y las Izquierdas y la revista <em>Archivos<\/em> invitan a participar de las \u201cII Jornadas de historia del movimiento  obrero y la izquierda\u201d que se realizar\u00e1n en la ciudad de Buenos Aires  entre el 3 y el 5 de octubre de 2018.<!--more--><\/div>\n<div style=\"text-align: justify;\">En junio  de 2015 se realizaron las \u201cI Jornadas de historia del movimiento obrero y  la izquierda\u201d en el Centro Cultural Paco Urondo de la Facultad de  Filosof\u00eda y Letras de la UBA, con el objetivo de potenciar la  elaboraci\u00f3n y el intercambio acerca de la historia de la clase  trabajadora y las izquierdas en la Argentina y en el mundo. El  encuentro, que cont\u00f3 con la asistencia de m\u00e1s de 250 inscriptos, pudo  congregar a una significativa representaci\u00f3n de los investigadores  especialistas en las tem\u00e1ticas en cuesti\u00f3n y se desarroll\u00f3 bajo el  dise\u00f1o de invitaciones a exposiciones, como un taller cerrado, en base a  una estructura de paneles fijos. Sin rehuir a la cr\u00edtica y al debate  franco, en un clima abierto y plural, se aportaron valiosas  contribuciones sobre las dimensiones emp\u00edricas, te\u00f3ricas, metodol\u00f3gicas y  pol\u00edticas de nuestro campo de estudio. La edici\u00f3n de la revista <em>Archivos<\/em>, desde 2012, operaba como impulso inicial y antecedente evidente de nuestros prop\u00f3sitos.<\/div>\n<div style=\"text-align: justify;\">El  desaf\u00edo inicial sigue vigente, ahora enriquecido por esta experiencia  del anterior evento. Pero tambi\u00e9n sobre un pilar a\u00fan m\u00e1s s\u00f3lido: la  consolidaci\u00f3n del CEHTI, constituido en julio de 2016 y en donde se  prolong\u00f3 la elaboraci\u00f3n desde una perspectiva cr\u00edtica y de intercambio  colectivo con la realizaci\u00f3n en su sede de una treintena de actividades  p\u00fablicas (exposiciones, mesas-debate, presentaciones de libros).  Aspiramos a recibir trabajos que se extiendan a los m\u00faltiples aportes de  la historia social, pol\u00edtica, intelectual, cultural y de g\u00e9nero, desde  enfoques interdisciplinarios, abiertos tanto al escenario nacional como  internacional. Retomando toda esta din\u00e1mica de trabajo, ahora nos  proponemos la organizaci\u00f3n de las \u201cII Jornadas de historia del  movimiento obrero y la izquierda\u201d, en las que apelamos a una  convocatoria p\u00fablica para la presentaci\u00f3n de ponencias y con una serie  de ejes tem\u00e1ticos que pretenden priorizar y ordenar la discusi\u00f3n.<\/div>\n<div style=\"padding-left: 30px; text-align: justify;\">1)\tLas izquierdas: culturas pol\u00edticas, partidos y programas.<\/div>\n<div style=\"padding-left: 30px; text-align: justify;\">2)\tIzquierda y clase obrera: experiencias de lucha y organizaci\u00f3n.<\/div>\n<div style=\"padding-left: 30px; text-align: justify;\">3)\tProceso de trabajo, estructuras sindicales y conflictividad laboral.<\/div>\n<div style=\"padding-left: 30px; text-align: justify;\">4)\tTeor\u00eda e historia del marxismo.<\/div>\n<div style=\"padding-left: 30px; text-align: justify;\">5)\tHistoria intelectual de las izquierdas: redes y trayectorias.<\/div>\n<div style=\"padding-left: 30px; text-align: justify;\">6)\tEstudios de g\u00e9nero, clase trabajadora e izquierdas.<\/div>\n<div style=\"padding-left: 30px; text-align: justify;\">7)\tExperiencias art\u00edsticas y culturales.<\/div>\n<div style=\"padding-left: 30px; text-align: justify;\">8)\tJuventudes y movimiento estudiantil.<\/div>\n<div style=\"padding-left: 30px; text-align: justify;\">9)\tClase trabajadora, migraciones y etnicidad.<\/div>\n<div style=\"padding-left: 30px; text-align: justify;\">10)\tDerechas, mundo cat\u00f3lico y movimiento obrero.<\/div>\n<div style=\"padding-left: 30px; text-align: justify;\">11)\tViolencia pol\u00edtica y lucha armada.<\/div>\n<div style=\"padding-left: 30px; text-align: justify;\">12)\tFormas de trabajo y conflictos sociales y pol\u00edticos (siglos XVIII y XIX).<\/div>\n<div style=\"padding-left: 30px; text-align: justify;\">13)\tSociabilidad y vida cotidiana.<\/div>\n<div style=\"padding-left: 30px; text-align: justify;\">14)\tEstado y clase trabajadora: iniciativas reformistas y pol\u00edticas represivas.<\/div>\n<div style=\"padding-left: 30px; text-align: justify;\">15)\tCuestiones historiogr\u00e1ficas y metodol\u00f3gicas.<\/div>\n<div style=\"text-align: justify;\"><strong>Fechas de presentaci\u00f3n:<\/strong><\/div>\n<div style=\"text-align: justify;\"><strong><br \/>\n<\/strong><\/div>\n<div style=\"text-align: justify;\"><strong>&#8211; Env\u00edo de Res\u00famenes: hasta el 15 de abril de 2018<\/strong><\/div>\n<div style=\"text-align: justify;\"><strong>&#8211; Env\u00edo de Ponencias: hasta el 31 de agosto de 2018<\/strong><\/div>\n<div style=\"text-align: justify;\"><strong><br \/>\n<\/strong><\/div>\n<div style=\"text-align: justify;\"><strong>Criterios de presentaci\u00f3n:<\/strong><\/div>\n<div style=\"text-align: justify;\"><strong><br \/>\n<\/strong><\/div>\n<div style=\"text-align: justify;\">Los  res\u00famenes deben tener hasta 200 palabras y un encabezado con el nombre y  apellido, el e-mail y la pertenencia institucional del autor\/autora.  Las ponencias podr\u00e1n tener un m\u00e1ximo de 55.000 caracteres con espacio,  en letra Times New Roman, tama\u00f1o 12 e interlineado de 1,5.<\/div>\n<div style=\"text-align: justify;\">Las propuestas deben ser enviadas a <a href=\"mailto:segundasjornadascehti@gmail.com\" target=\"_blank\">segundasjornadascehti@gmail.com<\/a> en un archivo cuyo nombre debe ser el apellido del autor\/autora y el eje seleccionado. <strong>Ejemplo: PerezEje2.doc<\/strong><\/div>\n<div style=\"text-align: justify;\"><strong><br \/>\n<\/strong><\/div>\n<div style=\"text-align: justify;\"><strong>Organizan:<\/strong><\/div>\n<div style=\"text-align: justify;\"><strong><br \/>\n<\/strong><\/div>\n<div style=\"text-align: justify;\">&#8211; Centro de Estudios Hist\u00f3ricos de los Trabajadores y las Izquierdas (CEHTI).<\/div>\n<div style=\"text-align: justify;\">&#8211; Revista Archivos de historia del movimiento obrero y la izquierda.<\/div>\n<div style=\"text-align: justify;\"><strong>Como en la anterior oportunidad, las Jornadas tendr\u00e1n el auspicio de:<\/strong><\/div>\n<div style=\"text-align: justify;\">&#8211; Facultad de Filosof\u00eda y Letras, Universidad de Buenos Aires.<\/div>\n<p style=\"text-align: justify;\">&nbsp;<\/p>\n<p style=\"text-align: justify;\"><strong>Publicado por ADHILAC Internacional \u00a9 www.adhilac.com.ar<\/strong><\/p>\n<p style=\"text-align: justify;\">Si Ud. desea asociarse de acuerdo a los Estatutos de ADHILAC\u00a0<a title=\"(ver)\" href=\"https:\/\/adhilac.com.ar\/?page_id=263\">(ver)<\/a> complete el siguiente formulario\u00a0<a title=\"(ver)\" href=\"https:\/\/adhilac.com.ar\/?page_id=3194\">(ver)<\/a><\/p>\n<p style=\"text-align: justify;\">E-mail:\u00a0info@adhilac.com.ar<strong> <\/strong><\/p>\n<p style=\"text-align: justify;\">Twitter: @AdhilacInfo<\/p>\n","protected":false},"excerpt":{"rendered":"<p>II Jornadas de historia del movimiento obrero y la izquierda 3 al 5 de octubre de 2018 Ciudad Aut\u00f3noma de Buenos Aires El Centro de Estudios Hist\u00f3ricos de los Trabajadores y las Izquierdas y la revista Archivos invitan a participar de las \u201cII Jornadas de historia del movimiento obrero y la izquierda\u201d que se realizar\u00e1n [&hellip;]<\/p>\n","protected":false},"author":2,"featured_media":0,"comment_status":"closed","ping_status":"closed","sticky":false,"template":"","format":"standard","meta":{"_crdt_document":"","footnotes":""},"categories":[5,40],"tags":[516,372],"class_list":["post-13906","post","type-post","status-publish","format-standard","hentry","category-congresos","category-informaciones","tag-izquierda","tag-movimiento-obrero"],"_links":{"self":[{"href":"https:\/\/adhilac.com.ar\/index.php?rest_route=\/wp\/v2\/posts\/13906","targetHints":{"allow":["GET"]}}],"collection":[{"href":"https:\/\/adhilac.com.ar\/index.php?rest_route=\/wp\/v2\/posts"}],"about":[{"href":"https:\/\/adhilac.com.ar\/index.php?rest_route=\/wp\/v2\/types\/post"}],"author":[{"embeddable":true,"href":"https:\/\/adhilac.com.ar\/index.php?rest_route=\/wp\/v2\/users\/2"}],"replies":[{"embeddable":true,"href":"https:\/\/adhilac.com.ar\/index.php?rest_route=%2Fwp%2Fv2%2Fcomments&post=13906"}],"version-history":[{"count":12,"href":"https:\/\/adhilac.com.ar\/index.php?rest_route=\/wp\/v2\/posts\/13906\/revisions"}],"predecessor-version":[{"id":14265,"href":"https:\/\/adhilac.com.ar\/index.php?rest_route=\/wp\/v2\/posts\/13906\/revisions\/14265"}],"wp:attachment":[{"href":"https:\/\/adhilac.com.ar\/index.php?rest_route=%2Fwp%2Fv2%2Fmedia&parent=13906"}],"wp:term":[{"taxonomy":"category","embeddable":true,"href":"https:\/\/adhilac.com.ar\/index.php?rest_route=%2Fwp%2Fv2%2Fcategories&post=13906"},{"taxonomy":"post_tag","embeddable":true,"href":"https:\/\/adhilac.com.ar\/index.php?rest_route=%2Fwp%2Fv2%2Ftags&post=13906"}],"curies":[{"name":"wp","href":"https:\/\/api.w.org\/{rel}","templated":true}]}}