{"id":13958,"date":"2018-04-06T10:34:36","date_gmt":"2018-04-06T13:34:36","guid":{"rendered":"https:\/\/adhilac.com.ar\/?p=13958"},"modified":"2018-04-08T07:54:59","modified_gmt":"2018-04-08T10:54:59","slug":"pronunciamiento-de-rectores-de-america-latina-contra-politicas-de-segregacion-de-trump","status":"publish","type":"post","link":"https:\/\/adhilac.com.ar\/?p=13958","title":{"rendered":"Pronunciamiento de Rectores de Am\u00e9rica Latina contra pol\u00edticas de segregaci\u00f3n de Trump"},"content":{"rendered":"<div lang=\"x-unicode\">\n<div id=\"ydp35e7e854yahoo_quoted_3090698150\">\n<div id=\"ydp35e7e854yiv5524969243\">\n<div>\n<div id=\"ydp35e7e854yiv5524969243contenidos\">\n<p style=\"text-align: justify;\">Los rectores y rectoras de las universidades               latinoamericanas y del Caribe, reunidos en la VII Asamblea               General de la Uni\u00f3n de Universidades de Am\u00e9rica Latina y               el Caribe (UDUAL), rechazamos la pol\u00edtica de segregaci\u00f3n               del gobierno norteamericano de Donald Trump. Los muros               como la militarizaci\u00f3n de las fronteras van contra la               convivencia civilizada de los pueblos americanos.<!--more--><\/p>\n<p style=\"text-align: justify;\">Nuestra regi\u00f3n forma parte de la comunidad y la cultura               de toda Am\u00e9rica incluidos los Estados Unidos: los flujos               de migraci\u00f3n han creado hist\u00f3ricamente la diversidad               cultural de aquella sociedad, fortaleciendo su crecimiento               econ\u00f3mico y generando una ciudadan\u00eda multicultural. Negar               esta historia, con muros y militares, no la suprime.<\/p>\n<p style=\"text-align: justify;\">Nuestras universidades, como casas de cultura y               conocimiento, se hacen solidarias con el pueblo de M\u00e9xico               que ha hecho de la vecindad un valor de integraci\u00f3n               cultural.<\/p>\n<p style=\"text-align: justify;\">Las universidades, atentas a la libertad de pensamiento y               a crear un mundo tolerante, diverso e inclusivo, no pueden               admitir que la xenofobia y segregaci\u00f3n se convierta en una               pol\u00edtica de Estado, a la vez que somos conscientes de que               estas medidas lesionan la naturaleza multi\u00e9tnica y               pluricultural de la misma sociedad estadounidense.<\/p>\n<p style=\"text-align: justify;\">Demandamos una acci\u00f3n en\u00e9rgica de los gobiernos y               sociedades latinoamericanas y del Caribe a defender la               libertad de tr\u00e1nsito en un mundo sin barreras y sin               discriminaci\u00f3n.<\/p>\n<p style=\"text-align: justify;\">&nbsp;<\/p>\n<div style=\"text-align: justify;\">\n<p>Henning Jensen Pennington<br \/>\nUniversidad de Costa Rica<br \/>\nPresidente UDUAL<\/p>\n<p>&nbsp;<\/p>\n<\/div>\n<div style=\"text-align: justify;\">\n<p>Enrique Graue Wiechers<br \/>\nUniversidad Nacional Aut\u00f3noma de M\u00e9xico<\/p>\n<p>&nbsp;<\/p>\n<\/div>\n<p style=\"text-align: justify;\">Antigua Escuela               de Medicina, Ciudad de M\u00e9xico, 6 de abril de 2018<\/p>\n<p style=\"text-align: justify;\"><strong><br \/>\n<\/strong><\/p>\n<p><strong>Publicado por ADHILAC Internacional \u00a9 www.adhilac.com.ar<\/strong><\/p>\n<p>Si Ud. desea asociarse de acuerdo a los Estatutos de ADHILAC\u00a0<a title=\"(ver)\" href=\"https:\/\/adhilac.com.ar\/?page_id=263\">(ver)<\/a> complete el siguiente formulario\u00a0<a title=\"(ver)\" href=\"https:\/\/adhilac.com.ar\/?page_id=3194\">(ver)<\/a><\/p>\n<p>E-mail:\u00a0info@adhilac.com.ar<strong> <\/strong><\/p>\n<p>Twitter: @AdhilacInfo<\/p>\n<\/div>\n<\/div>\n<\/div>\n<\/div>\n<\/div>\n","protected":false},"excerpt":{"rendered":"<p>Los rectores y rectoras de las universidades latinoamericanas y del Caribe, reunidos en la VII Asamblea General de la Uni\u00f3n de Universidades de Am\u00e9rica Latina y el Caribe (UDUAL), rechazamos la pol\u00edtica de segregaci\u00f3n del gobierno norteamericano de Donald Trump. Los muros como la militarizaci\u00f3n de las fronteras van contra la convivencia civilizada de los [&hellip;]<\/p>\n","protected":false},"author":2,"featured_media":0,"comment_status":"closed","ping_status":"closed","sticky":false,"template":"","format":"standard","meta":{"_crdt_document":"","footnotes":""},"categories":[40],"tags":[135,831,199,209],"class_list":["post-13958","post","type-post","status-publish","format-standard","hentry","category-informaciones","tag-discriminacion","tag-estados-unidos-de-norte-america","tag-historia-latinoamericana-y-del-caribe","tag-migraciones"],"_links":{"self":[{"href":"https:\/\/adhilac.com.ar\/index.php?rest_route=\/wp\/v2\/posts\/13958","targetHints":{"allow":["GET"]}}],"collection":[{"href":"https:\/\/adhilac.com.ar\/index.php?rest_route=\/wp\/v2\/posts"}],"about":[{"href":"https:\/\/adhilac.com.ar\/index.php?rest_route=\/wp\/v2\/types\/post"}],"author":[{"embeddable":true,"href":"https:\/\/adhilac.com.ar\/index.php?rest_route=\/wp\/v2\/users\/2"}],"replies":[{"embeddable":true,"href":"https:\/\/adhilac.com.ar\/index.php?rest_route=%2Fwp%2Fv2%2Fcomments&post=13958"}],"version-history":[{"count":3,"href":"https:\/\/adhilac.com.ar\/index.php?rest_route=\/wp\/v2\/posts\/13958\/revisions"}],"predecessor-version":[{"id":13988,"href":"https:\/\/adhilac.com.ar\/index.php?rest_route=\/wp\/v2\/posts\/13958\/revisions\/13988"}],"wp:attachment":[{"href":"https:\/\/adhilac.com.ar\/index.php?rest_route=%2Fwp%2Fv2%2Fmedia&parent=13958"}],"wp:term":[{"taxonomy":"category","embeddable":true,"href":"https:\/\/adhilac.com.ar\/index.php?rest_route=%2Fwp%2Fv2%2Fcategories&post=13958"},{"taxonomy":"post_tag","embeddable":true,"href":"https:\/\/adhilac.com.ar\/index.php?rest_route=%2Fwp%2Fv2%2Ftags&post=13958"}],"curies":[{"name":"wp","href":"https:\/\/api.w.org\/{rel}","templated":true}]}}