{"id":13990,"date":"2018-04-06T07:56:43","date_gmt":"2018-04-06T10:56:43","guid":{"rendered":"https:\/\/adhilac.com.ar\/?p=13990"},"modified":"2018-04-09T16:29:42","modified_gmt":"2018-04-09T19:29:42","slug":"adhilac-adhiere-al-pronunciamiento-de-udual-contra-politicas-de-segregacion-de-donald-trump","status":"publish","type":"post","link":"https:\/\/adhilac.com.ar\/?p=13990","title":{"rendered":"ADHILAC adhiere al Pronunciamiento de UDUAL contra pol\u00edticas de segregaci\u00f3n de Donald Trump."},"content":{"rendered":"<p style=\"text-align: justify;\"><strong>La Asociaci\u00f3n de Historiadores Latinoamericanos y del Caribe (ADHILAC Internacional) adhiere al Pronunciamiento de Rectores de Am\u00e9rica Latina contra pol\u00edticas de segregaci\u00f3n de Donald Trump, declaracion emitida en la\u00a0VII Asamblea General de la Uni\u00f3n de Universidades de Am\u00e9rica Latina y el Caribe (UDUAL)<\/strong><\/p>\n<p style=\"text-align: justify;\">Ver el <a title=\"Pronunciamiento completo\" href=\"https:\/\/adhilac.com.ar\/?p=13958\" target=\"_blank\">Pronunciamiento completo <\/a><\/p>\n<p><strong>Publicado por ADHILAC Internacional \u00a9 www.adhilac.com.ar<\/strong><\/p>\n<p>Si Ud. desea asociarse de acuerdo a los Estatutos de ADHILAC\u00a0<a title=\"(ver)\" href=\"https:\/\/adhilac.com.ar\/?page_id=263\">(ver)<\/a> complete el siguiente formulario\u00a0<a title=\"(ver)\" href=\"https:\/\/adhilac.com.ar\/?page_id=3194\">(ver)<\/a><\/p>\n<p>E-mail:\u00a0<a title=\"info@adhilac.com.ar\" href=\"https:\/\/adhilac.com.ar\/info@adhilac.com.ar\" target=\"_blank\">info@adhilac.com.ar<\/a><strong> <\/strong><\/p>\n<p>Twitter: @AdhilacInfo<\/p>\n<p style=\"text-align: justify;\">&nbsp;<\/p>\n","protected":false},"excerpt":{"rendered":"<p>La Asociaci\u00f3n de Historiadores Latinoamericanos y del Caribe (ADHILAC Internacional) adhiere al Pronunciamiento de Rectores de Am\u00e9rica Latina contra pol\u00edticas de segregaci\u00f3n de Donald Trump, declaracion emitida en la\u00a0VII Asamblea General de la Uni\u00f3n de Universidades de Am\u00e9rica Latina y el Caribe (UDUAL) Ver el Pronunciamiento completo Publicado por ADHILAC Internacional \u00a9 www.adhilac.com.ar Si Ud. [&hellip;]<\/p>\n","protected":false},"author":2,"featured_media":0,"comment_status":"closed","ping_status":"closed","sticky":false,"template":"","format":"standard","meta":{"_crdt_document":"","footnotes":""},"categories":[3,40],"tags":[13,148,164,833],"class_list":["post-13990","post","type-post","status-publish","format-standard","hentry","category-adhilac-inter","category-informaciones","tag-america-latina","tag-caribe","tag-estados-unidos","tag-politicas-de-segregacion"],"_links":{"self":[{"href":"https:\/\/adhilac.com.ar\/index.php?rest_route=\/wp\/v2\/posts\/13990","targetHints":{"allow":["GET"]}}],"collection":[{"href":"https:\/\/adhilac.com.ar\/index.php?rest_route=\/wp\/v2\/posts"}],"about":[{"href":"https:\/\/adhilac.com.ar\/index.php?rest_route=\/wp\/v2\/types\/post"}],"author":[{"embeddable":true,"href":"https:\/\/adhilac.com.ar\/index.php?rest_route=\/wp\/v2\/users\/2"}],"replies":[{"embeddable":true,"href":"https:\/\/adhilac.com.ar\/index.php?rest_route=%2Fwp%2Fv2%2Fcomments&post=13990"}],"version-history":[{"count":4,"href":"https:\/\/adhilac.com.ar\/index.php?rest_route=\/wp\/v2\/posts\/13990\/revisions"}],"predecessor-version":[{"id":13994,"href":"https:\/\/adhilac.com.ar\/index.php?rest_route=\/wp\/v2\/posts\/13990\/revisions\/13994"}],"wp:attachment":[{"href":"https:\/\/adhilac.com.ar\/index.php?rest_route=%2Fwp%2Fv2%2Fmedia&parent=13990"}],"wp:term":[{"taxonomy":"category","embeddable":true,"href":"https:\/\/adhilac.com.ar\/index.php?rest_route=%2Fwp%2Fv2%2Fcategories&post=13990"},{"taxonomy":"post_tag","embeddable":true,"href":"https:\/\/adhilac.com.ar\/index.php?rest_route=%2Fwp%2Fv2%2Ftags&post=13990"}],"curies":[{"name":"wp","href":"https:\/\/api.w.org\/{rel}","templated":true}]}}