{"id":13998,"date":"2018-04-09T16:11:57","date_gmt":"2018-04-09T19:11:57","guid":{"rendered":"https:\/\/adhilac.com.ar\/?p=13998"},"modified":"2018-04-09T16:13:22","modified_gmt":"2018-04-09T19:13:22","slug":"declaracion-contra-la-prision-del-ex-presidente-lula-de-clacso","status":"publish","type":"post","link":"https:\/\/adhilac.com.ar\/?p=13998","title":{"rendered":"ADHILAC adhiere a la Declaraci\u00f3n de CLACSO contra la prisi\u00f3n del ex presidente Luiz In\u00e1cio Lula da Silva"},"content":{"rendered":"<h3><span style=\"color: #339966;\">La democracia brasile\u00f1a en el abismo. <\/span><\/h3>\n<p style=\"text-align: justify;\">La Asociaci\u00f3n de Historiadores Latinoamericanos y del Caribe (ADHILAC Internacional) adhiere a la Declaraci\u00f3n de CLACSO contra la prisi\u00f3n del ex presidente Luiz In\u00e1cio Lula da Silva que transcribimos a continuaci\u00f3n.<\/p>\n<p style=\"text-align: justify;\">Secretar\u00eda Ejecutiva de ADHILAC Internacional<\/p>\n<p style=\"text-align: center;\">* * *<\/p>\n<p style=\"text-align: justify;\">Comit\u00e9 Directivo y Secretar\u00eda Ejecutiva de CLACSO<\/p>\n<p style=\"text-align: justify;\">Como miembros del Comit\u00e9 Directivo y de la Secretar\u00eda Ejecutiva del Consejo Latinoamericano de Ciencias Sociales, CLACSO, \u00f3rgano consultivo de la UNESCO conformado por m\u00e1s de 660 instituciones acad\u00e9micas de 47 pa\u00edses en todo el mundo,<strong> expresamos nuestro m\u00e1s en\u00e9rgico repudio y condena a la prisi\u00f3n arbitraria del ex presidente Luiz In\u00e1cio Lula da Silva.<!--more--><\/strong><\/p>\n<p style=\"text-align: justify;\">&nbsp;<\/p>\n<p style=\"text-align: justify;\">El encarcelamiento de Lula es parte del golpe institucional que se ha iniciado en Brasil con la destituci\u00f3n de la presidenta Dilma Rousseff. Una destituci\u00f3n que violenta los principios del estado de derecho y que ha empujado la democracia brasile\u00f1a a un abismo de barbarie e impunidad.<\/p>\n<p style=\"text-align: justify;\">&nbsp;<\/p>\n<p style=\"text-align: justify;\">Lula ha sido condenado sin pruebas, aplic\u00e1ndose un muy cuestionable principio jur\u00eddico que expone la fragilidad democr\u00e1tica del poder judicial brasile\u00f1o. Un poder judicial que act\u00faa bajo la presi\u00f3n de los monopolios medi\u00e1ticos, del ej\u00e9rcito golpista y del poder pol\u00edtico y financiero que lo ha transformado en la base de legitimidad y reproducci\u00f3n de sus privilegios hist\u00f3ricos.<\/p>\n<p style=\"text-align: justify;\">&nbsp;<\/p>\n<p style=\"text-align: justify;\">La intencionalidad pol\u00edtica del fallo es inocultable. El poder judicial se rinde as\u00ed a la imposici\u00f3n de los poderes f\u00e1cticos de Brasil que siempre han despreciado el ejercicio de la soberan\u00eda popular. Se trata de sacar a Lula de la contienda electoral. Para hacerlo, est\u00e1n dispuestos a hacer lo que siempre hicieron: con la fuerza y con la prepotencia que les brinda la impunidad tratan de utilizar la democracia a su antojo. Este golpe es la continuidad de un mandato hist\u00f3rico de opresi\u00f3n y violencia que se instal\u00f3 durante 21 a\u00f1os con la dictadura de 1964, y cuya herencia a\u00fan repercute en los trazos de un sistema democr\u00e1tico a la deriva, tutelado, d\u00e9bil y desmoralizado.<\/p>\n<p style=\"text-align: justify;\">&nbsp;<\/p>\n<p style=\"text-align: justify;\">En el Brasil de la impunidad, donde una activista negra, guerrera y valiente como Marielle Franco acaba de ser brutalmente asesinada, todo es posible. Y todo ser\u00e1 peor si no reaccionamos de manera en\u00e9rgica y colectiva, luchando para evitar que estas atrocidades contin\u00faen ocurriendo.<\/p>\n<p style=\"text-align: justify;\">&nbsp;<\/p>\n<p style=\"text-align: justify;\">Convocamos a todas las instituciones que conforman nuestra red institucional, universidades, centros e institutos de investigaci\u00f3n, a manifestarse de manera activa contra este nuevo golpe a la democracia. Instamos a las redes y asociaciones internacionales y nacionales, como ALAS, LASA e ISA, entre tantas otras, a denunciar p\u00fablicamente estos hechos. Nos disponemos, con ellas, a realizar actos de repudio y movilizaci\u00f3n en nuestros congresos, conferencias y acciones institucionales regulares.<\/p>\n<p style=\"text-align: justify;\">&nbsp;<\/p>\n<p style=\"text-align: justify;\"><strong>No podemos permanecer callados<\/strong>. El silencio puede confundirse con la complicidad o la indiferencia irresponsable, en una hora clave para la democracia latinoamericana y mundial.Exigimos la libertad inmediata de Lula.<\/p>\n<p style=\"text-align: justify;\">Exigimos el retorno del estado de derecho en Brasil.<\/p>\n<p style=\"text-align: justify;\">Convocamos a sumarnos activamente en la lucha por la defensa de la democracia.<\/p>\n<p style=\"text-align: justify;\">Brasil, Am\u00e9rica Latina y el mundo exigen justicia.<\/p>\n<p style=\"text-align: justify;\">Comit\u00e9 Directivo<\/p>\n<p style=\"text-align: justify;\">Secretar\u00eda Ejecutiva<\/p>\n<p style=\"text-align: justify;\">Consejo Latinoamericano de Ciencias Sociales, CLACSO<\/p>\n<p style=\"text-align: justify;\">Buenos Aires, 8 de abril de 2018<\/p>\n<p style=\"text-align: justify;\">&nbsp;<\/p>\n<p><strong>Publicado por ADHILAC Internacional \u00a9 www.adhilac.com.ar<\/strong><\/p>\n<p>Si Ud. desea asociarse de acuerdo a los Estatutos de ADHILAC\u00a0<a title=\"(ver)\" href=\"https:\/\/adhilac.com.ar\/?page_id=263\">(ver)<\/a> complete el siguiente formulario\u00a0<a title=\"(ver)\" href=\"https:\/\/adhilac.com.ar\/?page_id=3194\">(ver)<\/a><\/p>\n<p>E-mail:\u00a0info@adhilac.com.ar<strong> <\/strong><\/p>\n<p>Twitter: @AdhilacInfo<\/p>\n<p style=\"text-align: justify;\">&nbsp;<\/p>\n","protected":false},"excerpt":{"rendered":"<p>La democracia brasile\u00f1a en el abismo. La Asociaci\u00f3n de Historiadores Latinoamericanos y del Caribe (ADHILAC Internacional) adhiere a la Declaraci\u00f3n de CLACSO contra la prisi\u00f3n del ex presidente Luiz In\u00e1cio Lula da Silva que transcribimos a continuaci\u00f3n. Secretar\u00eda Ejecutiva de ADHILAC Internacional * * * Comit\u00e9 Directivo y Secretar\u00eda Ejecutiva de CLACSO Como miembros del [&hellip;]<\/p>\n","protected":false},"author":2,"featured_media":0,"comment_status":"closed","ping_status":"closed","sticky":false,"template":"","format":"standard","meta":{"_crdt_document":"","footnotes":""},"categories":[3],"tags":[74,239,128],"class_list":["post-13998","post","type-post","status-publish","format-standard","hentry","category-adhilac-inter","tag-brasil","tag-democracia","tag-golpe-de-estado"],"_links":{"self":[{"href":"https:\/\/adhilac.com.ar\/index.php?rest_route=\/wp\/v2\/posts\/13998","targetHints":{"allow":["GET"]}}],"collection":[{"href":"https:\/\/adhilac.com.ar\/index.php?rest_route=\/wp\/v2\/posts"}],"about":[{"href":"https:\/\/adhilac.com.ar\/index.php?rest_route=\/wp\/v2\/types\/post"}],"author":[{"embeddable":true,"href":"https:\/\/adhilac.com.ar\/index.php?rest_route=\/wp\/v2\/users\/2"}],"replies":[{"embeddable":true,"href":"https:\/\/adhilac.com.ar\/index.php?rest_route=%2Fwp%2Fv2%2Fcomments&post=13998"}],"version-history":[{"count":4,"href":"https:\/\/adhilac.com.ar\/index.php?rest_route=\/wp\/v2\/posts\/13998\/revisions"}],"predecessor-version":[{"id":14002,"href":"https:\/\/adhilac.com.ar\/index.php?rest_route=\/wp\/v2\/posts\/13998\/revisions\/14002"}],"wp:attachment":[{"href":"https:\/\/adhilac.com.ar\/index.php?rest_route=%2Fwp%2Fv2%2Fmedia&parent=13998"}],"wp:term":[{"taxonomy":"category","embeddable":true,"href":"https:\/\/adhilac.com.ar\/index.php?rest_route=%2Fwp%2Fv2%2Fcategories&post=13998"},{"taxonomy":"post_tag","embeddable":true,"href":"https:\/\/adhilac.com.ar\/index.php?rest_route=%2Fwp%2Fv2%2Ftags&post=13998"}],"curies":[{"name":"wp","href":"https:\/\/api.w.org\/{rel}","templated":true}]}}