{"id":14046,"date":"2018-07-16T02:29:48","date_gmt":"2018-07-16T05:29:48","guid":{"rendered":"https:\/\/adhilac.com.ar\/?p=14046"},"modified":"2018-07-20T11:29:05","modified_gmt":"2018-07-20T14:29:05","slug":"ix-jornadas-de-trabajo-sobre-historia-reciente-ffyl-universidad-nacional-de-cordoba-1-3-de-agosto-de-2018","status":"publish","type":"post","link":"https:\/\/adhilac.com.ar\/?p=14046","title":{"rendered":"IX Jornadas de Trabajo sobre Historia Reciente. FFyL Universidad Nacional de C\u00f3rdoba. 1-3 de agosto de 2018"},"content":{"rendered":"<p><a href=\"https:\/\/adhilac.com.ar\/wp-content\/uploads\/2018\/04\/IX-JTHR-2018-imagen.docx.jpg\"><img loading=\"lazy\" decoding=\"async\" class=\"alignnone size-full wp-image-14047\" title=\"IX JTHR 2018 imagen.docx\" src=\"https:\/\/adhilac.com.ar\/wp-content\/uploads\/2018\/04\/IX-JTHR-2018-imagen.docx.jpg\" alt=\"\" width=\"498\" height=\"94\" srcset=\"https:\/\/adhilac.com.ar\/wp-content\/uploads\/2018\/04\/IX-JTHR-2018-imagen.docx.jpg 790w, https:\/\/adhilac.com.ar\/wp-content\/uploads\/2018\/04\/IX-JTHR-2018-imagen.docx-300x56.jpg 300w\" sizes=\"auto, (max-width: 498px) 100vw, 498px\" \/><\/a><\/p>\n<div>\n<h3><span style=\"color: #339966;\">PRIMERA CIRCULAR<\/span><\/h3>\n<p><strong> <\/strong><\/p>\n<p>C\u00f3rdoba, 1 al 3 de agosto de 2018<\/p>\n<p style=\"text-align: justify;\">Facultad de Filosof\u00eda y Humanidades-Universidad Nacional de C\u00f3rdoba<!--more--><\/p>\n<p style=\"text-align: justify;\"><strong>AUTORIDADES DE LAS IX JORNADAS DE TRABAJO SOBRE HISTORIA RECIENTE<\/strong><strong> <\/strong><\/p>\n<p style=\"text-align: justify;\"><strong>COMIT\u00c9 ACAD\u00c9MICO: <\/strong>Gabriela \u00c1guila (UNR- CONICET), Luciano Alonso (CESIL\/UNL), Ana Barletta (IDIHCS\/UNLP), Vera Carnovale (CeDinCI\/UNSAM- CONICET), Jorge Cernadas (UNGS-UBA), Emilio Crenzel (UBA-CONICET), Patricia Flier (IDIHCS\/UNLP), Marina Franco (UNSAM-CONICET), Patricia Funes (UBA- CONICET), M\u00f3nica Gatica (UNPSJB), M\u00f3nica Gordillo (UNC-IDH-CONICET), Silvina Jensen (UNS- CONICET), Emmanuel Kahan (UNLP-CONICET), Florencia Levin (UNGS-CONICET), Daniel Lvovich (UNGS-CONICET), Alejandra Oberti (Memoria Abierta\/UBA), Marta Philp (UNC), Roberto Pittaluga (UNLPam-UNLP-UBA), Pablo Scatizza (UNCOMA), Alicia Servetto (UNC), Carol Sol\u00eds (UNC), Cristina Viano (CLIHOS\/UNR)<\/p>\n<p style=\"text-align: justify;\"><strong>COORDINACION del COMIT\u00c9 ORGANIZADOR LOCAL: <\/strong>Marta Philp, Alicia Servetto, Carol Sol\u00eds<\/p>\n<p style=\"text-align: justify;\">En el 2003, en una trama social y pol\u00edtica profundamente atravesada por las reverberaciones de la rebeli\u00f3n del 2001 se realizaban las 1eras Jornadas de Trabajo sobre Historia Reciente. Esas Jornadas recog\u00edan el clima gestado por m\u00faltiples experiencias sociales, inaugurando un camino de di\u00e1logo e interacci\u00f3n entre quienes est\u00e1bamos interesados en abordar las problem\u00e1ticas de un campo cuyos perfiles comenzaban a delinearse.<\/p>\n<p style=\"text-align: justify;\">Desde entonces, las JTHR han sido instancias ricas y productivas, en las que se han dado cita investigadoras e investigadores formados y quienes est\u00e1n en las fases iniciales de su trabajo, as\u00ed como tambi\u00e9n se han constituido en un espacio donde convergen diversas orientaciones y perspectivas te\u00f3ricas y metodol\u00f3gicas en el desarrollo de este campo de estudios e investigaci\u00f3n. La presencia de historiadorxs y cientistas sociales en diversos estadios de su formaci\u00f3n, un clima de discusi\u00f3n y debate y una rigurosidad en la selecci\u00f3n que no excluye la pluralidad y la amplitud, aseguran que este sea un \u00e1mbito propicio para el intercambio y la formaci\u00f3n disciplinar sin renunciar a posicionamientos pol\u00edticos que la agenda de problemas sociales y pol\u00edticos impone.<\/p>\n<p style=\"text-align: justify;\">A poco m\u00e1s de una d\u00e9cada y media de ese primer encuentro, la Historia Reciente constituye de manera muy visible un consolidado y expansivo campo de trabajo que enfrenta nuevos embates y desaf\u00edos provenientes de diversos \u00e1mbitos y que esta nueva versi\u00f3n de las Jornadas se propone problematizar y discutir.<\/p>\n<p style=\"text-align: justify;\">Las IX Jornadas aspiran entonces a acrecentar y fortalecer desarrollos previos, reafirmando dos objetivos ya delineados en otras versiones: consolidarlas como espacio de debate acad\u00e9mico que trascienda las fronteras nacionales, en particular fortaleciendo los v\u00ednculos con colegas de otros pa\u00edses latinoamericanos y, en segundo lugar, incorporar tem\u00e1ticas de la m\u00e1s estricta actualidad que no han sido abordadas sistem\u00e1ticamente desde el campo disciplinar.<\/p>\n<\/div>\n<div style=\"text-align: justify;\">\n<p><strong>ACTIVIDADES:<\/strong><\/p>\n<p><strong> <\/strong><\/p>\n<div style=\"padding-left: 30px;\">-Mesas tem\u00e1ticas con presentaci\u00f3n de ponencias<br \/>\n-Conferencias con expositores invitados<br \/>\n-Mesas de trabajo en torno a problemas de la Historia Reciente<br \/>\n-Taller para docentes sobre ense\u00f1anza de la Historia Reciente<\/div>\n<p><strong>PRESENTACI\u00d3N DE TRABAJOS<\/strong><\/p>\n<p>Se recibir\u00e1n s\u00f3lo ponencias completas en su versi\u00f3n final que expresen avances o resultados de investigaciones. Los trabajos, de car\u00e1cter in\u00e9dito, deber\u00e1n ajustarse a algunos de los ejes tem\u00e1ticos propuestos para las Jornadas. A partir de los trabajos recibidos, los organizadores proceder\u00e1n a su evaluaci\u00f3n, selecci\u00f3n y distribuci\u00f3n en una serie de mesas de trabajo y debate que se definir\u00e1n en el proceso de selecci\u00f3n.<\/p>\n<p>Los trabajos deber\u00e1n ser enviados en un documento Word o compatible identificado con el nombre del autor y sus iniciales (ejemplo: GOMEZ J M), a la direcci\u00f3n electr\u00f3nica espec\u00edfica para cada eje tem\u00e1tico.<\/p>\n<p>No se aceptar\u00e1n trabajos que no cumplan con las condiciones formales indicadas en la presente circular.<\/p>\n<p><strong> <\/strong><\/p>\n<p>Condiciones formales:<\/p>\n<p>-Encabezado indicando el eje tem\u00e1tico, t\u00edtulo, autor y pertenencia institucional,<br \/>\n<strong><span style=\"text-decoration: underline;\">autorizaci\u00f3n o no de publicaci\u00f3n<\/span><\/strong>, resumen y 3 palabras claves.<br \/>\n-Extensi\u00f3n m\u00e1xima: veinte (20) p\u00e1ginas, con interlineado a espacio y medio, letra en Times New Roman 12, (incluyendo bibliograf\u00eda, notas y anexos).<\/p>\n<p><strong>FECHA L\u00cdMITE PARA EL ENV\u00cdO DE LAS PONENCIAS: 1 de mayo de 2018.<\/strong><\/p>\n<p><strong>EJES TEM\u00c1TICOS PARA LA PRESENTACI\u00d3N DE PONENCIAS<\/strong><\/p>\n<p><strong> <\/strong><\/p>\n<p><strong>Eje 1.<\/strong> Historia, memoria y usos p\u00fablicos del pasado <a href=\"mailto:memoriayusospublicos18@gmail.com\">memoriayusospublicos18@gmail.com<\/a><\/p>\n<p>En este eje se esperan trabajos que problematicen las relaciones entre historia, pol\u00edtica y memoria presentes en las distintas lecturas e im\u00e1genes del pasado reciente que coexisten al tiempo que disputan su legitimidad en diferentes escenarios y soportes desde los cuales se habilitan y convergen distintos usos p\u00fablicos del pasado: sitios de memoria, conmemoraciones, homenajes, cine, documentales, literatura etc.<\/p>\n<p><strong>Eje 2. <\/strong>Ense\u00f1anza de la historia reciente<a href=\"mailto:ensenanzahistoria18@gmail.com\"> ensenanzahistoria18@gmail.com<\/a><\/p>\n<p>Los sentidos construidos en torno al pasado reciente, las definiciones curriculares y did\u00e1cticas respecto a los c\u00f3mo y por qu\u00e9 de la ense\u00f1anza son parte de las disputas de memorias que configuran nuestro presente. En este eje se esperan recibir trabajos referidos a: experiencias y an\u00e1lisis de abordaje de la historia reciente en distintos niveles del sistema educativo; an\u00e1lisis respecto a la historia reciente en los materiales curriculares y did\u00e1cticos; representaciones, narrativas, saberes, pr\u00e1cticas docentes en la ense\u00f1anza de la historia reciente; experiencias de aprendizajes y de resignificaci\u00f3n en distintos contextos escolares y en Espacios para la Memoria.<\/p>\n<\/div>\n<p style=\"text-align: justify;\"><strong>Eje 3. <\/strong>Mundo del trabajo y procesos econ\u00f3micos<a href=\"mailto:mundodeltrabajo18@gmail.com\"> mundodeltrabajo18@gmail.com<\/a><\/p>\n<p style=\"text-align: justify;\">Este eje se propone discutir investigaciones que aborden el mundo de los\/as trabajadores\/as desde distintas perspectivas, teniendo en com\u00fan su preocupaci\u00f3n por la historia reciente argentina y latinoamericana. Se aceptar\u00e1n textos que presenten resultados de investigaciones acabadas como tambi\u00e9n de indagaciones en proceso de realizaci\u00f3n. Asimismo, se recibir\u00e1n trabajos que pongan el eje de la discusi\u00f3n en cuestiones metodol\u00f3gicas, tanto respecto de la recolecci\u00f3n y uso de fuentes hist\u00f3ricas, como sobre archivos y repositorios vinculados con estas tem\u00e1ticas.<\/p>\n<p style=\"text-align: justify;\"><strong>Eje 4.<\/strong> Partidos y organizaciones pol\u00edticas <a href=\"mailto:partidosyorganizaciones18@gmail.com\">partidosyorganizaciones18@gmail.com<\/a><\/p>\n<p style=\"text-align: justify;\">Se espera recibir trabajos referidos a las distintas formas que adquirieron las organizaciones pol\u00edticas en nuestro continente en la segunda mitad del siglo XX y las primeras del siglo XXI; organizaciones armadas y no armadas, de todo el espectro pol\u00edtico (de izquierdas a derechas) y que abarquen un arco temporal amplio, incluidas las transiciones que se desarrollaron y desarrollan en Am\u00e9rica Latina.<\/p>\n<p style=\"text-align: justify;\"><strong>Eje 5.<\/strong> Movimientos y protesta social <a href=\"mailto:movimentosyprotesta18@gmail.com\">movimentosyprotesta18@gmail.com<\/a><\/p>\n<p style=\"text-align: justify;\">Se espera recibir trabajos que aborden el heterog\u00e9neo universo de movimientos sociales que jalona la historia latinoamericana y argentina reciente -de DDHH, de mujeres, estudiantiles, ambientalistas, campesinos, entre otros -, as\u00ed como distintas formas de movilizaci\u00f3n y protesta, particularmente aquellas vinculadas a la oposici\u00f3n a las reformas neoliberales.<\/p>\n<p style=\"text-align: justify;\"><strong>Eje 6.<\/strong> Cultura, intelectuales y pol\u00edticas culturales<a href=\"mailto:culturaeintelectuales18@gmail.com\"> culturaeintelectuales18@gmail.com<\/a><\/p>\n<p style=\"text-align: justify;\">El objetivo de este eje es pensar las manifestaciones de la vida cultural, en sus m\u00e1s amplias modalidades, en la historia reciente argentina y latinoamericana. Se pretende as\u00ed abarcar un amplio arco de expresiones: intervenciones cr\u00edticas o debates en el \u00e1mbito intelectual, producciones art\u00edsticas, pr\u00e1cticas editoriales y an\u00e1lisis de publicaciones pol\u00edtico-culturales, experiencias y pol\u00edticas culturales en \u00e1mbitos espec\u00edficos (sean impulsadas por agencias estatales o colectivos sociales o pol\u00edticos), etc. Entre los prop\u00f3sitos se pretende abordar, desde estudios de caso concretos, las complejas relaciones entre cultura y pol\u00edtica, problematizando ambos campos.<\/p>\n<p style=\"text-align: justify;\"><strong>Eje 7.<\/strong> Estado, burocracia y pol\u00edticas p\u00fablicas <a href=\"mailto:estadoypoliticaspublicas18@gmail.com\">estadoypoliticaspublicas18@gmail.com<\/a><\/p>\n<p style=\"text-align: justify;\">Este eje se propone discutir desde una perspectiva multidisciplinaria y cr\u00edtica avances de investigaci\u00f3n y trabajos originales que aborden las diferentes esferas del Estado, las burocracias y pol\u00edticas p\u00fablicas en el pasado reciente, atendiendo tanto a sus continuidades a trav\u00e9s de gobiernos y reg\u00edmenes, como a sus transformaciones y singularidades en diferentes coyunturas de la historia pol\u00edtica de las \u00faltimas d\u00e9cadas. Se esperan trabajos sobre distintos espacios y agencias del aparato estatal y gubernamental; funcionarios y \u00e9lites estatales; organizaciones, profesiones y saberes burocr\u00e1ticos, pol\u00edticas p\u00fablicas y agencias de intervenci\u00f3n estatal.<\/p>\n<p style=\"text-align: justify;\"><strong>Eje 8. <\/strong>Represi\u00f3n y dispositivos de control <a href=\"mailto:represionycontrol18@gmail.com\">represionycontrol18@gmail.com<\/a><\/p>\n<p style=\"text-align: justify;\">Se esperan trabajos que aborden problem\u00e1ticas referidas a las variadas formas y din\u00e1micas represivas que han caracterizado (y caracterizan) a la historia reciente. En este sentido, el eje est\u00e1 abierto a estudios que aborden el rol de los organismos o agencias estatales y\/o paraestatales involucradas en los hist\u00f3ricos procesos de \u201ccontenci\u00f3n\u201d, \u201clucha\u201d o \u201cguerra\u201d (contra los movimientos sociales y pol\u00edticos de distintos momentos, pero tambi\u00e9n respecto de las conductas y organizaciones consideradas delictivas en un amplio espectro), la normativa p\u00fablica o secreta y su aplicaci\u00f3n, los dispositivos represivos y de control, as\u00ed como las formas y efectos societales del accionar represivo, tanto a escala local\/regional en la Argentina como en perspectiva comparada con otras experiencias latinoamericanas.<\/p>\n<p style=\"text-align: justify;\"><strong>Eje 9<\/strong>. Problemas de g\u00e9neros <a href=\"mailto:problemasdegeneros18@gmail.com\">problemasdegeneros18@gmail.com<\/a><\/p>\n<p style=\"text-align: justify;\">Se esperan trabajos que aborden diferentes problemas de la Historia reciente argentina y latinoamericana a partir de una perspectiva interesada en identificar y analizar la dimensi\u00f3n de g\u00e9nero imbricada en ellos. De este modo aspiramos estimular la agenda\u00a0 de investigaci\u00f3n del campo de estudios de la Historia reciente por medio del examen de las experiencias de hombres y\u00a0 mujeres en\u00a0 la\u00a0 arena pol\u00edtica,\u00a0 en el\u00a0 mundo\u00a0 del\u00a0 trabajo\u00a0 y\u00a0 en la cotidianidad de los hogares desde una clave de g\u00e9nero.<\/p>\n<p style=\"text-align: justify;\"><strong>Eje 10.<\/strong> Vida cotidiana, sociabilidad y subjetividades<a href=\"mailto:vidacotidiana18@gmail.com\"> vidacotidiana18@gmail.com<\/a><\/p>\n<p style=\"text-align: justify;\">El objetivo de este eje es reflexionar sobre las d\u00e9cadas recientes en las cuales la vida cotidiana se vio afectada por los avatares culturales y pol\u00edticos y experiment\u00f3 cambios de signos diversos que se expresaron con matices y diferentes intensidades seg\u00fan g\u00e9neros, clases y generaciones. Se espera recibir trabajos que tematicen los modos en que la vida cotidiana, las formas de sociabilidad y las subjetividades se modificaron en las \u00faltimas d\u00e9cadas de manera tensa o acompasada con las transformaciones pol\u00edticas, las militancias, la vida en dictadura y durante los procesos hist\u00f3ricos posteriores.<\/p>\n<p style=\"text-align: justify;\"><strong>Eje 11.<\/strong> Justicia, derechos humanos y pol\u00edticas reparatorias <a href=\"mailto:justiciayderechoshumanos18@gmail.com\">justiciayderechoshumanos18@gmail.com<\/a><\/p>\n<p style=\"text-align: justify;\">Los reg\u00edmenes dictatoriales, el terrorismo de Estado y la violencia pol\u00edtica han sido rasgos que caracterizaron a Am\u00e9rica Latina desde mediados del siglo XX. Estas experiencias produjeron un amplio y diverso espectro de v\u00edctimas as\u00ed como crecientes debates en torno a la definici\u00f3n del universo de perpetradores. Este eje se propone abordar c\u00f3mo se elaboraron las pol\u00edticas de derechos humanos, de justicia y reparatorias en torno de aquellas experiencias de violencia, examinar las posibilidades y l\u00edmites del sistema jur\u00eddico para establecer lo ocurrido y determinar responsabilidades as\u00ed como los debates en torno a los alcances y l\u00edmites de las pol\u00edticas de reparaci\u00f3n.<\/p>\n<p style=\"text-align: justify;\"><strong>Eje 12. <\/strong>Problemas de etnicidad en la historia reciente<a href=\"mailto:problemasdeetnicidad18@gmail.com\"> problemasdeetnicidad18@gmail.com<\/a><\/p>\n<p style=\"text-align: justify;\">Se esperan trabajos que aborden: procesos de organizaci\u00f3n y movilizaci\u00f3n \u00e9tnicos, dise\u00f1o de pol\u00edticas que avivan o constri\u00f1en esas experiencias, configuraci\u00f3n de agendas y campos de interlocuci\u00f3n, debates te\u00f3ricos y epistemol\u00f3gicos que reactualizan las discusiones. La propuesta aspira a reflexionar en torno a la problem\u00e1tica en la historia reciente, tendiendo puentes con el desarrollo de investigaciones que advierten sobre las complejas y m\u00faltiples pr\u00e1cticas que se despliegan en el escenario latinoamericano.<\/p>\n<p style=\"text-align: justify;\"><strong>TALLER PARA DOCENTES SOBRE ENSE\u00d1ANZA DE LA HISTORIA RECIENTE<\/strong><\/p>\n<p style=\"text-align: justify;\">El taller se realizar\u00e1 el d\u00eda viernes 3 de agosto por la tarde. La participaci\u00f3n en esta actividad depender\u00e1 de una inscripci\u00f3n previa sujeta a disponibilidades de cupo. En pr\u00f3ximas circulares se informar\u00e1 sobre las formas de inscripci\u00f3n y la din\u00e1mica de trabajo.<\/p>\n<p style=\"text-align: justify;\"><strong>ARANCELES<\/strong><\/p>\n<p style=\"text-align: justify;\">&#8211;\u00a0 Ponentes $ 600<br \/>\n&#8211;\u00a0 Asistentes: $ 300<br \/>\n&#8211;\u00a0 Estudiantes de grado de universidades nacionales que acrediten su condici\u00f3n de tales: sin arancel.<br \/>\nForma de pago: el pago se realizar\u00e1 al momento de la acreditaci\u00f3n a las jornadas.<\/p>\n<p style=\"text-align: justify;\">&nbsp;<\/p>\n<p style=\"text-align: justify;\"><strong>LUGAR DE REALIZACI\u00d3N E INFORMACI\u00d3N<\/strong><\/p>\n<p style=\"text-align: justify;\">Las actividades se desarrollar\u00e1n en la sede de la Facultad de Filosof\u00eda y Humanidades de la Universidad Nacional de C\u00f3rdoba, Ciudad Universitaria.<br \/>\nPara consultas generales, dirigirse al correo electr\u00f3nico: <a href=\"mailto:jornadashistoriareciente2018@gmail.com\">jornadashistoriareciente2018@gmail.com<\/a><\/p>\n<p style=\"text-align: justify;\">&nbsp;<\/p>\n<p style=\"text-align: justify;\"><strong>INSTITUCIONES ORGANIZADORAS<\/strong><\/p>\n<p style=\"text-align: justify;\">Escuela de Historia, Facultad de Filosof\u00eda y Humanidades y Centro de Estudios Avanzados, Facultad de Ciencias Sociales. Universidad Nacional de C\u00f3rdoba<br \/>\nEscuela de Historia \/ Centro Latinoamericano de Investigaciones en Historia Oral y Social (CLIHOS), Facultad de Humanidades y Artes, Universidad Nacional de Rosario<br \/>\nCentro de Estudios Sociales Interdisciplinarios del Litoral (CESIL). Facultad de Humanidades y Ciencias. Universidad Nacional del Litoral<br \/>\nCentro de Investigaciones Socio Hist\u00f3ricas (CISH). IdIHCS \/ CONICET \/ Universidad Nacional de La Plata<br \/>\nInstituto del Desarrollo Humano, Universidad Nacional de General Sarmiento<br \/>\nCentro de Documentaci\u00f3n e Investigaci\u00f3n de la Cultura de Izquierdas en la Argentina (CeDInCI). Universidad Nacional de San Mart\u00edn<br \/>\nDepartamento de Humanidades de la Universidad Nacional del Sur<br \/>\nInstituto de Altos Estudios Sociales (IDAES). Universidad Nacional de San Mart\u00edn Instituto de Estudios Socio-Hist\u00f3ricos \u2013 FCH \u2013 Universidad Nacional de La Pampa Memoria Abierta<br \/>\nN\u00facleo de Estudios sobre Memoria del Instituto de Desarrollo Econ\u00f3mico y Social (IDES)<br \/>\nDepartamento de Historia, Universidad Nacional del COMAHUE<br \/>\nInstituto de Investigaciones Hist\u00f3ricas y Sociales. Facultad de Humanidades y Ciencias Sociales, Universidad Nacional de la Patagonia<\/p>\n<p style=\"text-align: justify;\">BAJAR AQUI :\u00a0<a href=\"https:\/\/adhilac.com.ar\/wp-content\/uploads\/2018\/04\/IX-JTHR-2018-PRIMERA-CIRCULAR-1.pdf\">IX JTHR 2018 PRIMERA CIRCULAR-1<\/a><\/p>\n<p style=\"text-align: justify;\"><strong>Publicado por ADHILAC Internacional \u00a9 www.adhilac.com.ar<\/strong><\/p>\n<p style=\"text-align: justify;\">Si Ud. desea asociarse de acuerdo a los Estatutos de ADHILAC\u00a0<a title=\"(ver)\" href=\"https:\/\/adhilac.com.ar\/?page_id=263\">(ver)<\/a> complete el siguiente formulario\u00a0<a title=\"(ver)\" href=\"https:\/\/adhilac.com.ar\/?page_id=3194\">(ver)<\/a><\/p>\n<p style=\"text-align: justify;\">E-mail:\u00a0info@adhilac.com.ar<strong> <\/strong><\/p>\n<p style=\"text-align: justify;\">Twitter: @AdhilacInfo<\/p>\n","protected":false},"excerpt":{"rendered":"<p>PRIMERA CIRCULAR C\u00f3rdoba, 1 al 3 de agosto de 2018 Facultad de Filosof\u00eda y Humanidades-Universidad Nacional de C\u00f3rdoba<\/p>\n","protected":false},"author":2,"featured_media":0,"comment_status":"closed","ping_status":"closed","sticky":false,"template":"","format":"standard","meta":{"_crdt_document":"","footnotes":""},"categories":[15,40],"tags":[707],"class_list":["post-14046","post","type-post","status-publish","format-standard","hentry","category-historia","category-informaciones","tag-historia-reciente"],"_links":{"self":[{"href":"https:\/\/adhilac.com.ar\/index.php?rest_route=\/wp\/v2\/posts\/14046","targetHints":{"allow":["GET"]}}],"collection":[{"href":"https:\/\/adhilac.com.ar\/index.php?rest_route=\/wp\/v2\/posts"}],"about":[{"href":"https:\/\/adhilac.com.ar\/index.php?rest_route=\/wp\/v2\/types\/post"}],"author":[{"embeddable":true,"href":"https:\/\/adhilac.com.ar\/index.php?rest_route=\/wp\/v2\/users\/2"}],"replies":[{"embeddable":true,"href":"https:\/\/adhilac.com.ar\/index.php?rest_route=%2Fwp%2Fv2%2Fcomments&post=14046"}],"version-history":[{"count":13,"href":"https:\/\/adhilac.com.ar\/index.php?rest_route=\/wp\/v2\/posts\/14046\/revisions"}],"predecessor-version":[{"id":14202,"href":"https:\/\/adhilac.com.ar\/index.php?rest_route=\/wp\/v2\/posts\/14046\/revisions\/14202"}],"wp:attachment":[{"href":"https:\/\/adhilac.com.ar\/index.php?rest_route=%2Fwp%2Fv2%2Fmedia&parent=14046"}],"wp:term":[{"taxonomy":"category","embeddable":true,"href":"https:\/\/adhilac.com.ar\/index.php?rest_route=%2Fwp%2Fv2%2Fcategories&post=14046"},{"taxonomy":"post_tag","embeddable":true,"href":"https:\/\/adhilac.com.ar\/index.php?rest_route=%2Fwp%2Fv2%2Ftags&post=14046"}],"curies":[{"name":"wp","href":"https:\/\/api.w.org\/{rel}","templated":true}]}}