{"id":14054,"date":"2018-05-05T10:55:21","date_gmt":"2018-05-05T13:55:21","guid":{"rendered":"https:\/\/adhilac.com.ar\/?p=14054"},"modified":"2018-05-06T11:26:54","modified_gmt":"2018-05-06T14:26:54","slug":"bicentenario-del-nacimiento-de-karl-marx-documentos-de-juan-paz-y-mino","status":"publish","type":"post","link":"https:\/\/adhilac.com.ar\/?p=14054","title":{"rendered":"Bicentenario del nacimiento de Karl Marx. Documentos de Juan Paz y Mi\u00f1o"},"content":{"rendered":"<h3 style=\"text-align: justify;\"><span style=\"color: #339966;\"><a href=\"https:\/\/adhilac.com.ar\/wp-content\/uploads\/2018\/05\/JPMiyCep-Retratos-de-Marx-Deutch.jpg\"><img loading=\"lazy\" decoding=\"async\" class=\"alignright size-full wp-image-14055\" title=\"JPMiyCep Retratos de Marx -Deutch\" src=\"https:\/\/adhilac.com.ar\/wp-content\/uploads\/2018\/05\/JPMiyCep-Retratos-de-Marx-Deutch.jpg\" alt=\"\" width=\"262\" height=\"350\" srcset=\"https:\/\/adhilac.com.ar\/wp-content\/uploads\/2018\/05\/JPMiyCep-Retratos-de-Marx-Deutch.jpg 546w, https:\/\/adhilac.com.ar\/wp-content\/uploads\/2018\/05\/JPMiyCep-Retratos-de-Marx-Deutch-224x300.jpg 224w\" sizes=\"auto, (max-width: 262px) 100vw, 262px\" \/><\/a>KARL MARX: 200 A\u00d1OS &#8211; DOCUMENTOS<\/span><\/h3>\n<p style=\"text-align: justify;\">Juan Jos\u00e9 Paz y Mi\u00f1o y Cepeda*<\/p>\n<p style=\"text-align: justify;\"><strong>Historia y Presente &#8211; blog<\/strong><\/p>\n<p style=\"text-align: justify;\">Ecuador, s\u00e1bado 5 de mayo de 2018<\/p>\n<div style=\"text-align: justify;\">\n<p>El  5 de mayo de 2018 se conmemora el bicentenario del nacimiento de Karl  Marx (5\/mayo\/1818-14\/marzo\/1883). Es una fecha de significaci\u00f3n mundial  por el vigor y los alcances que ha tenido la teor\u00eda marxista.<\/p>\n<p>Con este motivo,\u00a0Historia y Presente\u00a0difunde los siguientes materiales de Juan Paz y Mi\u00f1o:\u00a0Karl Marx y el marxismo.<\/p>\n<p><!--more--><\/p>\n<p>&nbsp;<\/p>\n<p><em>A 200 a\u00f1os del natalicio de Marx<\/em>: <em>Teor\u00eda, Historia y Am\u00e9rica Latina<\/em>. (HyP, 2018)<\/p>\n<p>Presentado bajo el formato de \u201cCuadernos  de Historia y Presente \u2013 No. 1\u201d, se trata de una obra que contiene una  selecci\u00f3n de art\u00edculos que reflexionan sobre la teor\u00eda de Marx y  presentan una visi\u00f3n cr\u00edtica sobre su tradicional aplicaci\u00f3n en Am\u00e9rica  Latina. Tambi\u00e9n contiene un an\u00e1lisis sobre el marxismo entre la  izquierda del Ecuador. Considero que los textos reflejan la actualidad  del marxismo desde las necesidades intelectuales y pol\u00edticas de Nuestra  Am\u00e9rica Latina.<\/p>\n<p><a href=\"https:\/\/adhilac.com.ar\/wp-content\/uploads\/2018\/05\/KARL-MARX-Y-EL-MARXISMO.jpg\"><img loading=\"lazy\" decoding=\"async\" class=\"alignnone size-full wp-image-14057\" title=\"KARL-MARX-Y-EL-MARXISMO\" src=\"https:\/\/adhilac.com.ar\/wp-content\/uploads\/2018\/05\/KARL-MARX-Y-EL-MARXISMO.jpg\" alt=\"\" width=\"427\" height=\"674\" srcset=\"https:\/\/adhilac.com.ar\/wp-content\/uploads\/2018\/05\/KARL-MARX-Y-EL-MARXISMO.jpg 427w, https:\/\/adhilac.com.ar\/wp-content\/uploads\/2018\/05\/KARL-MARX-Y-EL-MARXISMO-190x300.jpg 190w\" sizes=\"auto, (max-width: 427px) 100vw, 427px\" \/><\/a><\/p>\n<p><a href=\"https:\/\/pazymino.us7.list-manage.com\/track\/click?u=c3e3bed0077c1d7adb5463ee7&amp;id=e6b23bcd7a&amp;e=1fdef8a472\" target=\"_blank\">IR A DOCUMENTO<\/a><\/p>\n<p>&nbsp;<\/p>\n<p><em>Carlos Marx. Folleto<\/em>, 1983.<\/p>\n<p>Al recordarse el centenario de la muerte  de Marx, el 5 de mayo de 1983 la Embajada de la entonces Rep\u00fablica  Democr\u00e1tica Alemana (DDR) organiz\u00f3 una ceremonia especial en el Teatro  Nacional Sucre de Quito. Con ese motivo edit\u00f3 este folleto en el que,  adem\u00e1s de invitar a ese acto cultural, constan los nombres de quienes  conformaron el comit\u00e9 y luego el breve art\u00edculo que escrib\u00ed para el  folleto.<\/p>\n<p>&nbsp;<\/p>\n<p><a href=\"https:\/\/adhilac.com.ar\/wp-content\/uploads\/2018\/05\/JPMiyCep-K-Marx-.jpg\"><img loading=\"lazy\" decoding=\"async\" class=\"alignnone size-full wp-image-14059\" title=\"JPMiyCep K Marx\" src=\"https:\/\/adhilac.com.ar\/wp-content\/uploads\/2018\/05\/JPMiyCep-K-Marx-.jpg\" alt=\"\" width=\"445\" height=\"615\" srcset=\"https:\/\/adhilac.com.ar\/wp-content\/uploads\/2018\/05\/JPMiyCep-K-Marx-.jpg 556w, https:\/\/adhilac.com.ar\/wp-content\/uploads\/2018\/05\/JPMiyCep-K-Marx--216x300.jpg 216w\" sizes=\"auto, (max-width: 445px) 100vw, 445px\" \/><\/a><\/p>\n<p><a href=\"https:\/\/pazymino.us7.list-manage.com\/track\/click?u=c3e3bed0077c1d7adb5463ee7&amp;id=42d6738fa8&amp;e=1fdef8a472\" target=\"_blank\">IR A DOCUMENTO<\/a><\/p>\n<p><em>Carpeta de retratos de Karl Marx. (1983)<\/em>.<\/p>\n<p>Con el mismo motivo del centenario de la  muerte de Marx, en la DDR se imprimi\u00f3 y circul\u00f3 una hermosa carpeta de  posters con retratos de Marx realizados por distintos artistas. El  original tiene un tama\u00f1o de 40 x 29 cm. Lo conservo como obsequio del  Embajador de la DDR por mi contribuci\u00f3n a los actos culturales en  homenaje a Marx. Es interesante observar que en la parte inferior de la  segunda imagen dice: \u201cDDR 9.80 M\u201d. Es decir, la carpeta tuvo un costo de  9.80 marcos alemanes.<\/p>\n<p><a href=\"https:\/\/adhilac.com.ar\/wp-content\/uploads\/2018\/05\/Karl-Marx-JPMi-y-Ce-02.jpg\"><img loading=\"lazy\" decoding=\"async\" class=\"alignnone size-full wp-image-14058\" title=\"Karl Marx JPMi y Ce 02\" src=\"https:\/\/adhilac.com.ar\/wp-content\/uploads\/2018\/05\/Karl-Marx-JPMi-y-Ce-02.jpg\" alt=\"\" width=\"396\" height=\"563\" srcset=\"https:\/\/adhilac.com.ar\/wp-content\/uploads\/2018\/05\/Karl-Marx-JPMi-y-Ce-02.jpg 566w, https:\/\/adhilac.com.ar\/wp-content\/uploads\/2018\/05\/Karl-Marx-JPMi-y-Ce-02-211x300.jpg 211w\" sizes=\"auto, (max-width: 396px) 100vw, 396px\" \/><\/a><\/p>\n<p>&nbsp;<\/p>\n<p><a href=\"https:\/\/pazymino.us7.list-manage.com\/track\/click?u=c3e3bed0077c1d7adb5463ee7&amp;id=d47f987c9c&amp;e=1fdef8a472\" target=\"_blank\">IR A DOCUMENTO<\/a><\/p>\n<p><em>Hegel-Marx: De la Filosof\u00eda de la Historia al Materialismo Hist\u00f3rico. (1982 y 1987).<\/em><\/p>\n<p>Este es el primer libro que publiqu\u00e9  mientras segu\u00eda el doctorado en Historia de la PUCE, aunque antes hubo  otros en los que fui coautor. La primera edici\u00f3n se hizo en 1982 y la  segunda, a la que se puede acceder ahora en formato pdf, es del a\u00f1o  1987. En esta obra realizo un estudio comparativo entre Hegel y Marx, al  mismo tiempo que realizo in\u00e9ditas apostillas cr\u00edticas sobre el uso  dogm\u00e1tico del marxismo. Veo que el libro sigue teniendo actualidad.<\/p>\n<p><a href=\"https:\/\/adhilac.com.ar\/wp-content\/uploads\/2018\/05\/Hegel-Marx-JPazMiyCep-2a-edicion.jpg\"><img loading=\"lazy\" decoding=\"async\" class=\"alignnone size-full wp-image-14060\" title=\"Hegel-Marx-JPazMiyCep 2a edicion\" src=\"https:\/\/adhilac.com.ar\/wp-content\/uploads\/2018\/05\/Hegel-Marx-JPazMiyCep-2a-edicion.jpg\" alt=\"\" width=\"441\" height=\"798\" srcset=\"https:\/\/adhilac.com.ar\/wp-content\/uploads\/2018\/05\/Hegel-Marx-JPazMiyCep-2a-edicion.jpg 441w, https:\/\/adhilac.com.ar\/wp-content\/uploads\/2018\/05\/Hegel-Marx-JPazMiyCep-2a-edicion-165x300.jpg 165w\" sizes=\"auto, (max-width: 441px) 100vw, 441px\" \/><\/a><\/p>\n<p>&nbsp;<\/p>\n<p><a href=\"https:\/\/pazymino.us7.list-manage.com\/track\/click?u=c3e3bed0077c1d7adb5463ee7&amp;id=95cbbed3b6&amp;e=1fdef8a472\" target=\"_blank\">IR A LIBRO<\/a><\/p>\n<p>Estos  materiales quedan desde ahora para el uso de quienes deseen aprender y  difundir algo m\u00e1s sobre la teor\u00eda del genial cient\u00edfico social que fue  Karl Marx, y a cuya memoria he querido contribuir desde la perspectiva  del historiador.<\/p>\n<p>Juan Paz y Mi\u00f1o<\/p>\n<p>&nbsp;<\/p>\n<p><strong> NOTA:<\/strong><\/p>\n<p>Juan Jos\u00e9 Paz y Mi\u00f1o y Cepeda ha sido Presidente de la Asociaci\u00f3n de Historiadores Latinoamericanos y del Caribe. Ver\u00a0<strong><a href=\"https:\/\/pazymino.us7.list-manage.com\/track\/click?u=c3e3bed0077c1d7adb5463ee7&amp;id=b9b317c679&amp;e=1fdef8a472\" target=\"_blank\">www.historiaypresente.com<\/a><\/strong><strong> \/\/ <\/strong><strong><a href=\"https:\/\/pazymino.us7.list-manage.com\/track\/click?u=c3e3bed0077c1d7adb5463ee7&amp;id=6354d833e5&amp;e=1fdef8a472\" target=\"_blank\">www.juanpazymino.com<\/a><\/strong><\/p>\n<p>&nbsp;<\/p>\n<\/div>\n<p style=\"text-align: justify;\"><strong>Publicado por ADHILAC Internacional \u00a9 www.adhilac.com.ar<\/strong><\/p>\n<p style=\"text-align: justify;\">Si Ud. desea asociarse de acuerdo a los Estatutos de ADHILAC\u00a0<a title=\"(ver)\" href=\"https:\/\/adhilac.com.ar\/?page_id=263\">(ver)<\/a> complete el siguiente formulario\u00a0<a title=\"(ver)\" href=\"https:\/\/adhilac.com.ar\/?page_id=3194\">(ver)<\/a><\/p>\n<p style=\"text-align: justify;\">E-mail:\u00a0info@adhilac.com.ar<strong> <\/strong><\/p>\n<p style=\"text-align: justify;\">Twitter: @AdhilacInfo<\/p>\n<p style=\"text-align: justify;\">&nbsp;<\/p>\n","protected":false},"excerpt":{"rendered":"<p>KARL MARX: 200 A\u00d1OS &#8211; DOCUMENTOS Juan Jos\u00e9 Paz y Mi\u00f1o y Cepeda* Historia y Presente &#8211; blog Ecuador, s\u00e1bado 5 de mayo de 2018 El 5 de mayo de 2018 se conmemora el bicentenario del nacimiento de Karl Marx (5\/mayo\/1818-14\/marzo\/1883). Es una fecha de significaci\u00f3n mundial por el vigor y los alcances que ha [&hellip;]<\/p>\n","protected":false},"author":2,"featured_media":0,"comment_status":"closed","ping_status":"closed","sticky":false,"template":"","format":"standard","meta":{"_crdt_document":"","footnotes":""},"categories":[15,7],"tags":[834],"class_list":["post-14054","post","type-post","status-publish","format-standard","hentry","category-historia","category-publicac-info","tag-karl-marx"],"_links":{"self":[{"href":"https:\/\/adhilac.com.ar\/index.php?rest_route=\/wp\/v2\/posts\/14054","targetHints":{"allow":["GET"]}}],"collection":[{"href":"https:\/\/adhilac.com.ar\/index.php?rest_route=\/wp\/v2\/posts"}],"about":[{"href":"https:\/\/adhilac.com.ar\/index.php?rest_route=\/wp\/v2\/types\/post"}],"author":[{"embeddable":true,"href":"https:\/\/adhilac.com.ar\/index.php?rest_route=\/wp\/v2\/users\/2"}],"replies":[{"embeddable":true,"href":"https:\/\/adhilac.com.ar\/index.php?rest_route=%2Fwp%2Fv2%2Fcomments&post=14054"}],"version-history":[{"count":2,"href":"https:\/\/adhilac.com.ar\/index.php?rest_route=\/wp\/v2\/posts\/14054\/revisions"}],"predecessor-version":[{"id":14061,"href":"https:\/\/adhilac.com.ar\/index.php?rest_route=\/wp\/v2\/posts\/14054\/revisions\/14061"}],"wp:attachment":[{"href":"https:\/\/adhilac.com.ar\/index.php?rest_route=%2Fwp%2Fv2%2Fmedia&parent=14054"}],"wp:term":[{"taxonomy":"category","embeddable":true,"href":"https:\/\/adhilac.com.ar\/index.php?rest_route=%2Fwp%2Fv2%2Fcategories&post=14054"},{"taxonomy":"post_tag","embeddable":true,"href":"https:\/\/adhilac.com.ar\/index.php?rest_route=%2Fwp%2Fv2%2Ftags&post=14054"}],"curies":[{"name":"wp","href":"https:\/\/api.w.org\/{rel}","templated":true}]}}