{"id":14078,"date":"2018-05-10T09:57:19","date_gmt":"2018-05-10T12:57:19","guid":{"rendered":"https:\/\/adhilac.com.ar\/?p=14078"},"modified":"2018-05-18T20:30:03","modified_gmt":"2018-05-18T23:30:03","slug":"convocatoria-a-concursos-de-la-facultad-de-filosofia-y-humanidades-de-la-universidad-de-chile","status":"publish","type":"post","link":"https:\/\/adhilac.com.ar\/?p=14078","title":{"rendered":"Convocatoria a Concursos de la Facultad de Filosof\u00eda y Humanidades de la Universidad de Chile."},"content":{"rendered":"<p style=\"text-align: justify;\">La Facultad de Filosof\u00eda y Humanidades de la Universidad de Chile, llama a concurso para proveer un\/a (1) cargo de acad\u00e9mico\/a de jornada completa, carrera ordinaria, en modalidad de contrata para el Departamento de Ciencias Hist\u00f3ricas, en la especialidad de Historia de Am\u00e9rica Latina Contempor\u00e1nea (siglos XIX-XXI), con \u00e9nfasis en Historia Global y otro en la especialidad de Historia de Europa Contempor\u00e1nea (siglos XIX-XXI), con \u00e9nfasis en Historia Global.<\/p>\n<p style=\"text-align: justify;\">Ver las Convocatorias:<!--more--><\/p>\n<p style=\"text-align: justify;\"><a href=\"https:\/\/adhilac.com.ar\/wp-content\/uploads\/2018\/05\/Convocatoria-Concurso-Historia-de-Am\u00e9rica-Latina-Contemp-25-04-2018.pdf\">Convocatoria Concurso Historia de Am\u00e9rica Latina Contemporanea<\/a><\/p>\n<p style=\"text-align: justify;\"><a href=\"https:\/\/adhilac.com.ar\/wp-content\/uploads\/2018\/05\/Convocatoria-Concurso-Historia-de-Europa-Contemporanea.pdf\">Convocatoria Concurso Historia de Europa Contempor\u00e1nea<\/a><\/p>\n<p style=\"text-align: justify;\"><a href=\"https:\/\/adhilac.com.ar\/wp-content\/uploads\/2018\/05\/2-concuros-de-Historia-en-la-Universidad-de-Chile.jpg\"><img loading=\"lazy\" decoding=\"async\" class=\"alignnone size-full wp-image-14081\" title=\"2 concuros de Historia en la Universidad de Chile\" src=\"https:\/\/adhilac.com.ar\/wp-content\/uploads\/2018\/05\/2-concuros-de-Historia-en-la-Universidad-de-Chile.jpg\" alt=\"\" width=\"464\" height=\"521\" srcset=\"https:\/\/adhilac.com.ar\/wp-content\/uploads\/2018\/05\/2-concuros-de-Historia-en-la-Universidad-de-Chile.jpg 774w, https:\/\/adhilac.com.ar\/wp-content\/uploads\/2018\/05\/2-concuros-de-Historia-en-la-Universidad-de-Chile-267x300.jpg 267w\" sizes=\"auto, (max-width: 464px) 100vw, 464px\" \/><\/a><\/p>\n<p>&nbsp;<\/p>\n<p><strong>Publicado por ADHILAC Internacional \u00a9 www.adhilac.com.ar<\/strong><\/p>\n<p>Si Ud. desea asociarse de acuerdo a los Estatutos de ADHILAC\u00a0<a title=\"(ver)\" href=\"https:\/\/adhilac.com.ar\/?page_id=263\">(ver)<\/a> complete el siguiente formulario\u00a0<a title=\"(ver)\" href=\"https:\/\/adhilac.com.ar\/?page_id=3194\">(ver)<\/a><\/p>\n<p>E-mail:\u00a0info@adhilac.com.ar<strong> <\/strong><\/p>\n<p>Twitter: @AdhilacInfo<\/p>\n","protected":false},"excerpt":{"rendered":"<p>La Facultad de Filosof\u00eda y Humanidades de la Universidad de Chile, llama a concurso para proveer un\/a (1) cargo de acad\u00e9mico\/a de jornada completa, carrera ordinaria, en modalidad de contrata para el Departamento de Ciencias Hist\u00f3ricas, en la especialidad de Historia de Am\u00e9rica Latina Contempor\u00e1nea (siglos XIX-XXI), con \u00e9nfasis en Historia Global y otro en [&hellip;]<\/p>\n","protected":false},"author":2,"featured_media":0,"comment_status":"closed","ping_status":"closed","sticky":false,"template":"","format":"standard","meta":{"_crdt_document":"","footnotes":""},"categories":[351,40],"tags":[158,835],"class_list":["post-14078","post","type-post","status-publish","format-standard","hentry","category-historiadores","category-informaciones","tag-historia-de-america","tag-historia-de-europa"],"_links":{"self":[{"href":"https:\/\/adhilac.com.ar\/index.php?rest_route=\/wp\/v2\/posts\/14078","targetHints":{"allow":["GET"]}}],"collection":[{"href":"https:\/\/adhilac.com.ar\/index.php?rest_route=\/wp\/v2\/posts"}],"about":[{"href":"https:\/\/adhilac.com.ar\/index.php?rest_route=\/wp\/v2\/types\/post"}],"author":[{"embeddable":true,"href":"https:\/\/adhilac.com.ar\/index.php?rest_route=\/wp\/v2\/users\/2"}],"replies":[{"embeddable":true,"href":"https:\/\/adhilac.com.ar\/index.php?rest_route=%2Fwp%2Fv2%2Fcomments&post=14078"}],"version-history":[{"count":4,"href":"https:\/\/adhilac.com.ar\/index.php?rest_route=\/wp\/v2\/posts\/14078\/revisions"}],"predecessor-version":[{"id":14090,"href":"https:\/\/adhilac.com.ar\/index.php?rest_route=\/wp\/v2\/posts\/14078\/revisions\/14090"}],"wp:attachment":[{"href":"https:\/\/adhilac.com.ar\/index.php?rest_route=%2Fwp%2Fv2%2Fmedia&parent=14078"}],"wp:term":[{"taxonomy":"category","embeddable":true,"href":"https:\/\/adhilac.com.ar\/index.php?rest_route=%2Fwp%2Fv2%2Fcategories&post=14078"},{"taxonomy":"post_tag","embeddable":true,"href":"https:\/\/adhilac.com.ar\/index.php?rest_route=%2Fwp%2Fv2%2Ftags&post=14078"}],"curies":[{"name":"wp","href":"https:\/\/api.w.org\/{rel}","templated":true}]}}