{"id":14102,"date":"2018-11-13T05:50:35","date_gmt":"2018-11-13T08:50:35","guid":{"rendered":"https:\/\/adhilac.com.ar\/?p=14102"},"modified":"2018-12-13T08:57:37","modified_gmt":"2018-12-13T11:57:37","slug":"i-congreso-internacional-%c2%a1zapata-vive-universidad-autonoma-chapingo-mexico-28-y-29-de-noviembre-de-2018","status":"publish","type":"post","link":"https:\/\/adhilac.com.ar\/?p=14102","title":{"rendered":"I Congreso Internacional \u00a1Zapata Vive!. Universidad Aut\u00f3noma Chapingo, M\u00e9xico. 28 y 29 de noviembre de 2018"},"content":{"rendered":"<h3><span style=\"color: #339966;\">CONVOCATORIA<\/span><\/h3>\n<p><strong>I Congreso Internacional \u00a1Zapata Vive!<\/strong><\/p>\n<p><strong style=\"text-align: justify;\">Convocante:<\/strong><br \/>\nUniversidad Aut\u00f3noma Chapingo, C\u00e1tedra \u201cEmiliano Zapata Salazar\u201d<br \/>\n<strong style=\"text-align: justify;\">Tipo de convocatoria:<\/strong><br \/>\nPonencia<br \/>\n<strong style=\"text-align: justify;\">Fecha l\u00edmite:<\/strong><br \/>\nLunes, 2018-IX-10<\/p>\n<p><strong>Texto de la convocatoria:<!--more--> <\/strong><\/p>\n<p><strong> <\/strong><\/p>\n<p>UNIVERSIDAD AUT\u00d3NOMA CHAPINGO. M\u00c9XICO.<br \/>\nC\u00c1TEDRA \u201cEMILIANO ZAPATA SALAZAR\u201d.<br \/>\nCoordinadora Nacional \u201cPlan de Ayala\u201d.<br \/>\nFundaci\u00f3n \u201cEmiliano Zapata y los Herederos de la Revoluci\u00f3n\u201d.<br \/>\nUniversidad de Camag\u00fcey. Cuba.<br \/>\nUniversidad Aut\u00f3noma del Estado de M\u00e9xico.<br \/>\nUniversidad de los Pueblos del Sur.<br \/>\nInstituto de Investigaciones Socioambientales, Educativas y Human\u00edsticas para el Medio Rural<br \/>\nPrograma de Humanidades.<br \/>\nSeminario Permanente de Investigaci\u00f3n y Divulgaci\u00f3n Hist\u00f3rica de la Regi\u00f3n y Oriente del Estado de M\u00e9xico.<\/p>\n<p style=\"text-align: justify;\"><strong>INVITAN AL <\/strong><\/p>\n<p style=\"text-align: justify;\"><strong>I CONGRESO INTERNACIONAL \u00a1ZAPATA VIVE!<\/strong><\/p>\n<p style=\"text-align: justify;\">Universidad Aut\u00f3noma Chapingo, 28 y 29 de noviembre de 2018<\/p>\n<p style=\"text-align: justify;\"><strong>PRIMERA CIRCULAR<\/strong><\/p>\n<p style=\"text-align: justify;\"><strong>\u00a1Zapata Vive!<\/strong><\/p>\n<p style=\"text-align: justify;\"><strong> <\/strong><\/p>\n<p style=\"text-align: justify;\"><strong>Legado hist\u00f3rico de Emiliano Zapata Salazar a 99 a\u00f1os de su fallecimiento.<\/strong><\/p>\n<p style=\"text-align: justify;\">&nbsp;<\/p>\n<p style=\"text-align: justify;\">Buscando rescatar la trascendencia del movimiento zapatista, conmemoraremos la proclamaci\u00f3n del Plan de Ayala, celebrando el 28 de noviembre de 2018 el Congreso Internacional \u201cZapata Vive\u201d; para ello, la C\u00e1tedra \u201cEmiliano Zapata Salazar\u201d, Coordinadora Nacional \u201cPlan de Ayala\u201d, Fundaci\u00f3n \u201cEmiliano Zapata y los Herederos de la Revoluci\u00f3n\u201d e instituciones hermanas, invitan a los investigadores, docentes, luchadores sociales, organizaciones campesinas y populares e interesados en el estudio y pr\u00e1ctica del zapatismo de M\u00e9xico y del Mundo, a participar en el I Congreso Internacional \u00a1Zapata Vive!, que se realizar\u00e1 los d\u00edas 28 Y 29 de noviembre de 2018 en la Universidad Aut\u00f3noma Chapingo en ubicada en el Km. 38.5 Carretera M\u00e9xico-Texcoco, Chapingo, 56230 Texcoco de Mora, Estado de M\u00e9xico, M\u00e9xico.<\/p>\n<p style=\"text-align: justify;\">&nbsp;<\/p>\n<p style=\"text-align: justify;\"><strong>MESAS TEM\u00c1TICAS:<\/strong><\/p>\n<ol style=\"text-align: justify;\">\n<li><strong>Trascendencia      hist\u00f3rica del \u201cPlan de Ayala\u201d.<\/strong><\/li>\n<li><strong>Legado hist\u00f3rico de      Emiliano Zapata Salazar a 99 a\u00f1os de su muerte.<\/strong><\/li>\n<li><strong>\u201cPlan de Ayala\u201d      Siglo XXI.<\/strong><\/li>\n<li>V<strong>igencia del zapatismo en las      luchas sociales.<\/strong><\/li>\n<li><strong>Zapatismo y<\/strong><strong> neoliberalismo. <\/strong><\/li>\n<li><strong>Zapatismo, identidad y      cultura.<\/strong><\/li>\n<li><strong>Zapatismo y literatura.<\/strong><\/li>\n<li><strong>Zapatismo ayer, hoy y      ma\u00f1ana.<\/strong><\/li>\n<li><strong>Zapatismo en el mundo.<\/strong><\/li>\n<\/ol>\n<p style=\"text-align: justify;\">&nbsp;<\/p>\n<p style=\"text-align: justify;\"><strong>FECHAS IMPORTANTES:<\/strong><\/p>\n<ul style=\"text-align: justify;\">\n<li>10 de septiembre      de 2018, l\u00edmite para enviar resumen de ponencia in\u00e9dita de hasta media      cuartilla, se\u00f1alando: nombre de Mesa de Trabajo en la que desean      participar, nombre completo, instituci\u00f3n donde labora, Correo Electr\u00f3nico      y el pa\u00eds de procedencia.<\/li>\n<li>13 de septiembre      de 2018, plazo m\u00e1ximo para que el Comit\u00e9 Organizador remita dictamen de      propuesta de ponencia.<\/li>\n<li>23 de octubre de      2018, fecha l\u00edmite de entrega de ponencia completa de un m\u00e1ximo de 20      cuartillas.<\/li>\n<li>23 de octubre de      2018, fecha l\u00edmite de pago de inscripci\u00f3n.<\/li>\n<li>28 noviembre      inicio del Congreso.<\/li>\n<\/ul>\n<p style=\"text-align: justify;\"><strong> <\/strong><\/p>\n<p style=\"text-align: justify;\"><strong>INFORMACI\u00d3N RELEVANTE:<\/strong><\/p>\n<p style=\"text-align: justify;\"><strong> Ponencias:<\/strong><\/p>\n<ul style=\"text-align: justify;\">\n<li>Se aceptar\u00e1 hasta      dos ponencias por ponente u equipo.<\/li>\n<li>Los trabajos      colectivos ser\u00e1n de hasta un m\u00e1ximo de tres miembros, considerando que      cada uno deber\u00e1 pagar la inscripci\u00f3n correspondiente.<\/li>\n<li>Tiempo de      exposici\u00f3n: 20 mts.<\/li>\n<li>Formato de      ponencia: Escrito en Arial, 12 puntos, 1.5 de espacio entre l\u00edneas.      Estructura: Titulo, Autor y Adscripci\u00f3n. Introducci\u00f3n, Desarrollo      Tem\u00e1tico, Conclusiones y Fuentes Consultadas,<\/li>\n<li>Resumen y      ponencia en extenso deber\u00e1n enviarse a: Edgar Castro Zapata, Miguel \u00c1ngel      S\u00e1mano Renteria y Marco Antonio Anaya P\u00e9rez:<\/li>\n<\/ul>\n<p>&nbsp;<\/p>\n<ul style=\"text-align: justify;\"><\/ul>\n<p style=\"text-align: justify; padding-left: 30px;\">cong.inter.zapatavive@gmail.com<\/p>\n<p style=\"text-align: justify; padding-left: 30px;\">catedra.emilianozapata@gmail.com<\/p>\n<p style=\"text-align: justify;\"><strong>Inscripci\u00f3n:<\/strong><\/p>\n<ul style=\"text-align: justify;\">\n<li>Ponente      Profesionista $1,800.<\/li>\n<li>Ponente de la Universidad      Aut\u00f3noma Chapingo y de organizaciones campesinas, obreras, culturales y      populares: exentos de pago.<\/li>\n<li>Alumnos de      licenciatura y Posgrado e su car\u00e1cter de asistentes: exentos de pago.<\/li>\n<li>Ponentes      nacionales pagaran un 30% de la inscripci\u00f3n.<\/li>\n<li>El pago de la      cuota de inscripci\u00f3n deber\u00e1 depositarse en:<\/li>\n<\/ul>\n<p style=\"text-align: justify;\"><strong>Cuenta bancaria:<\/strong><\/p>\n<p style=\"padding-left: 30px;\">Nombre: UACh I CONGRESO INTERNACIONAL \u00a1ZAPATA VIVE!<br \/>\nCuenta N\u00fam.:<br \/>\nClave Interbancaria para transferencia:<\/p>\n<p style=\"text-align: justify;\">&nbsp;<\/p>\n<p style=\"text-align: justify;\"><strong>COMIT\u00c9 ORGANIZADOR<\/strong><strong> <\/strong><\/p>\n<p style=\"padding-left: 30px;\">Edgar Castro Zapata (M\u00e9xico)<br \/>\nFrancisco Pineda G\u00f3mez (M\u00e9xico)<br \/>\nJohn Womack Jr. \u00a0 (USA)<br \/>\nLaura Espejel L\u00f3pez (M\u00e9xico)<br \/>\nSamuel Brunk (USA)<br \/>\nCarlos Barreto Zamudio (M\u00e9xico)<br \/>\nMargarita Zapata Chousel (M\u00e9xico)<br \/>\nEdgar Dami\u00e1n Rojano (M\u00e9xico)<br \/>\nAlfonso Incl\u00e1n\u00a0(M\u00e9xico)<br \/>\nEdgar Dami\u00e1n Rojano (M\u00e9xico)<br \/>\nAlfonso Incl\u00e1n\u00a0(M\u00e9xico)<br \/>\nJon Guido Bertelli\u00a0 (Italia)<br \/>\nCesar Lorenzano \u00a0(Argentina)<br \/>\nMario Mart\u00ednez S\u00e1nchez\u00a0 (M\u00e9xico)<br \/>\nDante Aguilar Dom\u00ednguez (M\u00e9xico)<br \/>\nMartin Ram\u00edrez\u00a0 (USA)<br \/>\nMarco Antonio Anaya P\u00e9rez (M\u00e9xico)<br \/>\nMiguel \u00c1ngel S\u00e1mano Renteria (M\u00e9xico)<br \/>\nRefugio Bautista Zane (M\u00e9xico)<br \/>\n\u00c1lvaro Gonz\u00e1lez P\u00e9rez (M\u00e9xico)<br \/>\nHugo Guerrero (M\u00e9xico)<br \/>\nErnesto Dzul Canche (M\u00e9xico)<br \/>\nWilbert Gilberto Novelo Manrique (M\u00e9xico)<\/p>\n<p style=\"text-align: justify;\">&nbsp;<\/p>\n<p><strong>Publicado por ADHILAC Internacional \u00a9 www.adhilac.com.ar<\/strong><\/p>\n<p>Si Ud. desea asociarse de acuerdo a los Estatutos de ADHILAC\u00a0<a title=\"(ver)\" href=\"https:\/\/adhilac.com.ar\/?page_id=263\">(ver)<\/a> complete el siguiente formulario\u00a0<a title=\"(ver)\" href=\"https:\/\/adhilac.com.ar\/?page_id=3194\">(ver)<\/a><\/p>\n<p>E-mail:\u00a0info@adhilac.com.ar<strong> <\/strong><\/p>\n<p>Twitter: @AdhilacInfo<\/p>\n","protected":false},"excerpt":{"rendered":"<p>CONVOCATORIA I Congreso Internacional \u00a1Zapata Vive! Convocante: Universidad Aut\u00f3noma Chapingo, C\u00e1tedra \u201cEmiliano Zapata Salazar\u201d Tipo de convocatoria: Ponencia Fecha l\u00edmite: Lunes, 2018-IX-10 Texto de la convocatoria:<\/p>\n","protected":false},"author":2,"featured_media":0,"comment_status":"closed","ping_status":"closed","sticky":false,"template":"","format":"standard","meta":{"_crdt_document":"","footnotes":""},"categories":[5,15,40],"tags":[335,121],"class_list":["post-14102","post","type-post","status-publish","format-standard","hentry","category-congresos","category-historia","category-informaciones","tag-emiliano-zapata","tag-mexico"],"_links":{"self":[{"href":"https:\/\/adhilac.com.ar\/index.php?rest_route=\/wp\/v2\/posts\/14102","targetHints":{"allow":["GET"]}}],"collection":[{"href":"https:\/\/adhilac.com.ar\/index.php?rest_route=\/wp\/v2\/posts"}],"about":[{"href":"https:\/\/adhilac.com.ar\/index.php?rest_route=\/wp\/v2\/types\/post"}],"author":[{"embeddable":true,"href":"https:\/\/adhilac.com.ar\/index.php?rest_route=\/wp\/v2\/users\/2"}],"replies":[{"embeddable":true,"href":"https:\/\/adhilac.com.ar\/index.php?rest_route=%2Fwp%2Fv2%2Fcomments&post=14102"}],"version-history":[{"count":18,"href":"https:\/\/adhilac.com.ar\/index.php?rest_route=\/wp\/v2\/posts\/14102\/revisions"}],"predecessor-version":[{"id":14650,"href":"https:\/\/adhilac.com.ar\/index.php?rest_route=\/wp\/v2\/posts\/14102\/revisions\/14650"}],"wp:attachment":[{"href":"https:\/\/adhilac.com.ar\/index.php?rest_route=%2Fwp%2Fv2%2Fmedia&parent=14102"}],"wp:term":[{"taxonomy":"category","embeddable":true,"href":"https:\/\/adhilac.com.ar\/index.php?rest_route=%2Fwp%2Fv2%2Fcategories&post=14102"},{"taxonomy":"post_tag","embeddable":true,"href":"https:\/\/adhilac.com.ar\/index.php?rest_route=%2Fwp%2Fv2%2Ftags&post=14102"}],"curies":[{"name":"wp","href":"https:\/\/api.w.org\/{rel}","templated":true}]}}