{"id":1412,"date":"2010-03-23T09:01:36","date_gmt":"2010-03-23T12:01:36","guid":{"rendered":"https:\/\/adhilac.com.ar\/?p=1412"},"modified":"2012-07-29T07:35:34","modified_gmt":"2012-07-29T10:35:34","slug":"carta-de-maria-guadalupe-cuenca-a-mariano-moreno-buenos-aires-21-de-junio-de-1811-%c2%a0%c2%a0%c2%a0%c2%a0","status":"publish","type":"post","link":"https:\/\/adhilac.com.ar\/?p=1412","title":{"rendered":"Carta de Mar\u00eda Guadalupe Cuenca a Mariano Moreno, Buenos Aires.\u00a0\u00a021 de junio de 1811."},"content":{"rendered":"<h3><span style=\"color: #339966;\">21 de junio de 1811<\/span><\/h3>\n<p style=\"text-align: justify;\"><a href=\"https:\/\/adhilac.com.ar\/wp-content\/uploads\/2010\/03\/Bacle-la-vendedora-de-tortas-02.jpg\"><img loading=\"lazy\" decoding=\"async\" class=\"alignleft size-full wp-image-6436\" title=\"Bacle-la vendedora de tortas 02\" src=\"https:\/\/adhilac.com.ar\/wp-content\/uploads\/2010\/03\/Bacle-la-vendedora-de-tortas-02.jpg\" alt=\"\" width=\"262\" height=\"360\" srcset=\"https:\/\/adhilac.com.ar\/wp-content\/uploads\/2010\/03\/Bacle-la-vendedora-de-tortas-02.jpg 364w, https:\/\/adhilac.com.ar\/wp-content\/uploads\/2010\/03\/Bacle-la-vendedora-de-tortas-02-218x300.jpg 218w\" sizes=\"auto, (max-width: 262px) 100vw, 262px\" \/><\/a><\/p>\n<p style=\"text-align: justify;\"><em>Izquierda: \u00abLa vendedora de tortas\u00bb\u00a0Litograf\u00eda\u00a0del suizo\u00a0C\u00e9sar Hip\u00f3lito Bacle (1797-1838) que estuvo desde 18928 en Buenos Aires.<\/em><\/p>\n<p style=\"text-align: justify;\"><em><br \/>\n<\/em><\/p>\n<p style=\"text-align: justify;\">Mi querido Moreno de mi coraz\u00f3n:<\/p>\n<p style=\"text-align: justify;\">me alegrar\u00e9 que \u00e9sta te halle con perfecta salud como mi amor lo desea, nosotras quedamos buenas, a Dios gracias, pero con la pesadumbre de no saber de vos en cinco meses que se cumplen ma\u00f1ana. Ya te puedes hacer cargo c\u00f3mo estar\u00e9 sin saber de vos en tantos meses que cada uno me parece un a\u00f1o, cada d\u00eda te extra\u00f1o m\u00e1s, todas las noches sue\u00f1o con vos, ah, mi querido Moreno, cu\u00e1ntas veces sue\u00f1o que te tengo abrazado pero luego me despierto y me hallo sola en mi triste cama, la riego con mis l\u00e1grimas, de verme sola, y que no solo no te tengo a mi lado sino que no s\u00e9 si te volver\u00e9 a ver, y qui\u00e9n sabe si mientras esta ausencia no nos moriremos alguno de los dos, pero en caso de que llegue la hora sea a m\u00ed Dios m\u00edo, y no a mi Moreno, pero Dios no lo permita que muramos sin volvernos a ver.<!--more--><\/p>\n<p style=\"text-align: justify;\">El 16 de \u00e9ste lleg\u00f3 un chasqui de Castelli, con oficio a la Junta calent\u00e1ndoles las orejas por lo acaecido el 6 de abril, dici\u00e9ndoles que en qu\u00e9 piensan, que todos los Cabildos del Per\u00fa han tenido a mal su proceder con los vocales porque conoc\u00edan el verdadero de estos se\u00f1ores que les niegan la obediencia mientras no repongan en sus empleos a los desterrados de ese d\u00eda, que el Ej\u00e9rcito est\u00e1 descontento con este Gobierno si no se reforma; y dicen que tienen firmada todos los Jefes de la Expedici\u00f3n, una carta a Funes de Castelli, en que le dice las verdades y se la mostr\u00f3 a un amigo suyo, llorando. El d\u00eda que lleg\u00f3 el chasqui hubo un convite que les hicieron a los chilenos que han venido, y lo que ley\u00f3 el oficio Saavedra dicen que empez\u00f3 a patear tratando de p\u00edcaro a Castelli y quiso mandar al instante a uno de los Balcarce para que lo trajera preso a Castelli, pero Funes y Molina dicen que lo sosegaron diciendo que no es tiempo de atropellar sino de pensarlo bien.<\/p>\n<p style=\"text-align: justify;\">&nbsp;<\/p>\n<p style=\"text-align: justify;\">Madera escribe a su hermana, he visto la carta, le dice que todo el Per\u00fa est\u00e1 descontento y por eso no vienen los diputados de Charcas, Potos\u00ed, Cochabamba, Oruro, Paz, y dem\u00e1s pueblos; que el Ej\u00e9rcito ha resuelto aniquilarse que obedecer a este Gobierno; Balbastro y Viamonte escriben lo mismo y dicen que dice Viamonte en su carta que ha hecho un estr\u00e9pito grande en el Ej\u00e9rcito que no ha podido contener a los oficiales. El Gobierno trata de que no se trasluzca esto, y ha encargado al Tribunal de Vigilancia que ponga mucho cuidado en este asunto, pero no lo sabe m\u00e1s que uno de cada casa, y copias de la carta de Madera, que andan en mucho secreto. Acaba de entrar tu t\u00edo don Mart\u00edn a darme una noticia favorable, aunque yo hubiera querido que viniera acompa\u00f1ada de carta, pero como ha de ser tendr\u00e9 paciencia y me contentar\u00e9 por ahora con saber que est\u00e1s bueno y cerca de tu destino. El ingl\u00e9s que vive en lo de tu abuela les ha dicho que ayer entr\u00f3 un barco, y que dice el capit\u00e1n que los encontr\u00f3 ocho o diez d\u00edas de camino que te faltaba para llegar a Londres, que iban buenos, y que aquel gobierno reconoc\u00eda el de Buenos Aires; yo me alegro much\u00edsimo de saber que est\u00e1s bueno, he tenido este enorme consuelo aunque no entero. Tambi\u00e9n me ha dicho tu t\u00edo que lleg\u00f3 anoche chasqui de Castelli dando parte que han llegado dos diputados de Lima diciendo que suspendan las armas por cuarenta d\u00edas y que no se entiendan en cosas de la patria con Goyeneche porque lo tienen por sospechoso, si sale en \u00abGaceta\u00bb ma\u00f1ana te la mandar\u00e9. El ingl\u00e9s don Alejandro vino a avisarme que el 23 sal\u00eda barco; ahora d\u00edas estuvo P\u00e9rez y hablando sobre a quien vendr\u00edan dirigidas tus cartas, por no estar Larrea, me dijo que lo viera a don Alejandro y le dijera que si ven\u00edan las cartas bajo de su cubierta, me las mandara, esto me dijo P\u00e9rez para librarlas de que caigan en manos de nuestros contrarios, se lo dije al ingl\u00e9s y escribi\u00f3 ese papelito y me dijo que lo pusiera dentro de mi carta; me parece que ser\u00e1 para que sepas su nombre y mandes tus cartas a \u00e9l pero eso vos sabr\u00e1s a quien las has de dirigir, yo lo hice por asegurar las primeras que como no est\u00e1 Larrea pudieran caer en manos de \u00e9stos, porque tantas ganas te tienen a vos como a Larrea y a tus amigos y hacen lo posible para imputarles delitos, y no tengo m\u00e1s que decirte sino que no te olvides que sos cristiano, procura cumplir con tus obligaciones de cristiano; recibe memories de tu madre, nuestro hijo, las muchachas y dem\u00e1s familia, y d\u00e1selas a Manuel en nombre de todas, y seamos buenos para que Dios nos ayude, tu mujer que verte desea.<\/p>\n<p style=\"text-align: justify;\">&nbsp;<\/p>\n<p style=\"text-align: justify; padding-left: 30px;\">Mar\u00eda Guadalupe Moreno<\/p>\n<p style=\"text-align: justify;\">&nbsp;<\/p>\n<p><strong>Publicado por ADHILAC Internacional \u00a9 www.adhilac.com.ar<\/strong><\/p>\n<p>Si Ud. desea asociarse de acuerdo a los Estatutos de ADHILAC\u00a0<a title=\"(ver)\" href=\"https:\/\/adhilac.com.ar\/?page_id=263\">(ver)<\/a> complete el siguiente formulario\u00a0<a title=\"(ver)\" href=\"https:\/\/adhilac.com.ar\/?page_id=3194\">(ver)<\/a><\/p>\n<p>E-mail: info@adhilac.com.ar<strong> <\/strong><\/p>\n<p>Twitter: @AdhilacInfo<\/p>\n<p style=\"text-align: justify;\">&nbsp;<\/p>\n","protected":false},"excerpt":{"rendered":"<p>21 de junio de 1811 Izquierda: \u00abLa vendedora de tortas\u00bb\u00a0Litograf\u00eda\u00a0del suizo\u00a0C\u00e9sar Hip\u00f3lito Bacle (1797-1838) que estuvo desde 18928 en Buenos Aires. Mi querido Moreno de mi coraz\u00f3n: me alegrar\u00e9 que \u00e9sta te halle con perfecta salud como mi amor lo desea, nosotras quedamos buenas, a Dios gracias, pero con la pesadumbre de no saber de [&hellip;]<\/p>\n","protected":false},"author":13,"featured_media":0,"comment_status":"closed","ping_status":"closed","sticky":false,"template":"","format":"standard","meta":{"_crdt_document":"","footnotes":""},"categories":[6,8],"tags":[50,22,36],"class_list":["post-1412","post","type-post","status-publish","format-standard","hentry","category-biblioteca","category-fuentes-testimonios","tag-cartas","tag-emancipacion-americana","tag-provincias-unidas-del-rio-de-la-plata"],"_links":{"self":[{"href":"https:\/\/adhilac.com.ar\/index.php?rest_route=\/wp\/v2\/posts\/1412","targetHints":{"allow":["GET"]}}],"collection":[{"href":"https:\/\/adhilac.com.ar\/index.php?rest_route=\/wp\/v2\/posts"}],"about":[{"href":"https:\/\/adhilac.com.ar\/index.php?rest_route=\/wp\/v2\/types\/post"}],"author":[{"embeddable":true,"href":"https:\/\/adhilac.com.ar\/index.php?rest_route=\/wp\/v2\/users\/13"}],"replies":[{"embeddable":true,"href":"https:\/\/adhilac.com.ar\/index.php?rest_route=%2Fwp%2Fv2%2Fcomments&post=1412"}],"version-history":[{"count":10,"href":"https:\/\/adhilac.com.ar\/index.php?rest_route=\/wp\/v2\/posts\/1412\/revisions"}],"predecessor-version":[{"id":1414,"href":"https:\/\/adhilac.com.ar\/index.php?rest_route=\/wp\/v2\/posts\/1412\/revisions\/1414"}],"wp:attachment":[{"href":"https:\/\/adhilac.com.ar\/index.php?rest_route=%2Fwp%2Fv2%2Fmedia&parent=1412"}],"wp:term":[{"taxonomy":"category","embeddable":true,"href":"https:\/\/adhilac.com.ar\/index.php?rest_route=%2Fwp%2Fv2%2Fcategories&post=1412"},{"taxonomy":"post_tag","embeddable":true,"href":"https:\/\/adhilac.com.ar\/index.php?rest_route=%2Fwp%2Fv2%2Ftags&post=1412"}],"curies":[{"name":"wp","href":"https:\/\/api.w.org\/{rel}","templated":true}]}}