{"id":14145,"date":"2019-01-29T19:14:26","date_gmt":"2019-01-29T22:14:26","guid":{"rendered":"https:\/\/adhilac.com.ar\/?p=14145"},"modified":"2019-02-01T15:09:16","modified_gmt":"2019-02-01T18:09:16","slug":"appel-a-colloqueconvocatoria-coloquio-%c2%able-chili-au-xixe-et-au-xxe-siecle-migration-conflit-exil-et-memoire-chile-migracion-conflicto-exilio-y-memoria-siglos-xix-xx%c2%bb-lyon-6-et-7","status":"publish","type":"post","link":"https:\/\/adhilac.com.ar\/?p=14145","title":{"rendered":"Coloquio: \u00abLe Chili au XIXe et au XXe si\u00e8cle: migration, conflit, exil et m\u00e9moire \/ Chile: migraci\u00f3n, conflicto, exilio y memoria (ss XIX-XX)\u00bb, Lyon 6-7 juin 2019"},"content":{"rendered":"<div style=\"text-align: justify;\">\n<h3 style=\"text-align: justify;\"><span style=\"color: #339966;\">Appel \u00e0 colloque\/Convocatoria coloquio:<\/span><\/h3>\n<p>\u00abLe Chili au XIXe et au XXe si\u00e8cle : migration, conflit, exil et m\u00e9moire \/ Chile: migraci\u00f3n, conflicto, exilio y memoria (Siglos XIX-XX)\u00bb,<br \/>\nLyon 6 et 7 juin 2019<\/p>\n<\/div>\n<p style=\"text-align: justify;\"><strong>Colloque international\/Coloquio Internacional<\/strong><br \/>\n<strong>Le<\/strong> <strong>Chili<\/strong> <strong>au<\/strong> <strong>XIX<\/strong><strong>e<\/strong> <strong>et<\/strong> <strong>au<\/strong> <strong>XX<\/strong><strong>e<\/strong> <strong>si\u00e8cle<\/strong> <strong>:<\/strong> <strong>migration,<\/strong> <strong>conflit, exil et m\u00e9moire\/Chile: migraci\u00f3n, conflicto, exilio y memoria (Siglos XIX-XX)<\/strong><br \/>\nLieu\/Lugar : Universit\u00e9 Lumi\u00e8re-Lyon II<br \/>\n<strong>Dates du colloque\/Fechas del coloquio : 6 et 7 juin 2019<\/strong><br \/>\n<strong>Langues du colloque\/Lenguas del coloquio : fran\u00e7ais et espagnol<\/strong><\/p>\n<div style=\"text-align: justify;\">\n<p><strong> <\/strong><\/p>\n<p><strong> <\/strong><\/p>\n<p><strong> <\/strong><\/p>\n<p><strong> <\/strong><\/p>\n<p><strong><!--more--><\/strong><strong> <\/strong><\/p>\n<\/div>\n<p style=\"text-align: justify;\">&nbsp;<\/p>\n<div style=\"text-align: justify;\">\n<p>Lors du colloque de juin 2011, <strong>Construction de l\u2019\u00c9tat-Nation et r\u00e9sistances au Chili : del\u2019Ind\u00e9pendance au Front populaire<\/strong>, nous nous sommes int\u00e9ress\u00e9s \u00e0 la constitution del\u2019\u00c9tat-nation au Chili et aux r\u00e9sistances qui en ont d\u00e9coul\u00e9 sur les plans politique, sociologieet culturel. Le colloque <strong>Construction de l\u2019\u00c9tat- Nation et d\u00e9veloppement \u00e9conomique etsocial au Chili (1811-1976) <\/strong>qui a eu lieu en janvier 2013 a \u00e9t\u00e9 un prolongement de cetter\u00e9flexion dans une optique privil\u00e9giant les rapports \u00e9conomiques et financiers internes etexternes qui ont particip\u00e9 \u00e0 la formation de l\u2019\u00c9tat-Nation chilien. Par la suite, le colloque<strong>Pouvoirs, identit\u00e9, r\u00e9sistances dans les arts visuels chiliens<\/strong>, en d\u00e9cembre 2015, nous apermis de convoquer des sources diff\u00e9rentes. Le th\u00e8me de la m\u00e9moire est apparu dans cecolloque ainsi que celui de l\u2019exil. L\u2019ouverture sur le monde a justement \u00e9t\u00e9 le sujet ducolloque <strong>Chile en el mundo<\/strong>, que nous avons organis\u00e9 en juillet 2017 \u00e0 l\u2019Universit\u00e9 de Santiago du Chili (USACH).<\/p>\n<p>&nbsp;<\/p>\n<h4>Objectifs du colloque<\/h4>\n<p><strong> <\/strong><\/p>\n<p>Ce nouveau colloque se situe dans la continuit\u00e9 des colloques de 2011, 2013, 2015 et 2017 et envisage d\u2019approfondir des th\u00e8mes apparus de fa\u00e7on transversale. Nous souhaitons privil\u00e9gier la diversit\u00e9 des origines des sources, chiliennes, europ\u00e9ennes, am\u00e9ricaines et de leur nature, \u00e9crites, orales, audiovisuelles. L\u2019interdisciplinarit\u00e9 et les dimensions transam\u00e9ricaines et comparatistes sont encourag\u00e9es. L\u2019organisation du dernier colloque au Chili\u00a0 nous a permis de renforcer notre \u00e9quipe sur le plan international gr\u00e2ce \u00e0 des collaborations \u00e9galement \u00e9ditoriales. Nous envisageons, avec ce nouveau colloque, de souder notre r\u00e9seau afin de monter, par la suite, un projet de plus grande envergure.<\/p>\n<p>&nbsp;<\/p>\n<h4>Axes de travail<\/h4>\n<p><strong> <\/strong><\/p>\n<p>Le colloque pourra se d\u00e9cliner selon plusieurs axes. Le conflit comme cause de\u00a0 la migration, les migrations et leurs m\u00e9moires, le conflit et ses m\u00e9moires et ceci au travers de diff\u00e9rents sources : l\u00e9gislation, donn\u00e9es d\u00e9mographiques et recensements, archives, entretiens, affiches, presse, sources audio-visuelles et musicales.<\/p>\n<p>&nbsp;<\/p>\n<h4>Organisateurs<\/h4>\n<p><strong> <\/strong><\/p>\n<p>Alvar DE LA LLOSA, PR, Universit\u00e9 Lumi\u00e8re Lyon-II\/Laboratoire LCE (Langues\u00a0 et Cultures Europ\u00e9ennes), Universit\u00e9 Paris Ouest Nanterre La D\u00e9fense Centre\u00a0 de recherches ib\u00e9riques et ib\u00e9ro-am\u00e9ricaines : Axe Ecole, Culture, Nation dans\u00a0 le monde ib\u00e9rique, ib\u00e9roam\u00e9ricain et m\u00e9diterran\u00e9en (GRECUN)<\/p>\n<p>&nbsp;<\/p>\n<p>Enrique FERN\u00c1NDEZ DOMINGO, PR, Universit\u00e9 Paris 8 Vincennes Saint- Denis\/Laboratoire LER : Am\u00e9rique Latine: litt\u00e9rature et socio-histoire. ALHIM<\/p>\n<\/div>\n<p style=\"text-align: justify;\">&nbsp;<\/p>\n<div style=\"text-align: justify;\">\n<p>Nathalie JAMMET-ARIAS, MCF, Universit\u00e9 Paris Ouest Nanterre La D\u00e9fense\/Centre de recherches ib\u00e9riques et ib\u00e9ro-am\u00e9ricaines : Groupe de Recherches Ecole, Culture, Nation dans le monde ib\u00e9rique, ib\u00e9ro-am\u00e9ricain et m\u00e9diterran\u00e9en (GRECUN)<\/p>\n<p>&nbsp;<\/p>\n<p>Juan Luis CARRELL\u00c1N RUIZ, enseignant-chercheur, Universidad de C\u00f3rdoba (Espagne)<\/p>\n<p>&nbsp;<\/p>\n<h4>Appel \u00e0 communications<\/h4>\n<p><strong> <\/strong><\/p>\n<p>Les conflits, les migrations et leurs m\u00e9moires sont des th\u00e8mes apparus en filigrane au cours des quatre colloques que nous avons pr\u00e9c\u00e9demment organis\u00e9s (en 2011, 2013, 2015 et 2017 respectivement dans les universit\u00e9s de Nanterre, Paris 8, Santiago du Chili). Il nous appara\u00eet qu\u2019il convient d\u00e9sormais d\u2019approfondir certains de ces th\u00e8mes au cours d\u2019une nouvelle rencontre.<\/p>\n<p>&nbsp;<\/p>\n<p>La p\u00e9riode retenue parcourt un laps temporel qui, en s\u2019\u00e9tendant de l\u2019Ind\u00e9pendance jusqu\u2019\u00e0 nos jours, couvre l\u2019\u00e9poque contemporaine puisque notre objectif est d\u2019\u00e9tudier ces ph\u00e9nom\u00e8nes sur une p\u00e9riode longue sans rel\u00e9guer les migrations au XIXe si\u00e8cle.<\/p>\n<p>&nbsp;<\/p>\n<p>Au Chili, les conflits de l\u2019Ind\u00e9pendance ont \u00e9t\u00e9 producteurs de migrants, notamment les <em>Patriotas <\/em>qui, vaincus, ont pass\u00e9 les Andes pour se regrouper \u00e0 Mendoza o\u00f9 fut organis\u00e9e l\u2019exp\u00e9dition qui devait lib\u00e9rer le pays. S\u2019en suivit la\u00a0 fuite des Espagnols p\u00e9ninsulaires lorsque l\u2019Arm\u00e9e des Andes obtint ses premiers succ\u00e8s militaires. Par la suite, certains lib\u00e9raux, les <em>Pipiolos<\/em>, durent fuir, \u00e0 leur tour. Parmi eux, l\u2019ancien Directeur supr\u00eame, h\u00e9ros de l\u2019Ind\u00e9pendance, Bernardo O\u2019Higgins qui trouva refuge au P\u00e9rou comme beaucoup de lib\u00e9raux qui durent quitter le Chili en raison de mesures de bannissement (tels Francisco Bilbao, puis les insurg\u00e9s de 1861, ou ceux de 1891). Parall\u00e8lement, le Chili s\u2019est transform\u00e9 en pays r\u00e9cepteur de r\u00e9fugi\u00e9s, en particulier argentins. Ces Argentins, qui fuyaient la dictature de Rosas, eurent souvent une grande influence\u00a0 au Chili, dans le domaine du journalisme et des Sciences politiques (Mitre, Alberdi, Sarmiento), et de l\u2019\u00e9ducation. On leur doit une participation active \u00e0 la floraison culturelle du Chili du milieu du XIXe si\u00e8cle, la fondation de plusieurs journaux, et, \u00e0 Sarmiento en particulier, l\u2019organisation de l\u2019\u00c9cole normale de Pr\u00e9cepteurs. \u00c0 cette particularit\u00e9 d\u2019ordre politique, il convient d\u2019ajouter les personnalit\u00e9s intellectuelles qui, invit\u00e9es par le gouvernement chilien d\u00e9cident, \u00e0 la fin de leur contrat, de rester dans leur nouvelle patrie, \u00e0 l\u2019instar du V\u00e9n\u00e9zu\u00e9lien Andr\u00e9s Bello qui d\u00e9veloppe une remarquable carri\u00e8re dans les domaines du droit, des humanit\u00e9s et des sciences.<\/p>\n<p>&nbsp;<\/p>\n<p>\u00c0 la diff\u00e9rence de l\u2019Argentine ou de l\u2019Uruguay, l\u2019\u00e9migration europ\u00e9enne au Chili n\u2019a jamais \u00e9t\u00e9 massive. Cette immigration se limite \u00e0 certains flux migratoires irr\u00e9guliers et num\u00e9riquement r\u00e9duits. Apr\u00e8s l\u2019Ind\u00e9pendance, le Chili voit arriver\u00a0 un bon nombre de n\u00e9gociants europ\u00e9ens, en majorit\u00e9 des Anglais qui s\u2019installent dans la capitale et dans les ports du pays. Ces n\u00e9gociants sont principalement des commer\u00e7ants et des employ\u00e9s de maisons de commerce europ\u00e9ennes.<\/p>\n<\/div>\n<p style=\"text-align: justify;\">&nbsp;<\/p>\n<div style=\"text-align: justify;\">\n<p>Avant 1860, les immigrants europ\u00e9ens qui arrivent au Chili sont, dans leur grande majorit\u00e9, des commer\u00e7ants et des membres des professions lib\u00e9rales.\u00a0 Entre 1846 et 1875, le pays accueille une importante vague d\u2019\u00e9migration provenant d\u2019Allemagne. Apr\u00e8s 1880, le flux migratoire augmente et la provenance nationale des migrants se diversifie. Ces nouveaux migrants, qui arrivent par contingents, son majoritairement d\u2019extraction prol\u00e9taire et sans instruction.<\/p>\n<p>&nbsp;<\/p>\n<p>Apr\u00e8s la Guerre du Pacifique (1879-1883), de nombreux Boliviens et P\u00e9ruviens furent int\u00e9gr\u00e9s de force au territoire chilien, sans qu\u2019il s\u2019agisse dans ce cas d\u2019un flux migratoire, puisqu\u2019il fut caus\u00e9 par une situation politique plus que par un choix personnel, voire une exigence \u00e9conomique. Leur situation d\u2019immigr\u00e9s devra \u00eatre \u00e9tudi\u00e9e avec attention puisqu\u2019il a lieu dans un contexte de d\u00e9veloppement du nationalisme et de cr\u00e9ation de mouvements identitaires, notamment les <em>ligas patri\u00f3ticas<\/em>. Il conviendra de s\u2019int\u00e9resser aussi aux Chiliens d\u00e9serteurs de la Guerre du Pacifique qui s\u2019install\u00e8rent au P\u00e9rou, certains particip\u00e8rent \u00e0 la conqu\u00eate \u00e0 peine initi\u00e9e des territoires\u00a0 amazoniens dans le cadre plus g\u00e9n\u00e9ral\u00a0 de l\u2019occasion offerte pour un passage \u00e0 une vie meilleure. Peu auparavant, de\u00a0 par ses relations \u00e9conomiques privil\u00e9gi\u00e9es avec l\u2019Ouest \u00e9tasunien, le Chili participe, par ses exportations \u2013 notamment de c\u00e9r\u00e9ales \u2013 \u00e0 la conqu\u00eate et \u00e0 l\u2019installation des \u00c9tasuniens en Californie et au d\u00e9veloppement de la ru\u00e9e vers\u00a0 l\u2019or du Klondike par les <em>forty-niners<\/em>. De sorte que se d\u00e9veloppe une relation inattendue entre les deux extr\u00eames du Continent.<\/p>\n<p>&nbsp;<\/p>\n<p>Au XXe si\u00e8cle, le Chili semble \u00e9chapper \u00e0 la grande vague de migrations qui caract\u00e9rise le Continent am\u00e9ricain. Il conviendra d\u2019en comprendre les raisons, alors que l\u2019installation des Fran\u00e7ais, notamment des vignerons bourguignons est rest\u00e9s c\u00e9l\u00e8bres \u00e0 travers certains noms qui ont occup\u00e9 la pr\u00e9sidence de la R\u00e9publique. L\u2019accueil contrast\u00e9 des r\u00e9fugi\u00e9s r\u00e9publicains espagnols dans les conditions politiques particuli\u00e8res chiliennes \u2013 \u00e0 la fin du gouvernement du Front populaire -, marque un moment unique. Dans les ann\u00e9es 1950, des familles catholiques belges et fran\u00e7aises s\u2019installent au Chili afin d\u2019offrir au monde une r\u00e9serve occidentale catholique blanche, selon les termes de l\u2019\u00e9poque, au cas o\u00f9 l\u2019URSS envahirait l\u2019Europe atlantique. Si des sympathisants de la droite \u00e9conomique et extr\u00eame ont quitt\u00e9 le Chili \u00e0 la suite de l\u2019\u00e9lection de Salvador Allende en 1970, le coup d\u2019\u00c9tat du 11 septembre 1973 provoque, selon les sources, un exil massif de 200.000 \u00e0 un million de personnes sur une population de 10 millions d\u2019habitants (1973).<\/p>\n<p>&nbsp;<\/p>\n<p>Dans le cadre de la dictature, on observe encore plusieurs types de migrations,\u00a0 la plupart correspondant cependant \u00e0 un exil politique de personnes ou de familles enti\u00e8res fuyant le r\u00e9gime par peur de la r\u00e9pression \u2013 en raison de leurs activit\u00e9s politiques ou sociales r\u00e9elles ou suppos\u00e9es -, de personnes qui ont subi la r\u00e9pression et la prison et dont la peine a \u00e9t\u00e9 commu\u00e9e en bannissement, de personnes bannies et d\u00e9chues de leur nationalit\u00e9 mais aussi de personnes qui, du fait du r\u00e9gime en place, ont perdu leur emploi ou la possibilit\u00e9 d\u2019\u00e9tudier. Au cours des trente derni\u00e8res ann\u00e9es du XXe si\u00e8cle, on observe aussi une \u00e9migration \u00e9conomique sur plusieurs g\u00e9n\u00e9rations, ce qui prouve le fiasco de la politique ultralib\u00e9rale des <em>Chicago Boys<\/em>. Sans omettre par ailleurs les migrations<\/p>\n<\/div>\n<p style=\"text-align: justify;\">&nbsp;<\/p>\n<div style=\"text-align: justify;\">\n<p>politiques dans le cadre d\u2019entrainements militaires ou de projets\u00a0 internationalistes.<\/p>\n<p>&nbsp;<\/p>\n<p>On ne privil\u00e9gie donc pas les migrations d\u2019ordre politique, car des communications sur les migrations \u00e9conomiques internes (colonisation du Sud\u00a0 du Chili, activit\u00e9s \u00e9conomiques dans les villes), et scientifiques (professeurs, chercheurs, techniciens, \u00e9tudes techniques en Europe ou aux \u00c9tats-Unis) seront les bienvenues puisque la migration est d\u00e9cid\u00e9e suite \u00e0 un danger mais aussi plus largement \u00e0 cause d\u2019une \u00ab insatisfaction \u00bb vis-\u00e0-vis des\u00a0 conditions\u00a0 de vie, du d\u00e9veloppement personnel et familiale, dans le pays d\u2019origine ou du besoin d\u2019am\u00e9lioration professionnelle. Ces \u00e9tudes \u00e9largies permettront d\u2019\u00e9valuer les flux de populations qui sortirent du Chili o\u00f9 s\u2019y install\u00e8rent, les \u00e9l\u00e9ments n\u00e9cessaires pour contextualiser et \u00e9valuer les cons\u00e9quences culturelles, politiques et \u00e9conomiques des ph\u00e9nom\u00e8nes migratoires ainsi que l\u2019int\u00e9gration des migrants, tant au Chili que dans les pays r\u00e9cepteurs, en cas d\u2019\u00e9migration, voire de recompositions de l\u2019objet politique.<\/p>\n<p>&nbsp;<\/p>\n<p>Dans le cas du Chili, le conflit est souvent au coeur du projet migratoire, et il conviendrait d\u2019\u00e9tudier les m\u00e9moires des conflits tant celles concernant ceux qui sont partis que pour ceux qui sont rest\u00e9s dans le pays, voire m\u00eame ceux qui ont fait des allers-retours. Car le conflit oblige \u00e0 partir mais aussi parfois \u00e0 revenir.<\/p>\n<p>&nbsp;<\/p>\n<p>Choix volontaire d\u2019un temps long afin de tenter de mettre en valeur des constantes et des ruptures, et de comprendre ce qui les motive, tout en ayant\u00a0 soin de mettre en relief les sp\u00e9cificit\u00e9s chiliennes dans le cadre latino-am\u00e9ricain.<\/p>\n<p>&nbsp;<\/p>\n<p>Ainsi ce colloque, qui privil\u00e9gie diverses approches propres aux sciences sociales, s\u2019inscrit dans la continuation de l\u2019\u00e9tude des flux migratoires, des migrations, des circulations et des transferts de savoirs politiques et de connaissances scientifiques et techniques, peut se d\u00e9cliner de plusieurs fa\u00e7ons<\/p>\n<p>:<\/p>\n<p>&nbsp;<\/p>\n<ul>\n<li>Le conflit comme cause de la migration (interne au pays, cas des rel\u00e9gations ou des d\u00e9placements de population \u00e0 plus grande \u00e9chelle),<\/li>\n<li>les migrations et leurs m\u00e9moires,<\/li>\n<li>le conflit et ses m\u00e9moires (au travers de diff\u00e9rents sources : l\u00e9gislation, donn\u00e9es d\u00e9mographiques et recensements, archives, entretiens, affiches, presse, sources audiovisuelles et musicales)\n<ul>\n<li>l\u2019exil en tant que migration forc\u00e9e au cours des deux derniers si\u00e8cles (aussi bien les exil\u00e9s au Chili que les exil\u00e9s chiliens \u00e0 l\u2019\u00e9tranger).<\/li>\n<\/ul>\n<\/li>\n<\/ul>\n<p>&nbsp;<\/p>\n<p>Les propositions de communication devront nous parvenir avant <strong>le 1er octobre 2018.<\/strong><strong> <\/strong><\/p>\n<p>&nbsp;<\/p>\n<p><strong> <\/strong><\/p>\n<p><span style=\"text-decoration: underline;\"> <\/span>_<span style=\"text-decoration: underline;\"> <\/span>_<span style=\"text-decoration: underline;\"> <\/span>_<span style=\"text-decoration: underline;\"> <\/span>_<span style=\"text-decoration: underline;\"> <\/span>_<span style=\"text-decoration: underline;\"> <\/span>_<span style=\"text-decoration: underline;\"> <\/span>__<\/p>\n<table cellspacing=\"0\" cellpadding=\"0\" align=\"left\">\n<tbody>\n<tr>\n<td width=\"140\" height=\"0\"><\/td>\n<\/tr>\n<tr>\n<td><\/td>\n<td><\/td>\n<\/tr>\n<\/tbody>\n<\/table>\n<p>&nbsp;<\/p>\n<\/div>\n<p style=\"text-align: justify;\">&nbsp;<\/p>\n<div style=\"text-align: justify;\">\n<h4>Convocatoria<\/h4>\n<p><strong> <\/strong><\/p>\n<p>Los conflictos, las migraciones y sus memorias han sido temas que aparecieron en filigrana a lo largo de los cuatro coloquios que hemos organizado anteriormente (en 2011, 2013, 2015 y 2017 respectivamente en\u00a0 las universidades de Nanterre, Paris 8, Santiago de Chile). Nos parece que es hora de profundizar en algunos temas en el marco de un nuevo encuentro. El periodo considerado recorre un lapso temporal que se extiende desde la Independencia hasta nuestros d\u00edas, cubriendo la \u00e9poca contempor\u00e1nea, ya que nuestro objetivo es estudiar estos fen\u00f3menos en un periodo largo, sin olvidar las migraciones del siglo XIX.<\/p>\n<p>&nbsp;<\/p>\n<p>En Chile, los conflictos de la Independencia han sido productores de migrantes, en particular cuando, una vez vencidos, los Patriotas tuvieron que cruzar los Andes para reagruparse en Mendoza donde se organiz\u00f3 la expedici\u00f3n que hab\u00eda de liberar el pa\u00eds. Al conseguir el Ej\u00e9rcito de los Andes sus primeros \u00e9xitos militares, a su vez, los espa\u00f1oles peninsulares huyeron. Tras ello algunos liberales, los <em>Pipiolos<\/em>, tuvieron que huir. Entre ellos el antiguo Director Supremo\u00a0 y h\u00e9roe de la Independencia, Bernardo O\u2019Higgins, quien se asilo en Per\u00fa al igual que otros muchos liberales que poco despu\u00e9s, a su vez, se vieron obligados a abandonar Chile a causa de las medidas de destierro o extra\u00f1amiento (tales como Francisco Bilbao, y despu\u00e9s los insurrectos de 1861, o aquellos de 1891. Paralelamente, Chile se transform\u00f3 en pa\u00eds receptor de refugiados, en particular argentinos. Estos argentinos, que hu\u00edan de la dictadura de Rosas, a menudo destacaron por su gran influencia en Chile en particular en los sectores del periodismo y de la ciencia pol\u00edtica (Mitre, Alberdi, Sarmiento), y de la educaci\u00f3n. Se les debe una activa participaci\u00f3n en el florecimiento cultural del Chile de mediados del siglo XIX, la fundaci\u00f3n de varios peri\u00f3dicos, y a Sarmiento la organizaci\u00f3n de la Escuela Normal de Preceptores. A esta particularidad de tipo pol\u00edtico, conviene a\u00f1adir personalidades intelectuales que, invitadas por el gobierno chileno, decidieron, al finalizar su contrato, quedarse en su\u00a0 nueva patria, como el venezolano Andr\u00e9s Bello quien desarroll\u00f3 una extraordinaria carrera en los sectores del Derecho, de las Humanidades y de las Ciencias.<\/p>\n<p>&nbsp;<\/p>\n<p>La inmigraci\u00f3n europea en Chile, a diferencia de Argentina o Uruguay, nunca fue masiva. Esta inmigraci\u00f3n se limita a ciertos flujos migratorios irregulares y num\u00e9ricamente reducidos. Tras su independencia, Chile recibe la llegada de un buen n\u00famero de negociantes europeos, mayoritariamente de origen ingl\u00e9s, que se instalan en la capital y en los puertos del pa\u00eds. Estos negociantes son principalmente comerciantes y empleados de casas comerciales\u00a0 europeas. Antes de 1860 los emigrantes europeos que llegan a Chile son, mayoritariamente, comerciantes y profesionales liberales. Entre 1846 y 1875 el pa\u00eds acoge una importante oleada migratoria proveniente de Alemania.\u00a0 Tras 1880 el flujo migratorio aumenta y el universo del origen nacional de los inmigrantes se diversifica. Estos nuevos inmigrantes que\u00a0 llegan\u00a0 por contingentes, son mayoritariamente de origen proletario y sin instrucci\u00f3n.<\/p>\n<p>&nbsp;<\/p>\n<p>Tras la Guerra del Pacifico (1879-1883), numerosos bolivianos y peruanos resultaron integrados por la fuerza al territorio chileno, aunque en dicho caso no<\/p>\n<\/div>\n<p style=\"text-align: justify;\">&nbsp;<\/p>\n<div style=\"text-align: justify;\">\n<p>se trata de un flujo migratorio, ya que viv\u00edan antes en el territorio. Estuvo causado por una situaci\u00f3n pol\u00edtica m\u00e1s que por una opci\u00f3n personal, incluso a veces por una exigencia econ\u00f3mica. Su situaci\u00f3n de emigrantes habr\u00e1 de ser estudiada\u00a0 con inter\u00e9s en el contexto correspondiente al desarrollo del nacionalismo y del surgimiento de movimientos identitarios, en particular las <em>ligas patri\u00f3ticas<\/em>. Tambi\u00e9n se habr\u00e1 de mostrar inter\u00e9s por los desertores chilenos\u00a0 de la Guerra\u00a0 del Pac\u00edfico que se instalaron en Per\u00fa, algunos llegando a participar en la incipiente conquista de los territorios amaz\u00f3nicos en el marco m\u00e1s general de la posibilidad de acceder a una vida mejor. Poco antes, por sus relaciones econ\u00f3micas privilegiadas con el Oeste estadounidense, Chile participa, por sus exportaciones \u2013 en particular de cereales \u2013 a la conquista y lainstalaci\u00f3n de estadounidenses en California y a la puesta en marcha del <em>Golden Rush <\/em>del Klondike por los <em>forty-niners<\/em>; desarrollando de este modo una relaci\u00f3n\u00a0 inesperada entre las dos extremidades del Continente.<\/p>\n<p>&nbsp;<\/p>\n<p>A lo largo del siglo XX Chile parece escapar a la gran oleada de inmigraciones que caracteriza el Continente americano. Convendr\u00e1 entender las razones cuando sin embargo la instalaci\u00f3n de franceses, en particular de los vi\u00f1ateros borgo\u00f1eses se ha mantenido en las memorias cuanto m\u00e1s que llegaron alguno que otro apellido hasta la presidencia de la Rep\u00fablica. La acogida contrastada\u00a0 de los refugiados republicanos espa\u00f1oles en unas condiciones pol\u00edticas particulares propias de Chile, a finales del gobierno de Frente Popular, marca un momento \u00fanico. En los a\u00f1os de 1950 familias cat\u00f3licas belgas y francesas se instalan en Chile con el prop\u00f3sito de ofrecer al mundo una reserva occidental cat\u00f3lica blanca, seg\u00fan las palabras de aquella \u00e9poca, en caso en que la URSS invadiera la Europa atl\u00e1ntica. Si simpatizantes de la derecha econ\u00f3mica y extrema abandonaron Chile tras la elecci\u00f3n de Salvador Allende en 1970, el golpe de Estado del 11 de Septiembre de 1973 provoc\u00f3, seg\u00fan las fuentes, un exilio masivo de entre 200.000 a un mill\u00f3n de persones sobre una poblaci\u00f3n de 10 millones de habitantes (1973).<\/p>\n<p>&nbsp;<\/p>\n<p>En el marco de la dictadura, se observan aun varios tipos de migraciones, la mayor\u00eda corresponde sin embargo a un exilio pol\u00edtico de personas o de familias enteras que huyeron del r\u00e9gimen militar por miedo a la represi\u00f3n, por causa de sus actividades pol\u00edticas o sociales reales o supuestas, de personas que fueron v\u00edctimas de la represi\u00f3n o de la c\u00e1rcel y cuya pena ha sido conmutada por el extra\u00f1amiento, de personas desterradas o cuya nacionalidad les fue retirada, pero tambi\u00e9n de personas que, a causa del r\u00e9gimen perdieron su trabajo o la posibilidad de estudiar. Tambi\u00e9n se observa, a finales del siglo XX, una emigraci\u00f3n econ\u00f3mica sobre varias generaciones que prueba el fracaso de la pol\u00edtica ultra liberal de los <em>Chicago Boys<\/em>. Sin omitir por otra parte las migraciones pol\u00edticas con vistas a adiestramientos militares mayores o proyectos internacionalistas.<\/p>\n<p>&nbsp;<\/p>\n<p>Por otra parte, no se privilegiaran las migraciones de tipo pol\u00edtico ya que las comunicaciones sobre las migraciones econ\u00f3micas internas (colonizaci\u00f3n\u00a0 del Sur de Chile, actividades econ\u00f3micas en las ciudades), y cient\u00edficas (profesores, investigadores, t\u00e9cnicos, estudios t\u00e9cnicos en Europa y EEUU) ser\u00e1n aceptados visto que la migraci\u00f3n es decidida tras la aparici\u00f3n de un peligro o, de modo m\u00e1s<\/p>\n<\/div>\n<p style=\"text-align: justify;\">&nbsp;<\/p>\n<p style=\"text-align: justify;\">amplio, de una \u201cinsatisfacci\u00f3n\u201d frente a las condiciones de vida, del desarrollo personal o familiar en el pa\u00eds de origen. Estos estudios ampliados permitir\u00e1n evaluar los flujos de poblaci\u00f3n que salieron de Chile o que se instalaron en el pa\u00eds y que resultan ser elementos necesarios para contextualizar y evaluar las consecuencias culturales y econ\u00f3micas de los fen\u00f3menos migratorios as\u00ed como\u00a0 la integraci\u00f3n de los migrantes, tanto en Chile como en los\u00a0 pa\u00edses de\u00a0 acogida, en caso de emigraci\u00f3n como de recomposici\u00f3n del objeto pol\u00edtico. En el caso chileno, el conflicto es a menudo el meollo del proyecto migratorio y convendr\u00eda estudiar las memorias de los conflictos tanto para aquellos que salieron como para aquellos que se quedaron en el pa\u00eds, e incluso aquellos que salieron y volvieron ; ya que el conflicto obliga a salir pero tambi\u00e9n a veces a volver.<\/p>\n<p style=\"text-align: justify;\">&nbsp;<\/p>\n<p style=\"text-align: justify;\">La opci\u00f3n de un tiempo largo con el prop\u00f3sito de valorar las constantes y las rupturas, y de entender lo que las motiva, pero siempre teniendo cuidado de poner de relieve las especificaciones chilenas en el marco de un contexto latino- americano m\u00e1s amplio.<\/p>\n<p style=\"text-align: justify;\">&nbsp;<\/p>\n<p style=\"text-align: justify;\">De modo que este coloquio, -que privilegia varios enfoques propios de las ciencias sociales, se enmarca en la continuaci\u00f3n del estudio de los flujos migratorios, de las migraciones, de las circulaciones y de las transferencias de saberes pol\u00edticos y de conocimientos cient\u00edficos y t\u00e9cnicos- puede proyectarse\u00a0\u00a0 de diferentes modos:<\/p>\n<p style=\"text-align: justify;\">&nbsp;<\/p>\n<ul style=\"text-align: justify;\">\n<li>el conflicto como causa de la migraci\u00f3n (interna al pa\u00eds, caso de las relegaciones o de desplazamientos de poblaci\u00f3n mayor escala),<\/li>\n<li>las migraciones y sus memorias,<\/li>\n<li>el conflicto y sus memorias (a trav\u00e9s de diferentes fuentes: legislaci\u00f3n, datos demogr\u00e1ficos y censos, archivo, entrevistas, carteles, prensa, fuentes audio- visuales y musicales).<\/li>\n<li>el exilio, como migraci\u00f3n forzosa en los dos siglos se\u00f1alados (exilio chileno en el exterior y exilio de extranjeros en Chile).<\/li>\n<\/ul>\n<p style=\"text-align: justify;\">&nbsp;<\/p>\n<p style=\"text-align: justify;\">Se recibir\u00e1n las propuestas de ponencia hasta el <strong>1\u00b0 de octubre de 2018<\/strong><strong> <\/strong><\/p>\n<p style=\"text-align: justify;\"><strong> <\/strong><\/p>\n<h4 style=\"text-align: justify;\">Comit\u00e9 scientifique\/Comit\u00e9 Cient\u00edfico<\/h4>\n<p style=\"text-align: justify;\"><strong> <\/strong><\/p>\n<ul style=\"text-align: justify;\">\n<li>Isabelle Tauzin-Castellanos (PR, Universit\u00e9 Bordeaux III)<\/li>\n<li>Catherine Heymann (PR, UPOND)<\/li>\n<li>Hern\u00e1n Venegas Valdebenito (PR-USACH, Chili)<\/li>\n<li>Igor Goicovic (PR, USACH, Chili)<\/li>\n<li>Rafael Chavarr\u00eda (Docente, USACH, Chili)<\/li>\n<li>Julio P\u00e9rez Serrano (Universidad de C\u00e1diz, Espagne)<\/li>\n<\/ul>\n<p style=\"text-align: justify;\">&nbsp;<\/p>\n<h5 style=\"text-align: justify;\">Contact\/Contacto:<\/h5>\n<p style=\"text-align: justify;\"><strong> <\/strong><\/p>\n<p style=\"text-align: justify;\"><a href=\"mailto:nathalie.jammetarias@yahoo.es\"><strong><span style=\"text-decoration: underline;\">nathalie.jammetarias@yahoo.es<\/span><\/strong><\/a><strong> <\/strong><a href=\"mailto:alvar.delallosa@univ-lyon2.fr\"><strong><span style=\"text-decoration: underline;\">alvar.delallosa@univ-lyon2.fr<\/span><\/strong><\/a><strong> <\/strong><a href=\"mailto:enrique.fernandez@yahoo.fr\"><strong><span style=\"text-decoration: underline;\">enrique.fernandez@yahoo.fr<\/span><\/strong><\/a><strong> <\/strong><a href=\"mailto:juancarrellan@hotmail.com\"><strong><span style=\"text-decoration: underline;\">juancarrellan@hotmail.com<\/span><\/strong><\/a><strong> <\/strong><\/p>\n<p style=\"text-align: justify;\"><a href=\"https:\/\/adhilac.com.ar\/wp-content\/uploads\/2018\/06\/Appel-\u00e0-colloque.pdf\">Appel \u00e0 colloque<\/a><\/p>\n<p style=\"text-align: justify;\">&nbsp;<\/p>\n<p style=\"text-align: justify;\"><strong>Publicado por ADHILAC Internacional \u00a9 www.adhilac.com.ar<\/strong><\/p>\n<p style=\"text-align: justify;\">Si Ud. desea asociarse de acuerdo a los Estatutos de ADHILAC\u00a0<a title=\"(ver)\" href=\"https:\/\/adhilac.com.ar\/?page_id=263\">(ver)<\/a> complete el siguiente formulario\u00a0<a title=\"(ver)\" href=\"https:\/\/adhilac.com.ar\/?page_id=3194\">(ver)<\/a><\/p>\n<p style=\"text-align: justify;\">E-mail:\u00a0info@adhilac.com.ar<strong> <\/strong><\/p>\n<p style=\"text-align: justify;\">Twitter: @AdhilacInfo<\/p>\n<p style=\"text-align: justify;\">&nbsp;<\/p>\n","protected":false},"excerpt":{"rendered":"<p>Appel \u00e0 colloque\/Convocatoria coloquio: \u00abLe Chili au XIXe et au XXe si\u00e8cle : migration, conflit, exil et m\u00e9moire \/ Chile: migraci\u00f3n, conflicto, exilio y memoria (Siglos XIX-XX)\u00bb, Lyon 6 et 7 juin 2019 Colloque international\/Coloquio Internacional Le Chili au XIXe et au XXe si\u00e8cle : migration, conflit, exil et m\u00e9moire\/Chile: migraci\u00f3n, conflicto, exilio y memoria [&hellip;]<\/p>\n","protected":false},"author":2,"featured_media":0,"comment_status":"closed","ping_status":"closed","sticky":false,"template":"","format":"standard","meta":{"_crdt_document":"","footnotes":""},"categories":[5,40],"tags":[838,386,119,209],"class_list":["post-14145","post","type-post","status-publish","format-standard","hentry","category-congresos","category-informaciones","tag-conflicto","tag-exilio","tag-memoria","tag-migraciones"],"_links":{"self":[{"href":"https:\/\/adhilac.com.ar\/index.php?rest_route=\/wp\/v2\/posts\/14145","targetHints":{"allow":["GET"]}}],"collection":[{"href":"https:\/\/adhilac.com.ar\/index.php?rest_route=\/wp\/v2\/posts"}],"about":[{"href":"https:\/\/adhilac.com.ar\/index.php?rest_route=\/wp\/v2\/types\/post"}],"author":[{"embeddable":true,"href":"https:\/\/adhilac.com.ar\/index.php?rest_route=\/wp\/v2\/users\/2"}],"replies":[{"embeddable":true,"href":"https:\/\/adhilac.com.ar\/index.php?rest_route=%2Fwp%2Fv2%2Fcomments&post=14145"}],"version-history":[{"count":21,"href":"https:\/\/adhilac.com.ar\/index.php?rest_route=\/wp\/v2\/posts\/14145\/revisions"}],"predecessor-version":[{"id":14805,"href":"https:\/\/adhilac.com.ar\/index.php?rest_route=\/wp\/v2\/posts\/14145\/revisions\/14805"}],"wp:attachment":[{"href":"https:\/\/adhilac.com.ar\/index.php?rest_route=%2Fwp%2Fv2%2Fmedia&parent=14145"}],"wp:term":[{"taxonomy":"category","embeddable":true,"href":"https:\/\/adhilac.com.ar\/index.php?rest_route=%2Fwp%2Fv2%2Fcategories&post=14145"},{"taxonomy":"post_tag","embeddable":true,"href":"https:\/\/adhilac.com.ar\/index.php?rest_route=%2Fwp%2Fv2%2Ftags&post=14145"}],"curies":[{"name":"wp","href":"https:\/\/api.w.org\/{rel}","templated":true}]}}