{"id":14189,"date":"2019-01-30T10:10:02","date_gmt":"2019-01-30T13:10:02","guid":{"rendered":"https:\/\/adhilac.com.ar\/?p=14189"},"modified":"2019-02-01T15:08:58","modified_gmt":"2019-02-01T18:08:58","slug":"coloquio-internacional-la-edad-de-oro-su-contexto-y-trascendencia-homenaje-a-salvador-arias-la-habana-15-17-de-mayo-de-2019","status":"publish","type":"post","link":"https:\/\/adhilac.com.ar\/?p=14189","title":{"rendered":"Coloquio Internacional \u00abLa Edad de Oro, su contexto y trascendencia. Homenaje a Salvador Arias. La Habana. 15-17 de mayo de 2019"},"content":{"rendered":"<h3><span style=\"color: #339966;\">CONVOCATORIA<\/span><\/h3>\n<p style=\"text-align: justify;\"><strong>COLOQUIO INTERNACIONAL \u00abLA EDAD DE ORO, SU CONTEXTO Y TRASCENDENCIA. EN HOMENAJE A SALVADOR ARIAS\u00bb<\/strong><\/p>\n<p style=\"text-align: justify;\">Centro de Estudios Martianos, La Habana, 15-17 de mayo de 2019<\/p>\n<p style=\"text-align: justify;\">El Centro de Estudios Martianos convoca al Coloquio Internacional \u201cLa Edad de Oro, su contexto y trascendencia\u201d que se llevar\u00e1 a cabo del 15 al 17 de mayo de 2019 en su propia sede.La Edad de Oro, revista mensual orientada a la instrucci\u00f3n y recreo de ni\u00f1os y ni\u00f1as, publicada entre julio y octubre de 1889, representa uno de los proyectos editoriales martianos que ha alcanzado mayor repercusi\u00f3n entre los lectores de su tiempo y cuya impronta llega a la actualidad. Precisamente por ese p\u00fablico al que est\u00e1 dirigido y la importancia que le concedi\u00f3 Mart\u00ed en la comunicaci\u00f3n de lo m\u00e1s esencial de su pensamiento, La Edad de Oro se ha convertido en piedra de toque de la recepci\u00f3n martiana. <!--more-->En Cuba es la base inicial indudable del fervor general hacia su H\u00e9roe Nacional. Fuera de Cuba es quiz\u00e1s uno de los mejores \u00edndices para divisar la difusi\u00f3n universal de la trascendencia de su autor.\u00a0La presente edici\u00f3n del Coloquio rendir\u00e1 homenaje al doctor Salvador Arias Garc\u00eda (1935-2017), uno de los estudiosos de la literatura cubana \u2014y especialmente de la obra de Mart\u00ed\u2014 que m\u00e1s indag\u00f3 en la c\u00e9lebre publicaci\u00f3n, objeto de numerosos y multifac\u00e9ticos estudios.\u00a0 \u00a0La revista debe en buena medida su proyecci\u00f3n a que emerge en la \u00e9poca del surgimiento del imperialismo, que trajo aparejado el compromiso patri\u00f3tico por la liberaci\u00f3n nacional en diversos lugares del mundo, hoy llamado subdesarrollado. Ante esta nueva realidad, era necesario preparar a los j\u00f3venes para vivir en armon\u00eda con su tiempo, de modo que se sintieran orgullosos de pertenecer a este continente y fueran capaces de amar su cultura y su historia.No es por ello casual su aparici\u00f3n en 1889, un a\u00f1o de grandes defensas y cruciales exigencias. En territorio estadounidense, Jos\u00e9 Mart\u00ed afrontaba la realizaci\u00f3n de la Conferencia Internacional Americana (1889-1890) que, a su certero juicio, significaba \u201cel planteamiento desembozado de la era del predominio de los Estados Unidos sobre los pueblos de la Am\u00e9rica\u201d. En consecuencia con la realidad descrita, el Ap\u00f3stol concibi\u00f3 una estrategia de emancipaci\u00f3n continental, que contemplaba la uni\u00f3n de lo que llam\u00f3 nuestra Am\u00e9rica, y particularmente de las islas que la naturaleza \u201cha puesto de p\u00f3rtico y guardia\u201d ante el expansionismo yanqui.\u00a0A 130 a\u00f1os de haberse publicado la revista La Edad de Oro conserva la\u00a0 intencionalidad formativa con que fue creada, y mantiene los principios educativos necesarios para la formaci\u00f3n humana de una generaci\u00f3n que enfrenta nuevos retos en una \u00e9poca en la que el mundo en su conjunto tiene ante s\u00ed desaf\u00edos amenazantes y un renovado intervencionismo del gobierno de los Estados Unidos en la regi\u00f3n, que pone en evidencia la actualidad de las lecciones y alertas del Ap\u00f3stol cubano.<\/p>\n<p><strong>Ejes tem\u00e1ticos:<\/strong><\/p>\n<p style=\"text-align: justify;\">1.\tLa Edad de Oro, obra literaria dedicada a los ni\u00f1os de Am\u00e9rica.<\/p>\n<p style=\"padding-left: 30px;\">&#8211; El Mart\u00ed que escribe La Edad de Oro. Implicaciones autobiogr\u00e1ficas.<br \/>\n&#8211; La Edad de Oro y su vinculaci\u00f3n con otros textos de 1889.<br \/>\n&#8211; Ideario nuestroamericanista en La Edad de Oro.<br \/>\n&#8211; La Historia en La Edad de Oro.<br \/>\n&#8211; Valores literarios de La Edad de Oro.<br \/>\n&#8211; Filosof\u00eda, pedagog\u00eda y axiolog\u00eda en La Edad de Oro.<br \/>\n&#8211; Recepci\u00f3n de la revista. Valoraciones de personalidades de la cultura.<br \/>\n&#8211; Presencia de las Artes Pl\u00e1sticas en La Edad de Oro.<br \/>\n&#8211; La Edad de Oro y el modernismo: conexiones culturales.<br \/>\n&#8211; Discurso de-colonizador en La edad de Oro.<br \/>\n&#8211; Vigencia y trascendencia de La Edad de Oro.<\/p>\n<p style=\"text-align: justify;\">2.\tJos\u00e9 Mart\u00ed en Estados Unidos y el contexto de La Edad de Oro.<\/p>\n<p style=\"padding-left: 30px;\">&#8211; Mart\u00ed y la I Conferencia Internacional Americana. Literatura y pol\u00edtica en las cr\u00f3nicas martianas acerca de la Conferencia Internacional.<br \/>\n&#8211; Aproximaciones a Vindicaci\u00f3n de Cuba: defensa de la cubanidad.<br \/>\n&#8211; Acercamiento a la oratoria del per\u00edodo: discursos Madre Am\u00e9rica, Heredia y en conmemoraci\u00f3n del 10 de octubre de 1868.<br \/>\n&#8211; Los Estados Unidos de 1889: el an\u00e1lisis martiano.<\/p>\n<p style=\"text-align: justify;\"><strong>De las propuestas y ponencias:<\/strong><\/p>\n<p style=\"text-align: justify;\">Cada aspirante a ponente enviar\u00e1, antes del 15 de marzo de 2019, un extracto del contenido de su trabajo, que incluya el t\u00edtulo y nombre y apellidos del autor, acompa\u00f1ado de sus datos personales: resumen curricular, instituci\u00f3n de procedencia, direcci\u00f3n particular, tel\u00e9fono y correo electr\u00f3nico. Los res\u00famenes de las ponencias no exceder\u00e1n las 250 palabras en letra Arial 12.El Comit\u00e9 Cient\u00edfico evaluar\u00e1 las propuestas y se reserva el derecho de rechazar las que no considere con la calidad o la pertinencia requeridas. El criterio de aceptaci\u00f3n considerar\u00e1 la adecuaci\u00f3n a la tem\u00e1tica propuesta, el inter\u00e9s cient\u00edfico y la novedad de la investigaci\u00f3n, as\u00ed como el cumplimiento de los plazos y normas de presentaci\u00f3n.Los autores aceptados recibir\u00e1n la comunicaci\u00f3n correspondiente y enviar\u00e1n el texto \u00edntegro de su ponencia antes del 15 de abril. Se presentar\u00e1 la versi\u00f3n digitalizada en Microsoft Word. Escrita en Arial 12 puntos, tama\u00f1o carta, interlineado a espacio y medio. Ser\u00e1n admitidas un m\u00e1ximo de 450 l\u00edneas.En ning\u00fan caso el tema podr\u00eda ser variado en el momento de la exposici\u00f3n, que no exceder\u00e1 los 15 minutos.<\/p>\n<p style=\"text-align: justify;\"><strong>Cuotas de inscripci\u00f3n<\/strong><\/p>\n<p style=\"text-align: justify;\">Ponentes extranjeros:\u00a0 \u00a0 \u00a0 \u00a0 \u00a0 \u00a0 \u00a0 \u00a0 \u00a0 \u00a0 \u00a0 \u00a0 \u00a0 \u00a0 \u00a0 \u00a0 \u00a0 \u00a0 \u00a0 \u00a0 \u00a060.00 CUC<\/p>\n<p style=\"text-align: justify;\">Acompa\u00f1antes y estudiantes extranjeros:\u00a0 \u00a0 \u00a0 30.00 CUC<\/p>\n<p style=\"text-align: justify;\">Ponentes cubanos:\u00a0 \u00a0 \u00a0 \u00a0 \u00a0 \u00a0 \u00a0 \u00a0 \u00a0 \u00a0 \u00a0 \u00a0 \u00a0 \u00a0 \u00a0 \u00a0 \u00a0 \u00a0 \u00a0 \u00a0 \u00a0 \u00a0 \u00a0 60.00 CUP<\/p>\n<p style=\"text-align: justify;\">Estudiantes cubanos:\u00a0 \u00a0 \u00a0 \u00a0 \u00a0 \u00a0 \u00a0 \u00a0 \u00a0 \u00a0 \u00a0 \u00a0 \u00a0 \u00a0 \u00a0 \u00a0 \u00a0 \u00a0 \u00a0 \u00a0 \u00a030.00 CUP<\/p>\n<p style=\"text-align: justify;\">Las cuotas de inscripci\u00f3n se entregar\u00e1n en el momento en que tenga lugar la acreditaci\u00f3n para el evento aludido.<\/p>\n<p style=\"text-align: justify;\"><strong>Informaciones y entregas<\/strong><\/p>\n<p style=\"text-align: justify;\">Los interesados podr\u00e1n informarse o hacer sus entregas, directamente o por la v\u00eda del correo postal, en la sede del Centro de Estudios Martianos, sito en Calzada No 807 esquina a 4. Vedado, Ciudad Habana, Cuba, C.P: 10 400.<\/p>\n<p style=\"text-align: justify;\">Tel\u00e9fonos: (53)7836 49 66\/69 ext.\u00a0 110 y 122; (53)7 835 6114<\/p>\n<p>El resumen puede enviarse a trav\u00e9s de las siguientes direcciones electr\u00f3nicas:<\/p>\n<p>daniaperez@josemarti.co.cu<br \/>\npromocioncem@gmail.com<br \/>\ncaripach.gonzalez@gmail.com<br \/>\n<strong>Comit\u00e9 Organizador del Coloquio<\/strong>:<\/p>\n<p>Presidente:<br \/>\nDra. Ana S\u00e1nchez Collazo<\/p>\n<p>Vicepresidentes:<br \/>\nDra. Mar\u00eda Elena Segura<br \/>\nDr. Pedro Pablo Rodr\u00edguez<br \/>\nDr. Ibrah\u00edm Hidalgo Paz<br \/>\nDra. Mar\u00eda Caridad Pacheco Gonz\u00e1lez<\/p>\n<p>Secretarios cient\u00edficos:<br \/>\nDra. Lourdes Ocampo Andina<br \/>\nMSc. Jos\u00e9 Antonio Bedia Pulido.<\/p>\n<p><strong>Publicado por ADHILAC Internacional \u00a9 www.adhilac.com.ar<\/strong><\/p>\n<p>Si Ud. desea asociarse de acuerdo a los Estatutos de ADHILAC\u00a0<a title=\"(ver)\" href=\"https:\/\/adhilac.com.ar\/?page_id=263\">(ver)<\/a> complete el siguiente formulario\u00a0<a title=\"(ver)\" href=\"https:\/\/adhilac.com.ar\/?page_id=3194\">(ver)<\/a><\/p>\n<p>E-mail:\u00a0info@adhilac.com.ar<strong> <\/strong><\/p>\n<p>Twitter: @AdhilacInfo<\/p>\n<p style=\"text-align: justify;\">&nbsp;<\/p>\n","protected":false},"excerpt":{"rendered":"<p>CONVOCATORIA COLOQUIO INTERNACIONAL \u00abLA EDAD DE ORO, SU CONTEXTO Y TRASCENDENCIA. EN HOMENAJE A SALVADOR ARIAS\u00bb Centro de Estudios Martianos, La Habana, 15-17 de mayo de 2019 El Centro de Estudios Martianos convoca al Coloquio Internacional \u201cLa Edad de Oro, su contexto y trascendencia\u201d que se llevar\u00e1 a cabo del 15 al 17 de mayo [&hellip;]<\/p>\n","protected":false},"author":2,"featured_media":0,"comment_status":"closed","ping_status":"closed","sticky":false,"template":"","format":"standard","meta":{"_crdt_document":"","footnotes":""},"categories":[5,15,40],"tags":[64],"class_list":["post-14189","post","type-post","status-publish","format-standard","hentry","category-congresos","category-historia","category-informaciones","tag-jose-marti"],"_links":{"self":[{"href":"https:\/\/adhilac.com.ar\/index.php?rest_route=\/wp\/v2\/posts\/14189","targetHints":{"allow":["GET"]}}],"collection":[{"href":"https:\/\/adhilac.com.ar\/index.php?rest_route=\/wp\/v2\/posts"}],"about":[{"href":"https:\/\/adhilac.com.ar\/index.php?rest_route=\/wp\/v2\/types\/post"}],"author":[{"embeddable":true,"href":"https:\/\/adhilac.com.ar\/index.php?rest_route=\/wp\/v2\/users\/2"}],"replies":[{"embeddable":true,"href":"https:\/\/adhilac.com.ar\/index.php?rest_route=%2Fwp%2Fv2%2Fcomments&post=14189"}],"version-history":[{"count":16,"href":"https:\/\/adhilac.com.ar\/index.php?rest_route=\/wp\/v2\/posts\/14189\/revisions"}],"predecessor-version":[{"id":14804,"href":"https:\/\/adhilac.com.ar\/index.php?rest_route=\/wp\/v2\/posts\/14189\/revisions\/14804"}],"wp:attachment":[{"href":"https:\/\/adhilac.com.ar\/index.php?rest_route=%2Fwp%2Fv2%2Fmedia&parent=14189"}],"wp:term":[{"taxonomy":"category","embeddable":true,"href":"https:\/\/adhilac.com.ar\/index.php?rest_route=%2Fwp%2Fv2%2Fcategories&post=14189"},{"taxonomy":"post_tag","embeddable":true,"href":"https:\/\/adhilac.com.ar\/index.php?rest_route=%2Fwp%2Fv2%2Ftags&post=14189"}],"curies":[{"name":"wp","href":"https:\/\/api.w.org\/{rel}","templated":true}]}}