{"id":1419,"date":"2010-03-23T06:00:32","date_gmt":"2010-03-23T09:00:32","guid":{"rendered":"https:\/\/adhilac.com.ar\/?p=1419"},"modified":"2012-07-29T08:09:56","modified_gmt":"2012-07-29T11:09:56","slug":"carta-de-maria-guadalupe-cuenca-a-mariano-moreno-buenos-aires-29-de-julio-de-1811","status":"publish","type":"post","link":"https:\/\/adhilac.com.ar\/?p=1419","title":{"rendered":"Carta de Mar\u00eda Guadalupe Cuenca a Mariano Moreno. Buenos Aires, 29 de julio de 1811."},"content":{"rendered":"<h3><span style=\"color: #339966;\">29 de julio de 1811<\/span><\/h3>\n<p style=\"text-align: justify;\"><a href=\"https:\/\/adhilac.com.ar\/wp-content\/uploads\/2010\/03\/Emeric-Essex-Vidal-Fuerte-de-Buenos-Aires-1817.jpg\"><img loading=\"lazy\" decoding=\"async\" class=\"alignright size-full wp-image-6441\" title=\"Emeric Essex Vidal- Fuerte de Buenos Aires 1817\" src=\"https:\/\/adhilac.com.ar\/wp-content\/uploads\/2010\/03\/Emeric-Essex-Vidal-Fuerte-de-Buenos-Aires-1817.jpg\" alt=\"\" width=\"361\" height=\"240\" srcset=\"https:\/\/adhilac.com.ar\/wp-content\/uploads\/2010\/03\/Emeric-Essex-Vidal-Fuerte-de-Buenos-Aires-1817.jpg 781w, https:\/\/adhilac.com.ar\/wp-content\/uploads\/2010\/03\/Emeric-Essex-Vidal-Fuerte-de-Buenos-Aires-1817-300x198.jpg 300w\" sizes=\"auto, (max-width: 361px) 100vw, 361px\" \/><\/a>Mi amado Moreno de mi coraz\u00f3n:<\/p>\n<p style=\"text-align: justify;\">me alegrar\u00e9 de que est\u00e9s bueno, gordo, y contento, yo, tu hijo, y dem\u00e1s familia quedamos buenas a Dios gracias; esta ma\u00f1ana estuvo don Alejandro el viejo, a decirme si quer\u00eda escribirte, para m\u00ed no hay oferta m\u00e1s agradable que \u00e9sta, y as\u00ed quisiera que todos los d\u00edas hubiera proporci\u00f3n, para hacerlo, y te he escrito tantas cartas que si las recibes todas quiz\u00e1s te incomoden y te canses de leer tanta majader\u00eda,<!--more--> pero si me amas lo mismo que antes las leer\u00e9is con gusto y conocer\u00e9is que tu mujer es la misma y que ni la distancia ni nada de este mundo ser\u00e1 capaz de que yo deje de querer a mi Moreno m\u00e1s que a m\u00ed misma.<\/p>\n<p style=\"text-align: justify;\">Ha ocho d\u00edas que lleg\u00f3 la mujer de P\u00e9rez sin que \u00e9l lo sepa hasta que estuvo en el Luj\u00e1n, trae dos hijitas, fui a visitarla con Micaela, me hizo mucho cari\u00f1o, me ha dado ganas de hacer lo que ella ha hecho, pero me contienen muchas consideraciones y la principal es saber que vos no aprobar\u00e9is cosa que haga sin tu consentimiento, pero a la hora que yo vea que te has olvidado de m\u00ed, o no me escribas a menudo y tu ausencia sea muy larga, cuando menos lo pienses me tienes a tu lado, y as\u00ed ve de hacerme llevar, o verte pronto, porque de lo contrario no es vida la m\u00eda sin vos; nuestro Marianito est\u00e1 en libro de corrido, se acuerda mucho de vos y te extra\u00f1a m\u00e1s todos los d\u00edas, con que mi querido Moreno ven pronto, sino lo quer\u00e9is hacer por mis ruegos hacedlo por nuestro hijo, y acu\u00e9rdate de las promesas que me hiciste antes de embarcarte, no te dejes enga\u00f1ar de mujeres mira que s\u00f3lo sois de Mariquita y ella y nadie m\u00e1s te ha de amar haste la muerte; otra no te servir\u00e1 m\u00e1s que de apartarte de la gracia de Dios, de m\u00ed, de tu hijo y de hacerme infeliz para toda mi vida, y de que yo no tenga el consuelo de decir que mi Moreno desde que nos casamos no ha querido m\u00e1s mujer que la que Dios le ha dado; y no te enojes, mi querido Moreno, de mis recomendaciones.<\/p>\n<p style=\"text-align: justify;\">Esta tarde han echado bando para que ning\u00fan europeo salga de las siete de la noche en adelante, y que al primer tiro de ca\u00f1\u00f3n asistan al Fuerte o a los cuarteles, todos; los Patricios dicen que El\u00edo se ha avistado a la Ensenada con ochocientos hombres de desembarco, yo a lo que temo es a las bombas, Dios les d\u00e9 acierto a los nuestros. Nos han dicho que Balcarce, el de la expedici\u00f3n, ha renunciado, y Salinas tambi\u00e9n; me ha dada mucho dolor de dientes, y por eso dejo de escribirte m\u00e1s largo, recibe memorias de tu madre, Marianito, hermanas, la Marcela, y dem\u00e1s familia, y d\u00e1selas a Manuel en nombre de todas, y no dejes de escribirme, ni te olvides de m\u00ed, tu mujer que verte desea. <em> <\/em><\/p>\n<p style=\"text-align: justify; padding-left: 30px;\">Mar\u00eda Guadalupe Cuenca de Moreno.<\/p>\n<p style=\"text-align: justify;\">&nbsp;<\/p>\n<p><strong>Publicado por ADHILAC Internacional \u00a9 www.adhilac.com.ar<\/strong><\/p>\n<p>Si Ud. desea asociarse de acuerdo a los Estatutos de ADHILAC\u00a0<a title=\"(ver)\" href=\"https:\/\/adhilac.com.ar\/?page_id=263\">(ver)<\/a> complete el siguiente formulario\u00a0<a title=\"(ver)\" href=\"https:\/\/adhilac.com.ar\/?page_id=3194\">(ver)<\/a><\/p>\n<p>E-mail: info@adhilac.com.ar<strong> <\/strong><\/p>\n<p>Twitter: @AdhilacInfo<\/p>\n<p style=\"text-align: justify;\">&nbsp;<\/p>\n<p><tt> <\/tt><\/p>\n<p><tt> <\/tt><\/p>\n","protected":false},"excerpt":{"rendered":"<p>29 de julio de 1811 Mi amado Moreno de mi coraz\u00f3n: me alegrar\u00e9 de que est\u00e9s bueno, gordo, y contento, yo, tu hijo, y dem\u00e1s familia quedamos buenas a Dios gracias; esta ma\u00f1ana estuvo don Alejandro el viejo, a decirme si quer\u00eda escribirte, para m\u00ed no hay oferta m\u00e1s agradable que \u00e9sta, y as\u00ed quisiera [&hellip;]<\/p>\n","protected":false},"author":13,"featured_media":0,"comment_status":"closed","ping_status":"closed","sticky":false,"template":"","format":"standard","meta":{"_crdt_document":"","footnotes":""},"categories":[6,8],"tags":[50,22,36],"class_list":["post-1419","post","type-post","status-publish","format-standard","hentry","category-biblioteca","category-fuentes-testimonios","tag-cartas","tag-emancipacion-americana","tag-provincias-unidas-del-rio-de-la-plata"],"_links":{"self":[{"href":"https:\/\/adhilac.com.ar\/index.php?rest_route=\/wp\/v2\/posts\/1419","targetHints":{"allow":["GET"]}}],"collection":[{"href":"https:\/\/adhilac.com.ar\/index.php?rest_route=\/wp\/v2\/posts"}],"about":[{"href":"https:\/\/adhilac.com.ar\/index.php?rest_route=\/wp\/v2\/types\/post"}],"author":[{"embeddable":true,"href":"https:\/\/adhilac.com.ar\/index.php?rest_route=\/wp\/v2\/users\/13"}],"replies":[{"embeddable":true,"href":"https:\/\/adhilac.com.ar\/index.php?rest_route=%2Fwp%2Fv2%2Fcomments&post=1419"}],"version-history":[{"count":12,"href":"https:\/\/adhilac.com.ar\/index.php?rest_route=\/wp\/v2\/posts\/1419\/revisions"}],"predecessor-version":[{"id":1421,"href":"https:\/\/adhilac.com.ar\/index.php?rest_route=\/wp\/v2\/posts\/1419\/revisions\/1421"}],"wp:attachment":[{"href":"https:\/\/adhilac.com.ar\/index.php?rest_route=%2Fwp%2Fv2%2Fmedia&parent=1419"}],"wp:term":[{"taxonomy":"category","embeddable":true,"href":"https:\/\/adhilac.com.ar\/index.php?rest_route=%2Fwp%2Fv2%2Fcategories&post=1419"},{"taxonomy":"post_tag","embeddable":true,"href":"https:\/\/adhilac.com.ar\/index.php?rest_route=%2Fwp%2Fv2%2Ftags&post=1419"}],"curies":[{"name":"wp","href":"https:\/\/api.w.org\/{rel}","templated":true}]}}