{"id":14216,"date":"2018-07-20T11:58:52","date_gmt":"2018-07-20T14:58:52","guid":{"rendered":"https:\/\/adhilac.com.ar\/?p=14216"},"modified":"2018-07-20T11:58:52","modified_gmt":"2018-07-20T14:58:52","slug":"coleccion-de-historia-universal-universidad-de-la-habana","status":"publish","type":"post","link":"https:\/\/adhilac.com.ar\/?p=14216","title":{"rendered":"Colecci\u00f3n de Historia Universal. Universidad de La Habana."},"content":{"rendered":"<p style=\"text-align: justify;\"><a href=\"https:\/\/adhilac.com.ar\/wp-content\/uploads\/2018\/07\/Histo.Cuba_.Publicidad3.jpg\"><img loading=\"lazy\" decoding=\"async\" class=\"alignleft size-thumbnail wp-image-14220\" title=\"Histo.Cuba.Publicidad\" src=\"https:\/\/adhilac.com.ar\/wp-content\/uploads\/2018\/07\/Histo.Cuba_.Publicidad3-150x150.jpg\" alt=\"\" width=\"150\" height=\"150\" \/><\/a>Ya esta disponible Historia Universal I. Historia Antigua y Medieval.<\/p>\n<p style=\"text-align: justify;\"><a href=\"https:\/\/adhilac.com.ar\/wp-content\/uploads\/2018\/07\/Histo.Cuba_.Publicidad.pdf\">Historia Universal. Universidad de La Habana<\/a><\/p>\n<p style=\"text-align: justify;\"><strong>Edici\u00f3n: <\/strong><\/p>\n<p style=\"text-align: justify;\">Casa de Altos Estudios Don Fernando Ortiz. Editorial Imagen Contempor\u00e1nea de la Universidad de La Habana. Cuba.<\/p>\n<p style=\"text-align: justify;\"><strong>Impresi\u00f3n\u00a0y distribuci\u00f3n:<\/strong><\/p>\n<p style=\"text-align: justify;\">Equipo Maiz de El Salvador a trav\u00e9s de un convenio de co-edicion.<br \/>\nLos tomos II, III y IV estaran disponibles en noviembre de 2018.\u00a0<!--more--><\/p>\n<p style=\"text-align: justify;\">&nbsp;<\/p>\n<p style=\"text-align: justify;\"><a href=\"https:\/\/adhilac.com.ar\/wp-content\/uploads\/2018\/07\/Histo.Cuba_.Publicidad3.jpg\"><img loading=\"lazy\" decoding=\"async\" class=\"size-full wp-image-14220\" title=\"Histo.Cuba.Publicidad\" src=\"https:\/\/adhilac.com.ar\/wp-content\/uploads\/2018\/07\/Histo.Cuba_.Publicidad3.jpg\" alt=\"\" width=\"476\" height=\"556\" srcset=\"https:\/\/adhilac.com.ar\/wp-content\/uploads\/2018\/07\/Histo.Cuba_.Publicidad3.jpg 2448w, https:\/\/adhilac.com.ar\/wp-content\/uploads\/2018\/07\/Histo.Cuba_.Publicidad3-256x300.jpg 256w, https:\/\/adhilac.com.ar\/wp-content\/uploads\/2018\/07\/Histo.Cuba_.Publicidad3-876x1024.jpg 876w\" sizes=\"auto, (max-width: 476px) 100vw, 476px\" \/><\/a><\/p>\n<p><strong>Publicado por ADHILAC Internacional \u00a9 www.adhilac.com.ar<\/strong><\/p>\n<p>Si Ud. desea asociarse de acuerdo a los Estatutos de ADHILAC\u00a0<a title=\"(ver)\" href=\"https:\/\/adhilac.com.ar\/?page_id=263\">(ver)<\/a> complete el siguiente formulario\u00a0<a title=\"(ver)\" href=\"https:\/\/adhilac.com.ar\/?page_id=3194\">(ver)<\/a><\/p>\n<p>E-mail:\u00a0info@adhilac.com.ar<strong> <\/strong><\/p>\n<p>Twitter: @AdhilacInfo<\/p>\n<p style=\"text-align: justify;\">&nbsp;<\/p>\n","protected":false},"excerpt":{"rendered":"<p>Ya esta disponible Historia Universal I. Historia Antigua y Medieval. Historia Universal. Universidad de La Habana Edici\u00f3n: Casa de Altos Estudios Don Fernando Ortiz. Editorial Imagen Contempor\u00e1nea de la Universidad de La Habana. Cuba. Impresi\u00f3n\u00a0y distribuci\u00f3n: Equipo Maiz de El Salvador a trav\u00e9s de un convenio de co-edicion. Los tomos II, III y IV estaran [&hellip;]<\/p>\n","protected":false},"author":2,"featured_media":0,"comment_status":"closed","ping_status":"closed","sticky":false,"template":"","format":"standard","meta":{"_crdt_document":"","footnotes":""},"categories":[15,7],"tags":[828],"class_list":["post-14216","post","type-post","status-publish","format-standard","hentry","category-historia","category-publicac-info","tag-historia-universal"],"_links":{"self":[{"href":"https:\/\/adhilac.com.ar\/index.php?rest_route=\/wp\/v2\/posts\/14216","targetHints":{"allow":["GET"]}}],"collection":[{"href":"https:\/\/adhilac.com.ar\/index.php?rest_route=\/wp\/v2\/posts"}],"about":[{"href":"https:\/\/adhilac.com.ar\/index.php?rest_route=\/wp\/v2\/types\/post"}],"author":[{"embeddable":true,"href":"https:\/\/adhilac.com.ar\/index.php?rest_route=\/wp\/v2\/users\/2"}],"replies":[{"embeddable":true,"href":"https:\/\/adhilac.com.ar\/index.php?rest_route=%2Fwp%2Fv2%2Fcomments&post=14216"}],"version-history":[{"count":1,"href":"https:\/\/adhilac.com.ar\/index.php?rest_route=\/wp\/v2\/posts\/14216\/revisions"}],"predecessor-version":[{"id":14222,"href":"https:\/\/adhilac.com.ar\/index.php?rest_route=\/wp\/v2\/posts\/14216\/revisions\/14222"}],"wp:attachment":[{"href":"https:\/\/adhilac.com.ar\/index.php?rest_route=%2Fwp%2Fv2%2Fmedia&parent=14216"}],"wp:term":[{"taxonomy":"category","embeddable":true,"href":"https:\/\/adhilac.com.ar\/index.php?rest_route=%2Fwp%2Fv2%2Fcategories&post=14216"},{"taxonomy":"post_tag","embeddable":true,"href":"https:\/\/adhilac.com.ar\/index.php?rest_route=%2Fwp%2Fv2%2Ftags&post=14216"}],"curies":[{"name":"wp","href":"https:\/\/api.w.org\/{rel}","templated":true}]}}