{"id":14280,"date":"2018-08-30T16:56:26","date_gmt":"2018-08-30T19:56:26","guid":{"rendered":"https:\/\/adhilac.com.ar\/?p=14280"},"modified":"2018-08-30T16:56:26","modified_gmt":"2018-08-30T19:56:26","slug":"argentina-en-defensa-de-la-universidad-publica-declaracion-de-rectores","status":"publish","type":"post","link":"https:\/\/adhilac.com.ar\/?p=14280","title":{"rendered":"Argentina: EN DEFENSA DE LA UNIVERSIDAD PUBLICA. Declaraci\u00f3n de rectores"},"content":{"rendered":"<p style=\"text-align: justify;\"><em>El endeudamiento de la Argentina que regreso al FMI y a sus condicionamientos ha tra\u00eddo\u00a0el r\u00e1pido\u00a0deterioro de la situaci\u00f3n\u00a0econ\u00f3mico-social argentina. Cientos de escuelas con graves falencias edilicias que recientemente han visto morir por una explosi\u00f3n\u00a0de gas una directora y un no docente por una explosi\u00f3n de gas, el recorte del presupuesto educativo han generado una profunda crisis en las universidades argentinas, pa\u00eds\u00a0cuna de la Reforma Universitaria (C\u00f3rdoba, 1918) que abri\u00f3\u00a0se difundi\u00f3\u00a0por toda Am\u00e9rica Latina. Hoy todo ese pasado glorioso est\u00e1 en peligro debido a los admiradores de la educaci\u00f3n\u00a0privada, arancelada, restrictiva. Los claustros aparentemente ap\u00e1ticos, despertaron ante el convencimiento de que los mecanismos de ascenso social se iban cerrando uno tras otro. Desfinanciamiento del CONICET, arancelamiento de los posgrados (que viene de larga data), abrupta reducci\u00f3n\u00a0de los salarios frente a una inflaci\u00f3n\u00a0galopante que evoca la estanflaci\u00f3n, reducci\u00f3n\u00a0de las becas entre otras cosas han llevado a no iniciar el segundo cuatrimestre a casi sesenta universidades nacionales. A continuaci\u00f3n\u00a0transcribimos una declaraci\u00f3n\u00a0publicada hoy en P\u00e1gina 12<\/em><\/p>\n<p style=\"text-align: justify;\"><strong>Declaraci\u00f3n de rectores<\/strong><\/p>\n<p style=\"text-align: justify;\"><strong>El ajuste en las universidades<\/strong><\/p>\n<p style=\"text-align: justify;\"><strong>Por <\/strong><strong>Gabriela Diker,\u00a0Sandra Torlucci,\u00a0Alejandro Villar,\u00a0Andr\u00e9s Sabella y\u00a0Gustavo Crisafulli<\/strong><strong> <\/strong><\/p>\n<p style=\"text-align: justify;\"><strong> <\/strong><strong> <\/strong><\/p>\n<p style=\"text-align: justify;\"><strong><em>Un recorte en t\u00e9rminos reales del salario de docentes y no docentes deteriora el poder adquisitivo de los trabajadores, impactando sobre la calidad universitaria.<!--more--><\/em><\/strong><\/p>\n<p style=\"text-align: justify;\">Aun cuando el a\u00f1o paritario de los universitarios va de marzo a marzo, los docentes recibieron un primer adelanto del 5 por ciento a cuenta de futuros aumentos reci\u00e9n en el mes de mayo. El segundo aumento del 5,8 por ciento fue pagado en agosto, cuando la inflaci\u00f3n acumulada entre marzo y junio promediaba el 14,7 por ciento. Esto indica que sus salarios, a la fecha, se encuentran 3,9 por ciento debajo de la inflaci\u00f3n. El 27 de agosto, el Gobierno hizo una nueva oferta con un anticipo del 4,8 por ciento para septiembre, la que tambi\u00e9n fue rechazada. Cabe recordar que en 2016 los salarios docentes cerraron un 7 por ciento abajo de la inflaci\u00f3n registrada.<\/p>\n<p style=\"text-align: justify;\">En el caso de los salarios no docentes, y ante el pedido de reapertura de paritarias que hab\u00edan cerrado en torno al 15 por ciento, la respuesta del gobierno fue adelantar a septiembre la \u00faltima cuota de aumento salarial prevista para noviembre, para volver a reunirse en el mes de octubre. Aunque la parte sindical acept\u00f3 esta propuesta, es evidente que se est\u00e1 lejos todav\u00eda de resolver el problema de fondo, m\u00e1s a\u00fan cuando la inflaci\u00f3n proyectada para todo el a\u00f1o se espera que sea superior al 32 por ciento.<\/p>\n<p style=\"text-align: justify;\">Dado que conforman entre el 85 y el 90 por ciento del presupuesto total, los salarios de los trabajadores docentes y no docentes son medulares para el sistema universitario nacional. Y lo son tambi\u00e9n porque en base a dichas partidas se estiman los gastos de funcionamiento de las universidades.<\/p>\n<p style=\"text-align: justify;\"><strong><em>Un incremento en los costos de funcionamiento de las universidades como producto de los aumentos de las tarifas de los servicios p\u00fablicos, de los efectos de la devaluaci\u00f3n y de la inflaci\u00f3n, combinado con un atraso y subejecuci\u00f3n del presupuesto aprobado. <\/em><\/strong><\/p>\n<p style=\"text-align: justify;\">Es evidente que las metas de inflaci\u00f3n (15,7 por ciento) y el valor del d\u00f3lar (19,3 pesos) calculados en la ley de Presupuesto 2018 quedaron muy lejos de la realidad, arrastrando consigo la capacidad adquisitiva de los presupuestos universitarios. Desde mediados de diciembre a la actualidad la devaluaci\u00f3n del peso supera el 50 por ciento y la inflaci\u00f3n desde enero a julio acumula un 19,6 por ciento. Dado que estas diferencias no fueron compensadas, esto no puede sino generar serias dificultades para el funcionamiento de las universidades.<\/p>\n<p style=\"text-align: justify;\">El impacto del traslado a precio de la inflaci\u00f3n y de la casi permanente devaluaci\u00f3n en la que vivimos se ven agravados, adem\u00e1s, por el retraso en el env\u00edo de distintas partidas presupuestarias. Este retraso desactualiza a\u00fan m\u00e1s la capacidad de adquisici\u00f3n de los recursos necesarios para la vida universitaria. En este punto nos estamos refiriendo no s\u00f3lo a la compra de bienes requeridos para el funcionamiento cotidiano, sino al impacto derivado del aumento de las tarifas de servicios, de los alquileres, de los combustibles y de diversos insumos con componentes importados, en general equipamientos y elementos tecnol\u00f3gicos y de laboratorios para distintos campos de las ciencias.<\/p>\n<p style=\"text-align: justify;\">A esto debe sumarse la subejecuci\u00f3n de fondos destinados a las obras de infraestructura universitaria. El recorte de estos fondos genera un perjuicio presente y futuro que nos obliga a funcionar en forma inadecuada, a pagar alquileres onerosos, muchas veces significa la imposibilidad del dictado de carreras o su desarrollo en condiciones de gran precariedad, el hacinamiento de estudiantes o la obsolescencia de aulas y equipamientos.<\/p>\n<p style=\"text-align: justify;\">Existe as\u00ed un problema real con la ejecuci\u00f3n del presupuesto universitario vigente, agravado por las condiciones que mencionamos anteriormente. Seg\u00fan consta en la \u00faltima actualizaci\u00f3n del Presupuesto Abierto del Ministerio de Econom\u00eda (22\/8\/18), cuya p\u00e1gina web es de acceso p\u00fablico (www.presupuestoabierto.gob.ar\/sici\/), del presupuesto que se deb\u00eda de haber ejecutado a esa fecha, o sea $74.976 millones, se ejecut\u00f3 efectivamente s\u00f3lo el 83 por ciento. Como resultado de esa ejecuci\u00f3n parcial, hay una deuda para con las universidades de $12.667 millones.<\/p>\n<p style=\"text-align: justify;\">Esa deuda, que explica la demora en el env\u00edo de fondos comprometidos con las consecuencias a la que nos referimos antes, est\u00e1 compuesta por $2005 millones en programas de becas, $1796 millones en gastos de funcionamiento de universidades, $415 millones en programas de investigaci\u00f3n cient\u00edfica, $2.261 millones en infraestructura universitaria, $1973 millones del programa FUNDAR. El resto de la deuda se compone de demoras en asistencia a Educaci\u00f3n y Cultura ($2552 millones), asistencia financiera a hospitales universitarios ($288 millones), salarios docentes, no docentes y de autoridades ($1114 millones), y otros gastos ($273 millones).<\/p>\n<p style=\"text-align: justify;\">Estas condiciones, que afectan el funcionamiento normal de nuestras instituciones y ponen en riesgo su desarrollo y crecimiento, se dan acompa\u00f1adas por acciones de judicializaci\u00f3n y de desprestigio que operan sobre la imagen social de las universidades p\u00fablicas con el objetivo de legitimar lo que est\u00e1 aconteciendo. Ello ocurre adem\u00e1s, en un contexto en el cual los pagos por los servicios de la deuda compiten con otras inversiones estrat\u00e9gicas del sector p\u00fablico. As\u00ed es que en t\u00e9rminos de la relaci\u00f3n deuda-presupuesto universitario, en 2016 se pagaron en servicios de deuda, el equivalente a 4.8 presupuestos universitarios, 3,6 en 2017 y probablemente sean 4 en 2018.<\/p>\n<p style=\"text-align: justify;\">Por estos motivos, en el a\u00f1o del Centenario de la Reforma Universitaria, quienes estamos al frente del gobierno de las universidades nos oponemos al ajuste que se lleva adelante sobre el sector educativo y, en particular, sobre las Universidades P\u00fablicas. Sostenemos con convicci\u00f3n que la Educaci\u00f3n Superior es un bien p\u00fablico social, un derecho humano y universal y un deber indelegable del Estado.<\/p>\n<p style=\"text-align: justify;\"><em>* Rectores de UNGS, UNA, UNQ, UNER y el Comahue, respectivamente. Tambi\u00e9n firman los rectores Luis Negretti (UNVM), Ana Jaramillo (UNLa), Roberto Rovere (UNRC), Fabi\u00e1n Calder\u00f3n (UNLaR), Carlos De Marziani (UNPSJB), An\u00edbal Sattler (UADER), Hugo Rojas (UNPA), Juan Castelucci (UNTF) y Adri\u00e1n Cannellotto (UniPe).<\/em><\/p>\n<p style=\"text-align: justify;\"><em>Tambi\u00e9n firman:<\/em><\/p>\n<p style=\"text-align: justify;\"><em>Vicerrectorxs<\/em><\/p>\n<p style=\"text-align: justify;\"><em>Pablo Bonaldi, (vicerrector Universidad Nacional de General Sarmiento)<\/em><\/p>\n<p style=\"text-align: justify;\"><em>Diana Piazza (vicerrectora Universidad Nacional de las Artes)<\/em><\/p>\n<p style=\"text-align: justify;\"><em>Alfredo Alfonso (vicerrector Universidad Nacional de Quilmes)<\/em><\/p>\n<p style=\"text-align: justify;\"><em>Carlos Rodr\u00edguez (vicerrector Universidad Pedag\u00f3gica Nacional)<\/em><\/p>\n<p style=\"text-align: justify;\"><em>Adriana Caballero (vicerrectora Universidad Nacional del Comahue)<\/em><\/p>\n<p style=\"text-align: justify;\"><em>Aldo Paredes (vicerrector Universidad Nacional de Villa Mar\u00eda)<\/em><\/p>\n<p style=\"text-align: justify;\"><em>Nerio Neirotti (vicerrector Universidad Nacional de Lan\u00fas)<\/em><\/p>\n<p style=\"text-align: justify;\"><em>Jorge Gonz\u00e1lez (vicerrector Universidad Nacional de R\u00edo Cuarto)<\/em><\/p>\n<p style=\"text-align: justify;\"><em>Jos\u00e9 Gaspanello (vicerrector Universidad Nacional de La Rioja)<\/em><\/p>\n<p style=\"text-align: justify;\"><em>Juan Bozzolo (vicerrector Universidad Aut\u00f3noma de Entre R\u00edos)<\/em><\/p>\n<p style=\"text-align: justify;\"><em>Adriana Urciuolo (vicerrectora Universidad Nacional de Tierra del Fuego)<\/em><\/p>\n<p style=\"text-align: justify;\"><em>Decanxs:<\/em><\/p>\n<p style=\"text-align: justify;\"><em>Carolina Mera (Decana Faculta de Ciencias Sociales de la Universidad de Buenos Aires)<\/em><\/p>\n<p style=\"text-align: justify;\"><em>Graciela Morgade (Decana Facultad de Filosof\u00eda y Letras de la Universidad de Buenos Aires)<\/em><\/p>\n<p style=\"text-align: justify;\"><em>Alejandro Ruidrejo (Decano Facultad de Humanidades de la Universidad Nacional de Salta)<\/em><\/p>\n<p style=\"text-align: justify;\"><em>Juan Pablo Abratte (Decano Facultad de Filosof\u00eda y Humanidades de la Universidad Nacional de C\u00f3rdoba)<\/em><\/p>\n<p style=\"text-align: justify;\"><em>Mirta Iriondo (Decana Facultad de de Matem\u00e1tica, Astronom\u00eda, F\u00edsica y Computaci\u00f3n de la Universidad Nacional de C\u00f3rdoba)<\/em><\/p>\n<p style=\"text-align: justify;\"><em>Maria Gracia Benedetti (Decana Facultad de Humanidades, Artes y Ciencias Sociales Universidad Aut\u00f3noma Entre R\u00edos)<\/em><\/p>\n<p style=\"text-align: justify;\"><em>Jorge Noriega (Decano Facultad de Ciencia y Tecnolog\u00eda Universidad Aut\u00f3noma Entre R\u00edos)<\/em><\/p>\n<p style=\"text-align: justify;\"><em>Estela Gross (Decana Facultad de Ciencias de la Vida y la Salud Universidad Aut\u00f3noma Entre R\u00edos)<\/em><\/p>\n<p style=\"text-align: justify;\"><em>Gabriel Koremblit (Decano IDEI Universidad Nacional de Tierra del Fuego)<\/em><\/p>\n<p style=\"text-align: justify;\"><em>Luis De Lasa Director (Decano ICSE Universidad Nacional de Tierra del Fuego)<\/em><\/p>\n<p style=\"text-align: justify;\"><em>Daniel Fern\u00e1ndez (Decano ICPA Universidad Nacional de Tierra del Fuego)<\/em><\/p>\n<p style=\"text-align: justify;\"><em>Daniela Staganaro (Decana IEC Universidad Nacional de Tierra del Fuego)<\/em><\/p>\n<p style=\"text-align: justify;\"><em>Andrea Catenazzi (Decana Instituto del Conurbano Universidad Nacional de Gral. Sarmiento)<\/em><\/p>\n<p style=\"text-align: justify;\"><em>Flavia Terigi (Decana Instituto del Desarrollo Humano Universidad Nacional de Gral. Sarmiento)<\/em><\/p>\n<p style=\"text-align: justify;\"><em>Patricia Dip (Decana Instituto de Ciencias Universidad Nacional de Gral. Sarmiento)<\/em><\/p>\n<p style=\"text-align: justify;\"><em>N\u00e9stor Braidot (Decano Instituto de Industria de la Universidad Nacional de Gral. Sarmiento)<\/em><\/p>\n<p style=\"text-align: justify;\"><em>Mar\u00eda In\u00e9s Peralta (Decana Facultad de Ciencias Sociales Universidad Nacional de C\u00f3rdoba)<\/em><\/p>\n<p style=\"text-align: justify;\"><em>Marcelo Mariscal (Vicedecano Facultad de Ciencias Qu\u00edmicas Universidad Nacional de C\u00f3rdoba)<\/em><\/p>\n<p style=\"text-align: justify;\"><em>Viviana Reta (Decana Facultad de ciencias Humanas Universidad Nacional de San Luis)<\/em><\/p>\n<p style=\"text-align: justify;\"><em>Gloria Vadori (Decana de Ciencias Humanas Universidad Nacional de Villa Mar\u00eda)<\/em><\/p>\n<p style=\"text-align: justify;\"><em>Germ\u00e1n Cassetta (Decano Ciencias B\u00e1sicas y Aplicadas Universidad Nacional de Villa Mar\u00eda)<\/em><\/p>\n<p style=\"text-align: justify;\"><em>Elizabeth Theiler (Decana Ciencias Sociales Universidad Nacional de Villa Mar\u00eda)<\/em><\/p>\n<p style=\"text-align: justify;\"><em>Ra\u00fal Federico Lacabanne (decano director Artes Multimediales Universidad Nacional de las Artes)<\/em><\/p>\n<p style=\"text-align: justify;\"><em>Marita Soto (decana directora Cr\u00edtica de Artes Universidad Nacional de las Artes)<\/em><\/p>\n<p style=\"text-align: justify;\"><em>Victor Giusto (decano director Folklore Universidad Nacional de las Artes)<\/em><\/p>\n<p style=\"text-align: justify;\"><em>Susana Pires Matheus (decana directora Formaci\u00f3n Docente Universidad Nacional de las Artes)<\/em><\/p>\n<p style=\"text-align: justify;\"><em>Marcelo Mart\u00ednez (Decano Ciencias Exactas, f\u00edsicas y Naturales Universidad Nacional de La Rioja)<\/em><\/p>\n<p style=\"text-align: justify;\"><em>Juan Chade (Decano Ciencias Sociales, Jur\u00eddicas y Econ\u00f3micas Universidad Nacional de La Rioja)<\/em><\/p>\n<p style=\"text-align: justify;\"><em>Marta Patane (Decana sede Chepes Universidad Nacional de La Rioja)<\/em><\/p>\n<p style=\"text-align: justify;\"><em>Luis Luna Mercado (Decano sede Aimogasta Universidad Nacional de La Rioja)<\/em><\/p>\n<p style=\"text-align: justify;\"><em>Gustavo Kofman (Decano Ciencias Humanas y de la Educaci\u00f3n Universidad Nacional de La Rioja)<\/em><\/p>\n<p style=\"text-align: justify;\"><em>Cesar Tadeo Carrizo (Decano sede Catuna Universidad Nacional de La Rioja)<\/em><\/p>\n<p style=\"text-align: justify;\"><em>Silvina Schab (Decana Ciencias de la Salud Universidad Nacional de La Rioja)<\/em><\/p>\n<p style=\"text-align: justify;\"><em>Alicia Leiva (Decana Ciencias Aplicadas a la Producci\u00f3n, al Ambiente y al Urbanismo Universidad Nacional de La Rioja)<\/em><\/p>\n<p style=\"text-align: justify;\"><em>Marcelo Magnasco (decano director Artes Audiovisuales Universidad Nacional de las Artes)<\/em><\/p>\n<p style=\"text-align: justify;\"><em>Gerardo Camilletti (decano director Artes Dram\u00e1ticas Universidad Nacional de las Artes)<\/em><\/p>\n<p style=\"text-align: justify;\"><em>Mar\u00eda Martha Gigena (decana directora Artes del Movimiento Universidad Nacional de las Artes)<\/em><\/p>\n<p style=\"text-align: justify;\"><em>Cristina V\u00e1zquez (decana directora Artes Musicales y Sonoras Universidad Nacional de las Artes)<\/em><\/p>\n<p style=\"text-align: justify;\"><em>Rodolfo Ag\u00fcero (decano director \u2013 Artes Visuales Universidad Nacional de las Artes)<\/em><\/p>\n<p style=\"text-align: justify;\"><em>Directorxs y secretarixs:<\/em><\/p>\n<p style=\"text-align: justify;\"><em>Ram\u00f3n \u00c1lvarez (Director Departamento Salud Comunitaria Universidad Nacional de Lan\u00fas)<\/em><\/p>\n<p style=\"text-align: justify;\"><em>Daniel Bozzani (Director Depto. Humanidades y Artes Universidad Nacional de Lan\u00fas)<\/em><\/p>\n<p style=\"text-align: justify;\"><em>Pablo Narvaja (Director Depto. Desarrollo Productivo y Tecnol\u00f3gico Universidad Nacional de an\u00fas)<\/em><\/p>\n<p style=\"text-align: justify;\"><em>Francisco Pestana (Director Departamento Planificaci\u00f3n y Pol\u00edticas P\u00fablicas Universidad Nacional e Lan\u00fas)<\/em><\/p>\n<p style=\"text-align: justify;\"><em>Valeria Su\u00e1rez (Secretaria Acad\u00e9mica Universidad Nacional de Lan\u00fas)<\/em><\/p>\n<p style=\"text-align: justify;\"><em>Roberto De Rose (Secretario de Ciencia y T\u00e9cnica Universidad Nacional de Lan\u00fas)<\/em><\/p>\n<p style=\"text-align: justify;\"><em>Georgina Hern\u00e1ndez (Secretaria de Cooperaci\u00f3n Universidad Nacional de Lan\u00fas)<\/em><\/p>\n<p style=\"text-align: justify;\"><em>Santiago Hern\u00e1ndez (Secretario de Bienestar Universitario Universidad Nacional de Lan\u00fas)<\/em><\/p>\n<p style=\"text-align: justify;\"><em>Edgardo Guevara (Secretario de Asuntos Jur\u00eddicos e Institucionales Universidad Nacional de Lan\u00fas)<\/em><\/p>\n<p style=\"text-align: justify;\"><em>Indalecio Gonz\u00e1lez (Secretario General Universidad Nacional de Lan\u00fas)<\/em><\/p>\n<p style=\"text-align: justify;\">FUENTE:\u00a0<a href=\"https:\/\/www.pagina12.com.ar\/138768-el-ajuste-en-las-universidades\">https:\/\/www.pagina12.com.ar\/138768-el-ajuste-en-las-universidades<\/a><\/p>\n<p><strong>Publicado por ADHILAC Internacional \u00a9 www.adhilac.com.ar<\/strong><\/p>\n<p>Si Ud. desea asociarse de acuerdo a los Estatutos de ADHILAC\u00a0<a title=\"(ver)\" href=\"https:\/\/adhilac.com.ar\/?page_id=263\">(ver)<\/a> complete el siguiente formulario\u00a0<a title=\"(ver)\" href=\"https:\/\/adhilac.com.ar\/?page_id=3194\">(ver)<\/a><\/p>\n<p>E-mail:\u00a0info@adhilac.com.ar<strong> <\/strong><\/p>\n<p>Twitter: @AdhilacInfo<\/p>\n<p style=\"text-align: justify;\">&nbsp;<\/p>\n","protected":false},"excerpt":{"rendered":"<p>El endeudamiento de la Argentina que regreso al FMI y a sus condicionamientos ha tra\u00eddo\u00a0el r\u00e1pido\u00a0deterioro de la situaci\u00f3n\u00a0econ\u00f3mico-social argentina. Cientos de escuelas con graves falencias edilicias que recientemente han visto morir por una explosi\u00f3n\u00a0de gas una directora y un no docente por una explosi\u00f3n de gas, el recorte del presupuesto educativo han generado una [&hellip;]<\/p>\n","protected":false},"author":2,"featured_media":0,"comment_status":"closed","ping_status":"closed","sticky":false,"template":"","format":"standard","meta":{"_crdt_document":"","footnotes":""},"categories":[40],"tags":[254,847,848],"class_list":["post-14280","post","type-post","status-publish","format-standard","hentry","category-informaciones","tag-ajuste","tag-argentina-universidades","tag-fmi"],"_links":{"self":[{"href":"https:\/\/adhilac.com.ar\/index.php?rest_route=\/wp\/v2\/posts\/14280","targetHints":{"allow":["GET"]}}],"collection":[{"href":"https:\/\/adhilac.com.ar\/index.php?rest_route=\/wp\/v2\/posts"}],"about":[{"href":"https:\/\/adhilac.com.ar\/index.php?rest_route=\/wp\/v2\/types\/post"}],"author":[{"embeddable":true,"href":"https:\/\/adhilac.com.ar\/index.php?rest_route=\/wp\/v2\/users\/2"}],"replies":[{"embeddable":true,"href":"https:\/\/adhilac.com.ar\/index.php?rest_route=%2Fwp%2Fv2%2Fcomments&post=14280"}],"version-history":[{"count":1,"href":"https:\/\/adhilac.com.ar\/index.php?rest_route=\/wp\/v2\/posts\/14280\/revisions"}],"predecessor-version":[{"id":14281,"href":"https:\/\/adhilac.com.ar\/index.php?rest_route=\/wp\/v2\/posts\/14280\/revisions\/14281"}],"wp:attachment":[{"href":"https:\/\/adhilac.com.ar\/index.php?rest_route=%2Fwp%2Fv2%2Fmedia&parent=14280"}],"wp:term":[{"taxonomy":"category","embeddable":true,"href":"https:\/\/adhilac.com.ar\/index.php?rest_route=%2Fwp%2Fv2%2Fcategories&post=14280"},{"taxonomy":"post_tag","embeddable":true,"href":"https:\/\/adhilac.com.ar\/index.php?rest_route=%2Fwp%2Fv2%2Ftags&post=14280"}],"curies":[{"name":"wp","href":"https:\/\/api.w.org\/{rel}","templated":true}]}}