{"id":14349,"date":"2018-10-09T07:46:41","date_gmt":"2018-10-09T10:46:41","guid":{"rendered":"https:\/\/adhilac.com.ar\/?p=14349"},"modified":"2020-08-26T18:01:40","modified_gmt":"2020-08-26T21:01:40","slug":"prensa-el-catedratico-sergio-guerra-vilaboy-abre-el-coloquio-canario-americano","status":"publish","type":"post","link":"https:\/\/adhilac.com.ar\/?p=14349","title":{"rendered":"Prensa: El catedr\u00e1tico Sergio Guerra Vilaboy abre el Coloquio Canario-Americano"},"content":{"rendered":"<h4><span style=\"color: #339966; font-size: 1.17em; text-align: justify;\"><img loading=\"lazy\" decoding=\"async\" class=\"alignright\" src=\"https:\/\/imagenes-cdn.laprovincia.es\/multimedia\/fotos\/2018\/10\/09\/139437\/08102018-palmas-gran-canaria.-inauguracian-2_g.jpg\" alt=\"08\/10\/2018 LAS PALMAS DE GRAN CANARIA. ...\" width=\"300\" height=\"189\" \/><\/span><span style=\"color: #999999;\">La cita se celebra en conjunto con el 12\u00ba Encuentro Internacional de la Asociaci\u00f3n de Historiadores Latinoamericanos y del Caribe<\/span><\/h4>\n<p>N. N. \/ Lp\u00a007.10.2018<\/p>\n<div>\n<p style=\"text-align: justify;\">La Casa de Col\u00f3n abre hoy sus puertas a un total de 241 especialistas de 18 nacionalidades al abrigo del<strong> 23\u00ba Coloquio de Historia Canario-Americana<\/strong>, que da comienzo a las 9.45 horas con una ponenciainaugural a cargo de Sergio Guerra Vilaboy, catedr\u00e1tico de la Universidad de La Habana y presidente de la Asociaci\u00f3n de Historiadores Latinoamericanos y del Caribe (Adhilac), <!--more-->quien impartir\u00e1 la conferencia\u00a0<em>La Habana en su V Centenario, <\/em>tras la bienvenida del presidente del\u00a0Cabildo de Gran Canaria, Antonio Morales.<\/p>\n<p style=\"text-align: justify;\">Esta cita bienal, referencia desde hace m\u00e1s de cuatro d\u00e9cadas como espacio de debate sobre la historia de Canarias y Am\u00e9rica desde 1976, posee esta vez un car\u00e1cter doblemente especial al celebrarse conjuntamente con el 12\u00ba Encuentro Internacional de la Adhilac, tal como se acord\u00f3 en la \u00faltima edici\u00f3n del Coloquio, en 2016, a petici\u00f3n del propio colectivo de americanistas. Esta alianza supondr\u00e1 la presencia masiva de acad\u00e9micos del continente americano en el a\u00f1o en el que se cumple el quinto centenario de la fundaci\u00f3n de la ciudad de La Habana, a la que el catedr\u00e1tico de Historia Moderna y miembro del comit\u00e9 cient\u00edfico del coloquio,\u00a0Manuel Lobo, dedicar\u00e1 una sesi\u00f3n plenaria hoy sobre sus relaciones con Gran Canaria.<\/p>\n<p style=\"text-align: justify;\">La destacada presencia de \u00abla otra orilla\u00bb cristaliza en la participaci\u00f3n de 62 acad\u00e9micos procedentes de 11 pa\u00edses americanos -Argentina, Brasil, Chile, Colombia, Trinidad y Tobago, Uruguay, Costa Rica, Cuba, Estados Unidos, M\u00e9xico y\u00a0Puerto Rico-, a los que se suman historiadores e historiadoras de Alemania, Francia, Holanda, Polonia, Portugal y el Reino Unido, as\u00ed como 45 de distintas universidades espa\u00f1olas. Adem\u00e1s, el Coloquio certifica su condici\u00f3n de semillero y palanca de la investigaci\u00f3n hist\u00f3rica hecha en Canarias con la inscripci\u00f3n de 118 investigadores del Archipi\u00e9lago. Por tanto, Gran Canaria consolida su papel como punto de encuentro y debate acad\u00e9mico internacional en esta edici\u00f3n, que se celebrar\u00e1 hasta el pr\u00f3ximo 12 de octubre bajo el lema\u00a0<em>Relaciones hist\u00f3rico-culturales entre el mundo atl\u00e1ntico<\/em>, que se establece como punto de partida para que los investigadores ampl\u00eden el conocimiento de los flujos culturales y socioecon\u00f3micos entre continentes y archipi\u00e9lagos.<\/p>\n<p style=\"text-align: justify;\">As\u00ed, el 23\u00ba Coloquio de Historia Canario Americana, articulado en una docena de seminarios, y el 12\u00ba Encuentro Internacional de la Adhilac, ahonda en las conexiones existentes y sus repercusiones socioculturales entre Europa, \u00c1frica y Am\u00e9rica con las distintas islas que conforman el universo atl\u00e1ntico. El listado de seminarios demuestra el amplio abanico de temas que se pondr\u00e1 sobre la mesa durante el coloquio, como los seminarios\u00a0<em>Historia comparada del comercio entre Am\u00e9rica, el Caribe y Europa: los tintes naturales entre los siglos XVI-XX y las redes de intercambio, La Habana y su importancia en el mundo atl\u00e1ntico, La palabra, el poder y la guerra. Las islas atl\u00e1nticas y del Caribe en tiempos de Revoluci\u00f3n 1801-1823 <\/em>o\u00a0<em>Tabaco az\u00facar, esclavos y fiscalidad en los mundos atl\u00e1nticos<\/em>. Tambi\u00e9n se incluyen actividades de relevancia para Canarias, como la presentaci\u00f3n de la p\u00e1gina web con las obras de\u00a0Juan Marichal, que reflejan su trayectoria intelectual entre 1922 y 2010, a cargo de su hijo, el investigador y profesor Carlos Marichal Salinas, en un acto que acoger\u00e1 la Fundaci\u00f3n Juan Negr\u00edn.<\/p>\n<p style=\"text-align: justify;\">El resto de la traves\u00eda incluye escalas tem\u00e1ticas en los movimientos sociales y pol\u00edticos en Am\u00e9rica Latina y el Caribe; la pol\u00edtica y la acci\u00f3n cultural de los diplom\u00e1ticos latinoamericanos entre 1880 y 1940; el significado de la Revoluci\u00f3n de 1868 en el 150\u00ba aniversario de\u00a0<em>La Gloriosa<\/em>; las fronteras ultramarinas y el Atl\u00e1ntico en los or\u00edgenes de la monarqu\u00eda hisp\u00e1nica; el viaje y contrapunto cultural entre Canarias y Am\u00e9rica, los paisajes culturales o el agua, la religiosidad y las advocaciones marianas en las islas atl\u00e1nticas, entre otras \u00e1reas tem\u00e1ticas. Toda la informaci\u00f3n disponible y actualizada puede consultarse en la web del coloquio.<\/p>\n<p style=\"text-align: justify;\">Fuente: \u00abLa Provincia Diario de Las Palmas\u00bb. 7 de octubre de 2018.<\/p>\n<p style=\"text-align: justify;\">https:\/\/www.laprovincia.es\/cultura\/2018\/10\/08\/catedratico-sergio-guerra-vilaboy-abre\/1105020.html<\/p>\n<\/div>\n\n\n<p class=\"has-very-light-gray-color has-vivid-cyan-blue-background-color has-text-color has-background wp-block-paragraph\"><strong>Publicado por ADHILAC Internacional \u00a9 www.adhilac.com.ar<\/strong><\/p>\n\n\n\n<p class=\"has-vivid-cyan-blue-color has-very-light-gray-background-color has-text-color has-background wp-block-paragraph\"> Si Ud. desea asociarse de acuerdo a los Estatutos de ADHILAC&nbsp;<a href=\"https:\/\/adhilac.com.ar\/?page_id=263\">(ver)<\/a> complete el siguiente formulario&nbsp;(<a href=\"https:\/\/adhilac.com.ar\/?page_id=4779\">ver<\/a>)<\/p>\n\n\n\n<p class=\"has-very-light-gray-color has-vivid-cyan-blue-background-color has-text-color has-background wp-block-paragraph\"> E-mail:&nbsp;info@adhilac.com.ar <\/p>\n\n\n\n<p class=\"has-very-light-gray-color has-vivid-cyan-blue-background-color has-text-color has-background wp-block-paragraph\"> Twitter: @AdhilacInfo <\/p>\n\n\n\n<div class=\"wp-block-image\"><figure class=\"aligncenter size-large\"><img loading=\"lazy\" decoding=\"async\" width=\"85\" height=\"85\" src=\"https:\/\/adhilac.com.ar\/wp-content\/uploads\/2015\/02\/Logo-ADHILAC-Internacional-PEQ.jpg\" alt=\"\" class=\"wp-image-10473\"\/><\/figure><\/div>\n\n\n\n<p class=\"wp-block-paragraph\">Ver <a href=\"https:\/\/adhilac.com.ar\/?page_id=541\">Presentaci\u00f3n de ADHILAC<\/a><\/p>\n\n\n\n<div class=\"wp-block-group\"><div class=\"wp-block-group__inner-container is-layout-flow wp-block-group-is-layout-flow\">\n<p class=\"has-text-align-center has-very-light-gray-color has-vivid-cyan-blue-background-color has-text-color has-background wp-block-paragraph\"><strong><a href=\"https:\/\/adhilac.com.ar\/?page_id=541\">QUIENES SOMOS<\/a><\/strong><\/p>\n\n\n\n<p class=\"has-text-align-center has-vivid-cyan-blue-color has-very-light-gray-background-color has-text-color has-background wp-block-paragraph\"><strong><a href=\"https:\/\/adhilac.com.ar\/?page_id=15507\">DIRECTIVA DE ADHILAC INTERNACIONAL<\/a><\/strong><\/p>\n\n\n\n<p class=\"has-text-align-center has-very-light-gray-color has-vivid-cyan-blue-background-color has-text-color has-background wp-block-paragraph\"><strong><a href=\"https:\/\/adhilac.com.ar\/?page_id=267\">Declaraci\u00f3n de Caracas de ADHILAC (2007)<\/a><\/strong><\/p>\n\n\n\n<p class=\"has-text-align-center has-vivid-cyan-blue-color has-very-light-gray-background-color has-text-color has-background wp-block-paragraph\"><strong><a href=\"https:\/\/adhilac.com.ar\/?page_id=15873\">ADHILAC: Historia &#8211; Historidorxs<\/a><\/strong><\/p>\n\n\n\n<p class=\"has-text-align-center has-very-light-gray-color has-vivid-cyan-blue-background-color has-text-color has-background wp-block-paragraph\"><strong><a href=\"https:\/\/adhilac.com.ar\/?page_id=15876\">ADHILAC 20 a\u00f1os despu\u00e9s (1974-1994)<\/a> <\/strong><\/p>\n\n\n\n<p class=\"has-text-align-center has-vivid-cyan-blue-color has-very-light-gray-background-color has-text-color has-background wp-block-paragraph\"><strong><a href=\"https:\/\/adhilac.com.ar\/?page_id=15861\">ADHILAC Breve Historia<\/a> <\/strong><\/p>\n\n\n\n<p class=\"has-text-align-center has-very-light-gray-color has-vivid-cyan-blue-background-color has-text-color has-background wp-block-paragraph\"><strong><a href=\"https:\/\/adhilac.com.ar\/?page_id=15887\">ADHILAC: Miembrxs fundadores<\/a><\/strong><\/p>\n\n\n\n<p class=\"has-text-align-center has-vivid-cyan-blue-color has-very-light-gray-background-color has-text-color has-background wp-block-paragraph\"><strong><a href=\"https:\/\/adhilac.com.ar\/?page_id=15943\">ADHILAC: Historiadorxs Destacadxs<\/a><\/strong><\/p>\n\n\n\n<p class=\"has-text-align-center has-very-light-gray-color has-vivid-cyan-blue-background-color has-text-color has-background wp-block-paragraph\"><strong><a href=\"https:\/\/adhilac.com.ar\/?page_id=4779\">SOCIXS<\/a><\/strong><\/p>\n\n\n\n<p class=\"has-text-align-center has-vivid-cyan-blue-color has-very-light-gray-background-color has-text-color has-background wp-block-paragraph\"><strong><a href=\"https:\/\/adhilac.com.ar\/?page_id=263\">Estatutos de ADHILAC<\/a><\/strong><\/p>\n\n\n\n<p class=\"has-text-align-center has-very-light-gray-color has-vivid-cyan-blue-background-color has-text-color has-background wp-block-paragraph\"><strong><a href=\"https:\/\/adhilac.com.ar\/?page_id=8220\">BICENTENARIO<\/a><\/strong><\/p>\n\n\n\n<p class=\"has-text-align-center has-vivid-cyan-blue-color has-very-light-gray-background-color has-text-color has-background wp-block-paragraph\"><strong><a href=\"https:\/\/adhilac.com.ar\/?page_id=8279\">BIBLIOTECA<\/a><\/strong><\/p>\n\n\n\n<p class=\"has-text-align-center has-very-light-gray-color has-vivid-cyan-blue-background-color has-text-color has-background wp-block-paragraph\"><strong><a href=\"https:\/\/adhilac.com.ar\/?page_id=1698\">ENLACES<\/a> <\/strong><\/p>\n\n\n\n<p class=\"has-text-align-center has-vivid-cyan-blue-color has-very-light-gray-background-color has-text-color has-background wp-block-paragraph\"><a href=\"http:\/\/www.ariadnatucma.com.ar\">VISITE ARIADNA TUCMA REVISTA LATINOAMERICANA<\/a><\/p>\n<\/div><\/div>\n","protected":false},"excerpt":{"rendered":"<p>La cita se celebra en conjunto con el 12\u00ba Encuentro Internacional de la Asociaci\u00f3n de Historiadores Latinoamericanos y del Caribe N. N. \/ Lp\u00a007.10.2018 La Casa de Col\u00f3n abre hoy sus puertas a un total de 241 especialistas de 18 nacionalidades al abrigo del 23\u00ba Coloquio de Historia Canario-Americana, que da comienzo a las 9.45 [&hellip;]<\/p>\n","protected":false},"author":2,"featured_media":0,"comment_status":"closed","ping_status":"closed","sticky":false,"template":"","format":"standard","meta":{"_crdt_document":"","footnotes":""},"categories":[3],"tags":[791,158],"class_list":["post-14349","post","type-post","status-publish","format-standard","hentry","category-adhilac-inter","tag-canarias","tag-historia-de-america"],"_links":{"self":[{"href":"https:\/\/adhilac.com.ar\/index.php?rest_route=\/wp\/v2\/posts\/14349","targetHints":{"allow":["GET"]}}],"collection":[{"href":"https:\/\/adhilac.com.ar\/index.php?rest_route=\/wp\/v2\/posts"}],"about":[{"href":"https:\/\/adhilac.com.ar\/index.php?rest_route=\/wp\/v2\/types\/post"}],"author":[{"embeddable":true,"href":"https:\/\/adhilac.com.ar\/index.php?rest_route=\/wp\/v2\/users\/2"}],"replies":[{"embeddable":true,"href":"https:\/\/adhilac.com.ar\/index.php?rest_route=%2Fwp%2Fv2%2Fcomments&post=14349"}],"version-history":[{"count":5,"href":"https:\/\/adhilac.com.ar\/index.php?rest_route=\/wp\/v2\/posts\/14349\/revisions"}],"predecessor-version":[{"id":17157,"href":"https:\/\/adhilac.com.ar\/index.php?rest_route=\/wp\/v2\/posts\/14349\/revisions\/17157"}],"wp:attachment":[{"href":"https:\/\/adhilac.com.ar\/index.php?rest_route=%2Fwp%2Fv2%2Fmedia&parent=14349"}],"wp:term":[{"taxonomy":"category","embeddable":true,"href":"https:\/\/adhilac.com.ar\/index.php?rest_route=%2Fwp%2Fv2%2Fcategories&post=14349"},{"taxonomy":"post_tag","embeddable":true,"href":"https:\/\/adhilac.com.ar\/index.php?rest_route=%2Fwp%2Fv2%2Ftags&post=14349"}],"curies":[{"name":"wp","href":"https:\/\/api.w.org\/{rel}","templated":true}]}}