{"id":14354,"date":"2018-10-09T07:53:59","date_gmt":"2018-10-09T10:53:59","guid":{"rendered":"https:\/\/adhilac.com.ar\/?p=14354"},"modified":"2020-08-26T18:00:40","modified_gmt":"2020-08-26T21:00:40","slug":"prensa-guerra-vilaboy-la-habana-cambio-totalmente-en-solo-quince-anos","status":"publish","type":"post","link":"https:\/\/adhilac.com.ar\/?p=14354","title":{"rendered":"Prensa: Guerra Vilaboy: \u00abLa Habana cambi\u00f3 totalmente en s\u00f3lo quince a\u00f1os\u00bb"},"content":{"rendered":"<h4 style=\"text-align: left;\"><span style=\"color: #808080;\">El experto abri\u00f3 el XXIII Coloquio de Historia Canario Americana en la Casa de Col\u00f3n<\/span><\/h4>\n<h3><img loading=\"lazy\" decoding=\"async\" class=\"alignleft\" title=\"Guerra Vilaboy: &quot;La Habana cambi\u00f3 totalmente en s\u00f3lo quince a\u00f1os&quot;\" src=\"https:\/\/fotos01.laprovincia.es\/2018\/10\/09\/328x206\/guerra-vilaboy.jpg\" alt=\"Guerra Vilaboy: &quot;La Habana cambi\u00f3 totalmente en s\u00f3lo quince a\u00f1os&quot;\" width=\"369\" height=\"214\" align=\"right\" border=\"0\" \/><\/h3>\n<p>\u00a0<\/p>\n<p>\u00a0<\/p>\n<p>\u00a0<\/p>\n<p style=\"text-align: justify;\">Alberto Garc\u00eda Saleh 09.10.2018<\/p>\n<div>\n<div style=\"text-align: justify;\">\n<div>\n<div>\n<div>\n<div>\n<div><a title=\"Ver Galer\u00eda\" href=\"https:\/\/www.laprovincia.es\/multimedia\/fotos\/sociedad\/2018-10-09-139437-coloquio-historia-canario-americana-casa-colon.html\" target=\"_blank\" rel=\"noopener noreferrer\">Ver Galer\u00eda<\/a><\/div>\n<\/div>\n<\/div>\n<p>Coloquio de Historia Canario-Americana en la Casa de Col\u00f3n Santi Blanco<\/p>\n<\/div>\n<\/div>\n<div>\n<div>Guerra Vilaboy: \u00abLa Habana cambi\u00f3 totalmente en s\u00f3lo quince a\u00f1os\u00bb<\/div>\n<\/div>\n<div>\n<ul>\n<li><a href=\"https:\/\/www.laprovincia.es\/multimedia\/fotos\/\">M\u00e1s fotos<\/a><\/li>\n<\/ul>\n<\/div>\n<\/div>\n<p style=\"text-align: justify;\">El catedr\u00e1tico de la Universidad de La Habana, Sergio Guerra Vilaboy, asegura que \u00abtras la colonizaci\u00f3n, la capital cubana se transform\u00f3 totalmente en solo quince a\u00f1os\u00bb. El experto hizo estas declaraciones durante su intervenci\u00f3n en la conferencia inaugural del XXIII Coloquio de Historia Canario Americana que se celebrar\u00e1 hasta el 12 de octubre en la Casa de Col\u00f3n.<!--more--><\/p>\n<p style=\"text-align: justify;\">Guerra, que acudi\u00f3 acompa\u00f1ado del presidente del\u00a0<a title=\"Cabildo de Gran Canaria\" href=\"https:\/\/www.laprovincia.es\/tags\/cabildo-de-gran-canaria.html\">Cabildo de Gran Canaria<\/a>, Antonio Morales, y la directora de la Casa de Col\u00f3n, Elena Acosta, protagoniz\u00f3 la primera intervenci\u00f3n del total de 241 especialistas de dieciocho nacionalidades que acuden invitados al evento con una docena de seminarios. El experto hizo un panorama de La Habana a prop\u00f3sito del 500 aniversario de su fundaci\u00f3n que se conmemora en 2019 y afirm\u00f3 que \u00abla villa, que fue el \u00faltimo asentamiento creado en 1514 por los conquistadores procedentes de La Espa\u00f1ola, no qued\u00f3 establecida en su actual posici\u00f3n hasta cuatro a\u00f1os despu\u00e9s\u00bb. El catedr\u00e1tico record\u00f3 las tres \u00e1reas que se formaron en Cuba durante la dominaci\u00f3n. \u00abAl termino de este periodo la ciudad segu\u00eda creciendo de manera ininterrumpida, con lo que se abrieron parques, avenidas y paseos\u00bb, asegur\u00f3. Y puso el ejemplo fue la sorpresa del inmigrante espa\u00f1ol que, a su regreso en 1915 a la isla caribe\u00f1a se \u00abqued\u00f3 admirado por el prado creciente y las edificaciones modernas que le daban el aspecto de una capital distinta\u00bb.<\/p>\n<p style=\"text-align: justify;\">Sin embargo, problemas de segregaci\u00f3n racial provocaron la creaci\u00f3n de puentes y construcciones que permitieron la parcelaci\u00f3n de barrios y el desarollo de cuatro avenidas longitudinales. Pero despu\u00e9s del triunfo de la Revoluci\u00f3n de 1959, \u00abcambi\u00f3 la estrategia constructiva a trav\u00e9s de viviendas baratas para trabajadores, a la vez que se redistribu\u00edan otras con finalidades sociales\u00bb. Sin embargo, \u00ablas limitaciones econ\u00f3micas y otros factores, entre ellos el bloqueo de Estados Unidos, afectaron a ese proceso\u00bb y llevaron el deterioro de la ciudad que, ahora, sus habitantes luchan por cambiar para \u00abdevolverle su antiguo esplendor y la ponerla a tono con las transformaciones actuales\u00bb.<\/p>\n<p style=\"text-align: justify;\">El profesor de la Universidad de Magdalena, Jorge El\u00edas-Caro, coordina junto a Carlos Marichal y Ronny Viales el seminario\u00a0<em>Historia comparada del comercio entre Am\u00e9rica, el Caribe y Europa: los tintes naturales de Am\u00e9rica entre los siglos XVI-XX y las redes de intercambio<\/em>. El experto se\u00f1al\u00f3 que la cochinilla que se implant\u00f3 en el Archipi\u00e9lago \u00abera la misma que usaron las civilizaciones maya y azteca y lleg\u00f3 a las islas procedente fundamentalmente de los puertos de Campeche y Veracruz, en M\u00e9xico\u00bb.<\/p>\n<p style=\"text-align: justify;\">El\u00edas-Caro, vicepresidente de la Asociaci\u00f3n de Historiadores Latinoamericanos y del Caribe, cuyo XII Encuentro Internacional se celebra conjuntamente con el Coloquio, asegur\u00f3 tambi\u00e9n que \u00abCanarias es, en todas sus dimensiones, una muestra de lo que es Am\u00e9rica\u00bb.<\/p>\n<p style=\"text-align: justify;\">Por su parte, el catedr\u00e1tico de la Universidad Pablo de Olavide de Sevilla, Juan Marchena, que coordina junto a Juan Manuel Santana el seminario\u00a0<em>La palabra, el poder y la guerra. Las islas atl\u00e1nticas y del Caribe en tiempos de Revoluci\u00f3n 1801-1823,<\/em> manifest\u00f3 que los piratas protagonizaron \u00abuna b\u00fasqueda de la libertad y del yo desde la independencia\u00bb a trav\u00e9s de \u00abbarquichuelas, barcas de remo o peque\u00f1as embarcaciones de remo\u00bb.<\/p>\n<p style=\"text-align: justify;\">Fuente: \u00abLa Provincia. Diario de Las Palmas\u00bb. 9 de octubre de 2018.<\/p>\n<p style=\"text-align: justify;\">https:\/\/www.laprovincia.es\/cultura\/2018\/10\/09\/guerra-vilaboy-habana-cambio-totalmente\/1105420.html<\/p>\n<\/div>\n\n\n<p class=\"has-very-light-gray-color has-vivid-cyan-blue-background-color has-text-color has-background wp-block-paragraph\"><strong>Publicado por ADHILAC Internacional \u00a9 www.adhilac.com.ar<\/strong><\/p>\n\n\n\n<p class=\"has-vivid-cyan-blue-color has-very-light-gray-background-color has-text-color has-background wp-block-paragraph\"> Si Ud. desea asociarse de acuerdo a los Estatutos de ADHILAC&nbsp;<a href=\"https:\/\/adhilac.com.ar\/?page_id=263\">(ver)<\/a> complete el siguiente formulario&nbsp;(<a href=\"https:\/\/adhilac.com.ar\/?page_id=4779\">ver<\/a>)<\/p>\n\n\n\n<p class=\"has-very-light-gray-color has-vivid-cyan-blue-background-color has-text-color has-background wp-block-paragraph\"> E-mail:&nbsp;info@adhilac.com.ar <\/p>\n\n\n\n<p class=\"has-very-light-gray-color has-vivid-cyan-blue-background-color has-text-color has-background wp-block-paragraph\"> Twitter: @AdhilacInfo <\/p>\n\n\n\n<div class=\"wp-block-image\"><figure class=\"aligncenter size-large\"><img loading=\"lazy\" decoding=\"async\" width=\"85\" height=\"85\" src=\"https:\/\/adhilac.com.ar\/wp-content\/uploads\/2015\/02\/Logo-ADHILAC-Internacional-PEQ.jpg\" alt=\"\" class=\"wp-image-10473\"\/><\/figure><\/div>\n\n\n\n<p class=\"wp-block-paragraph\">Ver <a href=\"https:\/\/adhilac.com.ar\/?page_id=541\">Presentaci\u00f3n de ADHILAC<\/a><\/p>\n\n\n\n<div class=\"wp-block-group\"><div class=\"wp-block-group__inner-container is-layout-flow wp-block-group-is-layout-flow\">\n<p class=\"has-text-align-center has-very-light-gray-color has-vivid-cyan-blue-background-color has-text-color has-background wp-block-paragraph\"><strong><a href=\"https:\/\/adhilac.com.ar\/?page_id=541\">QUIENES SOMOS<\/a><\/strong><\/p>\n\n\n\n<p class=\"has-text-align-center has-vivid-cyan-blue-color has-very-light-gray-background-color has-text-color has-background wp-block-paragraph\"><strong><a href=\"https:\/\/adhilac.com.ar\/?page_id=15507\">DIRECTIVA DE ADHILAC INTERNACIONAL<\/a><\/strong><\/p>\n\n\n\n<p class=\"has-text-align-center has-very-light-gray-color has-vivid-cyan-blue-background-color has-text-color has-background wp-block-paragraph\"><strong><a href=\"https:\/\/adhilac.com.ar\/?page_id=267\">Declaraci\u00f3n de Caracas de ADHILAC (2007)<\/a><\/strong><\/p>\n\n\n\n<p class=\"has-text-align-center has-vivid-cyan-blue-color has-very-light-gray-background-color has-text-color has-background wp-block-paragraph\"><strong><a href=\"https:\/\/adhilac.com.ar\/?page_id=15873\">ADHILAC: Historia &#8211; Historidorxs<\/a><\/strong><\/p>\n\n\n\n<p class=\"has-text-align-center has-very-light-gray-color has-vivid-cyan-blue-background-color has-text-color has-background wp-block-paragraph\"><strong><a href=\"https:\/\/adhilac.com.ar\/?page_id=15876\">ADHILAC 20 a\u00f1os despu\u00e9s (1974-1994)<\/a> <\/strong><\/p>\n\n\n\n<p class=\"has-text-align-center has-vivid-cyan-blue-color has-very-light-gray-background-color has-text-color has-background wp-block-paragraph\"><strong><a href=\"https:\/\/adhilac.com.ar\/?page_id=15861\">ADHILAC Breve Historia<\/a> <\/strong><\/p>\n\n\n\n<p class=\"has-text-align-center has-very-light-gray-color has-vivid-cyan-blue-background-color has-text-color has-background wp-block-paragraph\"><strong><a href=\"https:\/\/adhilac.com.ar\/?page_id=15887\">ADHILAC: Miembrxs fundadores<\/a><\/strong><\/p>\n\n\n\n<p class=\"has-text-align-center has-vivid-cyan-blue-color has-very-light-gray-background-color has-text-color has-background wp-block-paragraph\"><strong><a href=\"https:\/\/adhilac.com.ar\/?page_id=15943\">ADHILAC: Historiadorxs Destacadxs<\/a><\/strong><\/p>\n\n\n\n<p class=\"has-text-align-center has-very-light-gray-color has-vivid-cyan-blue-background-color has-text-color has-background wp-block-paragraph\"><strong><a href=\"https:\/\/adhilac.com.ar\/?page_id=4779\">SOCIXS<\/a><\/strong><\/p>\n\n\n\n<p class=\"has-text-align-center has-vivid-cyan-blue-color has-very-light-gray-background-color has-text-color has-background wp-block-paragraph\"><strong><a href=\"https:\/\/adhilac.com.ar\/?page_id=263\">Estatutos de ADHILAC<\/a><\/strong><\/p>\n\n\n\n<p class=\"has-text-align-center has-very-light-gray-color has-vivid-cyan-blue-background-color has-text-color has-background wp-block-paragraph\"><strong><a href=\"https:\/\/adhilac.com.ar\/?page_id=8220\">BICENTENARIO<\/a><\/strong><\/p>\n\n\n\n<p class=\"has-text-align-center has-vivid-cyan-blue-color has-very-light-gray-background-color has-text-color has-background wp-block-paragraph\"><strong><a href=\"https:\/\/adhilac.com.ar\/?page_id=8279\">BIBLIOTECA<\/a><\/strong><\/p>\n\n\n\n<p class=\"has-text-align-center has-very-light-gray-color has-vivid-cyan-blue-background-color has-text-color has-background wp-block-paragraph\"><strong><a href=\"https:\/\/adhilac.com.ar\/?page_id=1698\">ENLACES<\/a> <\/strong><\/p>\n\n\n\n<p class=\"has-text-align-center has-vivid-cyan-blue-color has-very-light-gray-background-color has-text-color has-background wp-block-paragraph\"><a href=\"http:\/\/www.ariadnatucma.com.ar\">VISITE ARIADNA TUCMA REVISTA LATINOAMERICANA<\/a><\/p>\n<\/div><\/div>\n","protected":false},"excerpt":{"rendered":"<p>El experto abri\u00f3 el XXIII Coloquio de Historia Canario Americana en la Casa de Col\u00f3n \u00a0 \u00a0 \u00a0 Alberto Garc\u00eda Saleh 09.10.2018 Ver Galer\u00eda Coloquio de Historia Canario-Americana en la Casa de Col\u00f3n Santi Blanco Guerra Vilaboy: \u00abLa Habana cambi\u00f3 totalmente en s\u00f3lo quince a\u00f1os\u00bb M\u00e1s fotos El catedr\u00e1tico de la Universidad de La Habana, [&hellip;]<\/p>\n","protected":false},"author":2,"featured_media":0,"comment_status":"closed","ping_status":"closed","sticky":false,"template":"","format":"standard","meta":{"_crdt_document":"","footnotes":""},"categories":[3],"tags":[791,158],"class_list":["post-14354","post","type-post","status-publish","format-standard","hentry","category-adhilac-inter","tag-canarias","tag-historia-de-america"],"_links":{"self":[{"href":"https:\/\/adhilac.com.ar\/index.php?rest_route=\/wp\/v2\/posts\/14354","targetHints":{"allow":["GET"]}}],"collection":[{"href":"https:\/\/adhilac.com.ar\/index.php?rest_route=\/wp\/v2\/posts"}],"about":[{"href":"https:\/\/adhilac.com.ar\/index.php?rest_route=\/wp\/v2\/types\/post"}],"author":[{"embeddable":true,"href":"https:\/\/adhilac.com.ar\/index.php?rest_route=\/wp\/v2\/users\/2"}],"replies":[{"embeddable":true,"href":"https:\/\/adhilac.com.ar\/index.php?rest_route=%2Fwp%2Fv2%2Fcomments&post=14354"}],"version-history":[{"count":4,"href":"https:\/\/adhilac.com.ar\/index.php?rest_route=\/wp\/v2\/posts\/14354\/revisions"}],"predecessor-version":[{"id":17156,"href":"https:\/\/adhilac.com.ar\/index.php?rest_route=\/wp\/v2\/posts\/14354\/revisions\/17156"}],"wp:attachment":[{"href":"https:\/\/adhilac.com.ar\/index.php?rest_route=%2Fwp%2Fv2%2Fmedia&parent=14354"}],"wp:term":[{"taxonomy":"category","embeddable":true,"href":"https:\/\/adhilac.com.ar\/index.php?rest_route=%2Fwp%2Fv2%2Fcategories&post=14354"},{"taxonomy":"post_tag","embeddable":true,"href":"https:\/\/adhilac.com.ar\/index.php?rest_route=%2Fwp%2Fv2%2Ftags&post=14354"}],"curies":[{"name":"wp","href":"https:\/\/api.w.org\/{rel}","templated":true}]}}