{"id":14357,"date":"2018-10-09T07:58:37","date_gmt":"2018-10-09T10:58:37","guid":{"rendered":"https:\/\/adhilac.com.ar\/?p=14357"},"modified":"2020-08-26T17:57:21","modified_gmt":"2020-08-26T20:57:21","slug":"prensa-sergio-guerra-tras-la-colonizacion-espanola-la-habana-se-transformo-totalmente-en-quince-anos","status":"publish","type":"post","link":"https:\/\/adhilac.com.ar\/?p=14357","title":{"rendered":"Prensa: Sergio Guerra: \u00abTras la colonizaci\u00f3n espa\u00f1ola La Habana se transform\u00f3 totalmente en quince a\u00f1os\u00bb"},"content":{"rendered":"<h4 style=\"text-align: center;\"><span style=\"color: #339966;\">El experto ofreci\u00f3 la conferencia inaugural del XXIII Coloquio de Historia Canario Americana este lunes en la Casa de Col\u00f3n<\/span><\/h4>\n<div>\n<div>\n<div><img loading=\"lazy\" decoding=\"async\" class=\"alignleft\" title=\"Sergio Guerra: &quot;Tras la colonizaci\u00f3n espa\u00f1ola La Habana se transform\u00f3 totalmente en quince a\u00f1os&quot;\" src=\"https:\/\/fotos00.laprovincia.es\/2018\/10\/08\/328x206\/casa-de-colon.jpg\" alt=\"Sergio Guerra: &quot;Tras la colonizaci\u00f3n espa\u00f1ola La Habana se transform\u00f3 totalmente en quince a\u00f1os&quot;\" width=\"374\" height=\"250\" align=\"right\" border=\"0\" \/>\u00a0\n<p>\u00a0<\/p>\n<div style=\"text-align: justify;\">\u00a0<\/div>\n<\/div>\n<\/div>\n<p>\u00a0<\/p>\n<p>\u00a0<\/p>\n<p>Alberto Garc\u00eda Saleh 08.10.2018 | 13:53<\/p>\n<p>Sergio Guerra: \u00abTras la colonizaci\u00f3n espa\u00f1ola La Habana se transform\u00f3 totalmente en quince a\u00f1os\u00bb<\/p>\n<p style=\"text-align: justify;\">El catedr\u00e1tico de la Universidad de La Habana,\u00a0<strong>Sergio Guerra Vilaboy,<\/strong> asegura que \u00abtras la colonizaci\u00f3n espa\u00f1ola La Habana se transform\u00f3 totalmente en quince a\u00f1os\u00bb. El experto hizo estas declaraciones durante su intervenci\u00f3n hoy lunes en la conferencia inaugural del<strong> XXIII Coloquio de Historia Canario Americana<\/strong> que se celebra hasta el 12 de octubre en la\u00a0<a href=\"https:\/\/www.laprovincia.es\/cultura\/2018\/10\/08\/ruta-historica-islas\/1105019.html\">Casa de Col\u00f3n<\/a>.<\/p>\n<p style=\"text-align: justify;\"><!--more--><\/p>\n<p>En este encuentro internacional se analizar\u00e1n, desde diferentes \u00e1mbitos y desde la perspectiva hist\u00f3rica, las tradiciones pol\u00edticas, econ\u00f3micas, culturales y sociales que han existido entre Canarias y el Mundo atl\u00e1ntico, entre lo continental y lo insular.<\/p>\n<p style=\"text-align: justify;\">Guerra hizo un panorama de ciudad de La Habana a prop\u00f3sito del\u00a0<strong>500 aniversario <\/strong>de su fundaci\u00f3n que se conmemora en 2019. La villa, que fuera el \u00faltimo asentamiento creado en 1514 por los conquistadores procedentes de La Espa\u00f1ola, no qued\u00f3 establecida en su actual posici\u00f3n hasta cuatro a\u00f1os despu\u00e9s. El catedr\u00e1tico record\u00f3 las tres \u00e1reas que se formaron en Cuba durante la dominaci\u00f3n. \u00abAl termino de este periodo, la ciudad segu\u00eda creciendo de manera ininterrumpida, con lo que se abrieron parques, avenidas y paseos\u00bb. Y puso el ejemplo de la sorpresa del inmigrante espa\u00f1ol que, a su regreso en 1915 a Cuba se \u00abqued\u00f3 admirado por el prado creciente y reluciente, con edificaciones modernas que le daban el aspecto de una capital distinta\u00bb.<\/p>\n<p style=\"text-align: justify;\">Sin embargo, los problemas de segregaci\u00f3n racial siguieron con puentes y construcciones que permitieron la parcelaci\u00f3n de barrios y el desarrollo de cuatro avenidas longitudinales. Sin embargo, despu\u00e9s del triunfo de la\u00a0<strong>Revoluci\u00f3n de 1959 <\/strong>cambi\u00f3 radicalmente la estrategia constructiva, promovi\u00e9ndose viviendas baratas para trabajadores, a la vez que se redistribu\u00edan otras con finalidades sociales. Sin embargo, \u00ablas limitaciones econ\u00f3micas y otros factores, entre ellos el bloqueo de Estados Unidos a Cuba, afectaron a ese proceso\u00bb y llevaron el deterioro de la ciudad que, ahora, en su quinto centenario, sus habitantes luchan por devolverle todo su antiguo esplendor a la vez que la ponen a tono con las transformaciones y avances de los tiempos actuales.<\/p>\n<p style=\"text-align: justify;\">Con esta conferencia la Casa de Col\u00f3n abre sus puertas a un total de 241 especialistas de 18 nacionalidades. La destacada presencia de \u00abla otra orilla\u00bb cristaliza en la participaci\u00f3n de 62 acad\u00e9micos procedentes de 11 pa\u00edses americanos -Argentina, Brasil, Chile, Colombia, Trinidad y Tobago, Uruguay, Costa Rica, Cuba, Estados Unidos, M\u00e9xico y Puerto Rico-, a los que se suman historiadores e historiadoras de Alemania, Francia, Holanda, Polonia, Portugal y el Reino Unido, as\u00ed como 45 de distintas universidades espa\u00f1olas. Adem\u00e1s, el Coloquio certifica su condici\u00f3n de semillero y palanca de la investigaci\u00f3n hist\u00f3rica hecha en Canarias con la inscripci\u00f3n de 118 investigadores del Archipi\u00e9lago.<\/p>\n<p style=\"text-align: justify;\">Por tanto, Gran Canaria consolida su papel como punto de encuentro y debate acad\u00e9mico internacional en esta edici\u00f3n, que se celebrar\u00e1 hasta el pr\u00f3ximo 12 de octubre bajo el lema Relaciones hist\u00f3rico-culturales entre el mundo atl\u00e1ntico, que se establece como punto de partida para que los investigadores ampl\u00eden el conocimiento de los flujos culturales y socioecon\u00f3micos entre continentes y archipi\u00e9lagos.<\/p>\n<p style=\"text-align: justify;\">As\u00ed, el 23\u00ba Coloquio de Historia Canario Americana, articulado en una docena de seminarios, y el 12\u00ba Encuentro Internacional de la Adhilac, ahonda en las conexiones existentes y sus repercusiones socioculturales entre Europa, \u00c1frica y Am\u00e9rica con las distintas islas que conforman el universo atl\u00e1ntico.<\/p>\n<p style=\"text-align: justify;\">El listado de seminarios demuestra el amplio abanico de temas que se pondr\u00e1 sobre la mesa durante el coloquio, como los seminarios\u00a0<em>Historia comparada del comercio entre Am\u00e9rica, el Caribe y Europa: los tintes naturales entre los siglos XVI-XX y las redes de intercambio, La Habana y su importancia en el mundo atl\u00e1ntico, La palabra, el poder y la guerra. Las islas atl\u00e1nticas y del Caribe en tiempos de Revoluci\u00f3n 1801-1823<\/em> o\u00a0<em>Tabaco az\u00facar, esclavos y fiscalidad en los mundos atl\u00e1nticos<\/em>. Tambi\u00e9n se incluyen actividades de relevancia para Canarias, como la presentaci\u00f3n de la p\u00e1gina web con las obras de Juan Marichal, que reflejan su trayectoria intelectual entre 1922 y 2010, a cargo de su hijo, el investigador y profesor Carlos Marichal Salinas, en un acto que acoger\u00e1 la Fundaci\u00f3n Juan Negr\u00edn.<\/p>\n<p style=\"text-align: justify;\">El resto de la traves\u00eda incluye escalas tem\u00e1ticas en los movimientos sociales y pol\u00edticos en Am\u00e9rica Latina y el Caribe; la pol\u00edtica y la acci\u00f3n cultural de los diplom\u00e1ticos latinoamericanos entre 1880 y 1940; el significado de la Revoluci\u00f3n de 1868 en el 150\u00ba aniversario de La Gloriosa; las fronteras ultramarinas y el Atl\u00e1ntico en los or\u00edgenes de la monarqu\u00eda hisp\u00e1nica; el viaje y contrapunto cultural entre Canarias y Am\u00e9rica, los paisajes culturales o el agua, la religiosidad y las advocaciones marianas en las islas atl\u00e1nticas, entre otras \u00e1reas tem\u00e1ticas. Toda la informaci\u00f3n disponible y actualizada puede consultarse en la web del coloquio.<\/p>\n<\/div>\n<p style=\"text-align: justify;\">Fuente: La Provincia de Las Palmas. 8 de octubre de 2018.<\/p>\n<p style=\"text-align: justify;\">https:\/\/www.laprovincia.es\/cultura\/2018\/10\/08\/sergio-guerra-colonizacion-espanola-habana\/1105232.html<\/p>\n\n\n<p class=\"has-very-light-gray-color has-vivid-cyan-blue-background-color has-text-color has-background wp-block-paragraph\"><strong>Publicado por ADHILAC Internacional \u00a9 www.adhilac.com.ar<\/strong><\/p>\n\n\n\n<p class=\"has-vivid-cyan-blue-color has-very-light-gray-background-color has-text-color has-background wp-block-paragraph\"> Si Ud. desea asociarse de acuerdo a los Estatutos de ADHILAC&nbsp;<a href=\"https:\/\/adhilac.com.ar\/?page_id=263\">(ver)<\/a> complete el siguiente formulario&nbsp;(<a href=\"https:\/\/adhilac.com.ar\/?page_id=4779\">ver<\/a>)<\/p>\n\n\n\n<p class=\"has-very-light-gray-color has-vivid-cyan-blue-background-color has-text-color has-background wp-block-paragraph\"> E-mail:&nbsp;info@adhilac.com.ar <\/p>\n\n\n\n<p class=\"has-very-light-gray-color has-vivid-cyan-blue-background-color has-text-color has-background wp-block-paragraph\"> Twitter: @AdhilacInfo <\/p>\n\n\n\n<div class=\"wp-block-image\"><figure class=\"aligncenter size-large\"><img loading=\"lazy\" decoding=\"async\" width=\"85\" height=\"85\" src=\"https:\/\/adhilac.com.ar\/wp-content\/uploads\/2015\/02\/Logo-ADHILAC-Internacional-PEQ.jpg\" alt=\"\" class=\"wp-image-10473\"\/><\/figure><\/div>\n\n\n\n<p class=\"wp-block-paragraph\">Ver <a href=\"https:\/\/adhilac.com.ar\/?page_id=541\">Presentaci\u00f3n de ADHILAC<\/a><\/p>\n\n\n\n<div class=\"wp-block-group\"><div class=\"wp-block-group__inner-container is-layout-flow wp-block-group-is-layout-flow\">\n<p class=\"has-text-align-center has-very-light-gray-color has-vivid-cyan-blue-background-color has-text-color has-background wp-block-paragraph\"><strong><a href=\"https:\/\/adhilac.com.ar\/?page_id=541\">QUIENES SOMOS<\/a><\/strong><\/p>\n\n\n\n<p class=\"has-text-align-center has-vivid-cyan-blue-color has-very-light-gray-background-color has-text-color has-background wp-block-paragraph\"><strong><a href=\"https:\/\/adhilac.com.ar\/?page_id=15507\">DIRECTIVA DE ADHILAC INTERNACIONAL<\/a><\/strong><\/p>\n\n\n\n<p class=\"has-text-align-center has-very-light-gray-color has-vivid-cyan-blue-background-color has-text-color has-background wp-block-paragraph\"><strong><a href=\"https:\/\/adhilac.com.ar\/?page_id=267\">Declaraci\u00f3n de Caracas de ADHILAC (2007)<\/a><\/strong><\/p>\n\n\n\n<p class=\"has-text-align-center has-vivid-cyan-blue-color has-very-light-gray-background-color has-text-color has-background wp-block-paragraph\"><strong><a href=\"https:\/\/adhilac.com.ar\/?page_id=15873\">ADHILAC: Historia &#8211; Historidorxs<\/a><\/strong><\/p>\n\n\n\n<p class=\"has-text-align-center has-very-light-gray-color has-vivid-cyan-blue-background-color has-text-color has-background wp-block-paragraph\"><strong><a href=\"https:\/\/adhilac.com.ar\/?page_id=15876\">ADHILAC 20 a\u00f1os despu\u00e9s (1974-1994)<\/a> <\/strong><\/p>\n\n\n\n<p class=\"has-text-align-center has-vivid-cyan-blue-color has-very-light-gray-background-color has-text-color has-background wp-block-paragraph\"><strong><a href=\"https:\/\/adhilac.com.ar\/?page_id=15861\">ADHILAC Breve Historia<\/a> <\/strong><\/p>\n\n\n\n<p class=\"has-text-align-center has-very-light-gray-color has-vivid-cyan-blue-background-color has-text-color has-background wp-block-paragraph\"><strong><a href=\"https:\/\/adhilac.com.ar\/?page_id=15887\">ADHILAC: Miembrxs fundadores<\/a><\/strong><\/p>\n\n\n\n<p class=\"has-text-align-center has-vivid-cyan-blue-color has-very-light-gray-background-color has-text-color has-background wp-block-paragraph\"><strong><a href=\"https:\/\/adhilac.com.ar\/?page_id=15943\">ADHILAC: Historiadorxs Destacadxs<\/a><\/strong><\/p>\n\n\n\n<p class=\"has-text-align-center has-very-light-gray-color has-vivid-cyan-blue-background-color has-text-color has-background wp-block-paragraph\"><strong><a href=\"https:\/\/adhilac.com.ar\/?page_id=4779\">SOCIXS<\/a><\/strong><\/p>\n\n\n\n<p class=\"has-text-align-center has-vivid-cyan-blue-color has-very-light-gray-background-color has-text-color has-background wp-block-paragraph\"><strong><a href=\"https:\/\/adhilac.com.ar\/?page_id=263\">Estatutos de ADHILAC<\/a><\/strong><\/p>\n\n\n\n<p class=\"has-text-align-center has-very-light-gray-color has-vivid-cyan-blue-background-color has-text-color has-background wp-block-paragraph\"><strong><a href=\"https:\/\/adhilac.com.ar\/?page_id=8220\">BICENTENARIO<\/a><\/strong><\/p>\n\n\n\n<p class=\"has-text-align-center has-vivid-cyan-blue-color has-very-light-gray-background-color has-text-color has-background wp-block-paragraph\"><strong><a href=\"https:\/\/adhilac.com.ar\/?page_id=8279\">BIBLIOTECA<\/a><\/strong><\/p>\n\n\n\n<p class=\"has-text-align-center has-very-light-gray-color has-vivid-cyan-blue-background-color has-text-color has-background wp-block-paragraph\"><strong><a href=\"https:\/\/adhilac.com.ar\/?page_id=1698\">ENLACES<\/a> <\/strong><\/p>\n\n\n\n<p class=\"has-text-align-center has-vivid-cyan-blue-color has-very-light-gray-background-color has-text-color has-background wp-block-paragraph\"><a href=\"http:\/\/www.ariadnatucma.com.ar\">VISITE ARIADNA TUCMA REVISTA LATINOAMERICANA<\/a><\/p>\n<\/div><\/div>\n","protected":false},"excerpt":{"rendered":"<p>El experto ofreci\u00f3 la conferencia inaugural del XXIII Coloquio de Historia Canario Americana este lunes en la Casa de Col\u00f3n \u00a0 \u00a0 \u00a0 \u00a0 \u00a0 Alberto Garc\u00eda Saleh 08.10.2018 | 13:53 Sergio Guerra: \u00abTras la colonizaci\u00f3n espa\u00f1ola La Habana se transform\u00f3 totalmente en quince a\u00f1os\u00bb El catedr\u00e1tico de la Universidad de La Habana,\u00a0Sergio Guerra Vilaboy, [&hellip;]<\/p>\n","protected":false},"author":2,"featured_media":0,"comment_status":"closed","ping_status":"closed","sticky":false,"template":"","format":"standard","meta":{"_crdt_document":"","footnotes":""},"categories":[3],"tags":[791,158],"class_list":["post-14357","post","type-post","status-publish","format-standard","hentry","category-adhilac-inter","tag-canarias","tag-historia-de-america"],"_links":{"self":[{"href":"https:\/\/adhilac.com.ar\/index.php?rest_route=\/wp\/v2\/posts\/14357","targetHints":{"allow":["GET"]}}],"collection":[{"href":"https:\/\/adhilac.com.ar\/index.php?rest_route=\/wp\/v2\/posts"}],"about":[{"href":"https:\/\/adhilac.com.ar\/index.php?rest_route=\/wp\/v2\/types\/post"}],"author":[{"embeddable":true,"href":"https:\/\/adhilac.com.ar\/index.php?rest_route=\/wp\/v2\/users\/2"}],"replies":[{"embeddable":true,"href":"https:\/\/adhilac.com.ar\/index.php?rest_route=%2Fwp%2Fv2%2Fcomments&post=14357"}],"version-history":[{"count":3,"href":"https:\/\/adhilac.com.ar\/index.php?rest_route=\/wp\/v2\/posts\/14357\/revisions"}],"predecessor-version":[{"id":17153,"href":"https:\/\/adhilac.com.ar\/index.php?rest_route=\/wp\/v2\/posts\/14357\/revisions\/17153"}],"wp:attachment":[{"href":"https:\/\/adhilac.com.ar\/index.php?rest_route=%2Fwp%2Fv2%2Fmedia&parent=14357"}],"wp:term":[{"taxonomy":"category","embeddable":true,"href":"https:\/\/adhilac.com.ar\/index.php?rest_route=%2Fwp%2Fv2%2Fcategories&post=14357"},{"taxonomy":"post_tag","embeddable":true,"href":"https:\/\/adhilac.com.ar\/index.php?rest_route=%2Fwp%2Fv2%2Ftags&post=14357"}],"curies":[{"name":"wp","href":"https:\/\/api.w.org\/{rel}","templated":true}]}}