{"id":14384,"date":"2018-10-11T18:04:54","date_gmt":"2018-10-11T21:04:54","guid":{"rendered":"https:\/\/adhilac.com.ar\/?p=14384"},"modified":"2020-08-26T17:54:34","modified_gmt":"2020-08-26T20:54:34","slug":"dr-sergio-guerra-vilaboy-y-la-historia-de-la-habana-en-xxiii-coloquio-de-historia-carnario-americana-de-la-casa-de-colon","status":"publish","type":"post","link":"https:\/\/adhilac.com.ar\/?p=14384","title":{"rendered":"Dr. Sergio Guerra Vilaboy y la historia de La Habana en XXIII Coloquio de Historia Carnario-Americana de la Casa de Col\u00f3n"},"content":{"rendered":"<div id=\"yui_3_16_0_ym19_1_1539320805779_4588\">\n<div id=\"yui_3_16_0_ym19_1_1539320805779_4589\">\n<h4 id=\"yui_3_16_0_ym19_1_1539320805779_4596\" style=\"text-align: center;\"><img loading=\"lazy\" decoding=\"async\" id=\"yui_3_16_0_ym19_1_1539320805779_4612\" class=\"aligncenter\" src=\"http:\/\/www.grancanariacultura.com\/documents\/7531811\/7959219\/El+presidente+de+Adhilac+Sergio+Guerra+Vilaboy+en+la+Casa+de+Col%C3%B3n+%28foto+%C3%81ngel+Medina+G%29\/8252871f-99a0-4cb4-ba91-6ddf38627af9?t=1539079745818&amp;width=400\" alt=\"\" width=\"320\" height=\"213\" \/><span style=\"color: #993300;\">EL PRESIDENTE DE LOS HISTORIADORES DE LATINOAM\u00c9RICA Y EL CARIBE EJERCE DE \u2018GU\u00cdA\u2019 POR LA HABANA QUE LLEG\u00d3 A SER \u201cLA LLAVE DEL NUEVO MUNDO\u201d<\/span><\/h4>\n<div id=\"yui_3_16_0_ym19_1_1539320805779_4597\">\n<div id=\"yui_3_16_0_ym19_1_1539320805779_4598\" style=\"text-align: justify;\">La Habana es una historia que dura ya quinientos a\u00f1os. El cubano Sergio Guerra Vilaboy, presidente de la Asociaci\u00f3n de Historiadores Latinoamericanos y del Caribe (Adhilac), condujo hoy un recorrido hist\u00f3rico por las distintas fases de una ciudad que, seg\u00fan explic\u00f3, \u201clleg\u00f3 a ocupar un lugar central y a ser la llave del Nuevo Mundo\u201d.<!--more--><\/div>\n<div id=\"yui_3_16_0_ym19_1_1539320805779_4599\" style=\"text-align: justify;\">Este viaje en el tiempo y por las distintas etapas hist\u00f3ricas de la capital cubana ha tenido lugar en el seno del XXIII Coloquio de Historia Canario-Americana de la Casa de Col\u00f3n, que se celebra junto al XII Encuentro Internacional de la Adhilac, en una conferencia inaugural de Vilaboy denominada \u2018La Habana en su V Centenario\u2019 celebrada en este museo del Cabildo de Gran Canaria.<\/div>\n<div id=\"yui_3_16_0_ym19_1_1539320805779_4600\" style=\"text-align: justify;\">Vilaboy, ante un numeroso p\u00fablico y en una intervenci\u00f3n acompa\u00f1ada de numerosas y sugerentes im\u00e1genes, abord\u00f3 su configuraci\u00f3n urban\u00edstica o aspectos econ\u00f3micos y demogr\u00e1ficos, entre ellos algunos que se\u00f1alan que en los a\u00f1os cincuenta del siglo pasado el cuarenta por ciento de la econom\u00eda de la ciudad giraba alrededor de negocios e industrias encabezadas por espa\u00f1oles, incluidos canarios y canarias.<\/div>\n<div id=\"yui_3_16_0_ym19_1_1539320805779_4601\" style=\"text-align: justify;\">El profesor matiz\u00f3 que el auge de La Habana, cristalizado en una urbe que alcanz\u00f3 los 116 kil\u00f3metros cuadrados de extensi\u00f3n en los a\u00f1os veinte, se vio truncado por el bloqueo comercial de los Estados Unidos, lo que tambi\u00e9n afect\u00f3 a los nexos con Canarias, a lo que contribuye el hecho de que las islas viven un momento econ\u00f3mico tambi\u00e9n muy distinto al que deriv\u00f3 tanta poblaci\u00f3n hacia la perla caribe\u00f1a.<\/div>\n<div id=\"yui_3_16_0_ym19_1_1539320805779_4602\" style=\"text-align: justify;\">\u201cPero aunque esa intensidad en la relaci\u00f3n ya no sea la misma\u201d, precis\u00f3 Vilaboy, \u201ccompartimos una identidad en cuanto a cultura e idiosincrasia\u201d. La realidad hist\u00f3rica de La Habana ha sido otro de los frentes abordados en la primera jornada de un encuentro que congrega en la Casa de Col\u00f3n del Cabildo de Gran Canaria a un total de 241 especialistas de dieciocho nacionalidades hasta el pr\u00f3ximo viernes.<\/div>\n<div id=\"yui_3_16_0_ym19_1_1539320805779_4603\" style=\"text-align: justify;\">\u00a0<\/div>\n<div style=\"text-align: justify;\">\n<div><a id=\"yui_3_16_0_ym19_1_1539320805779_4614\" title=\"El presidente de Adhilac Sergio Guerra Vilaboy en la Casa de Col\u00f3n\" href=\"http:\/\/www.grancanariacultura.com\/documents\/7531811\/7959219\/Sergio+Guerra+Vilaboy+en+la+Casa+de+Col%C3%B3n+%28foto+%C3%81ngel+Medina+G%29\/b60d1416-cd78-4e02-859a-f03552427007?t=1539079364902&amp;img.jpg\" rel=\"group\"><img decoding=\"async\" id=\"yui_3_16_0_ym19_1_1539320805779_4615\" class=\"aligncenter\" src=\"http:\/\/www.grancanariacultura.com\/documents\/7531811\/7959219\/Sergio+Guerra+Vilaboy+en+la+Casa+de+Col%C3%B3n+%28foto+%C3%81ngel+Medina+G%29\/b60d1416-cd78-4e02-859a-f03552427007?t=1539079364902&amp;width=400\" alt=\"El presidente de Adhilac Sergio Guerra Vilaboy en la Casa de Col\u00f3n\" \/><\/a><\/div>\n<div id=\"yui_3_16_0_ym19_1_1539320805779_4617\" dir=\"ltr\">El presidente de Adhilac Sergio Guerra Vilaboy en la Casa de Col\u00f3n<\/div>\n<\/div>\n<div style=\"text-align: justify;\">La notable presencia de \u2018la otra orilla\u2019 cristaliza en la participaci\u00f3n de 62 acad\u00e9micos y acad\u00e9micas llegadas de once pa\u00edses americanos (Argentina, Brasil, Chile, Colombia, Trinidad y Tobago, Uruguay, Costa Rica, Cuba, Estados Unidos, M\u00e9xico y Puerto Rico), a los que se suman historiadores e historiadoras de Alemania, Francia, Holanda, Polonia, Portugal y el Reino Unido, as\u00ed como 45 de distintas universidades espa\u00f1olas.<\/div>\n<div id=\"yui_3_16_0_ym19_1_1539320805779_4604\" style=\"text-align: justify;\">Por otro lado, el Coloquio certifica su condici\u00f3n de semillero y palanca de la investigaci\u00f3n hist\u00f3rica hecha en Canarias con la inscripci\u00f3n de 118 investigadores e investigadoras del conjunto del archipi\u00e9lago.<\/div>\n<div id=\"yui_3_16_0_ym19_1_1539320805779_4605\" style=\"text-align: justify;\">Toda la informaci\u00f3n disponible y actualizada sobre el XXIII Coloquio de Historia Canario-Americana estar\u00e1 disponible en la siguiente direcci\u00f3n web:\u00a0\u00a0 <a id=\"yui_3_16_0_ym19_1_1539320805779_4606\" href=\"http:\/\/www.coloquiosdehistoriacanarioamericana.com\/\"><span id=\"yui_3_16_0_ym19_1_1539320805779_4607\" style=\"color: #0066cc;\">www.coloquiosdehistoriacanarioamericana.com<\/span><\/a><\/div>\n<\/div>\n<\/div>\n<\/div>\n\n\n<p class=\"has-very-light-gray-color has-vivid-cyan-blue-background-color has-text-color has-background wp-block-paragraph\"><strong>Publicado por ADHILAC Internacional \u00a9 www.adhilac.com.ar<\/strong><\/p>\n\n\n\n<p class=\"has-vivid-cyan-blue-color has-very-light-gray-background-color has-text-color has-background wp-block-paragraph\"> Si Ud. desea asociarse de acuerdo a los Estatutos de ADHILAC&nbsp;<a href=\"https:\/\/adhilac.com.ar\/?page_id=263\">(ver)<\/a> complete el siguiente formulario&nbsp;(<a href=\"https:\/\/adhilac.com.ar\/?page_id=4779\">ver<\/a>)<\/p>\n\n\n\n<p class=\"has-very-light-gray-color has-vivid-cyan-blue-background-color has-text-color has-background wp-block-paragraph\"> E-mail:&nbsp;info@adhilac.com.ar <\/p>\n\n\n\n<p class=\"has-very-light-gray-color has-vivid-cyan-blue-background-color has-text-color has-background wp-block-paragraph\"> Twitter: @AdhilacInfo <\/p>\n\n\n\n<div class=\"wp-block-image\"><figure class=\"aligncenter size-large\"><img loading=\"lazy\" decoding=\"async\" width=\"85\" height=\"85\" src=\"https:\/\/adhilac.com.ar\/wp-content\/uploads\/2015\/02\/Logo-ADHILAC-Internacional-PEQ.jpg\" alt=\"\" class=\"wp-image-10473\"\/><\/figure><\/div>\n\n\n\n<p class=\"wp-block-paragraph\">Ver <a href=\"https:\/\/adhilac.com.ar\/?page_id=541\">Presentaci\u00f3n de ADHILAC<\/a><\/p>\n\n\n\n<div class=\"wp-block-group\"><div class=\"wp-block-group__inner-container is-layout-flow wp-block-group-is-layout-flow\">\n<p class=\"has-text-align-center has-very-light-gray-color has-vivid-cyan-blue-background-color has-text-color has-background wp-block-paragraph\"><strong><a href=\"https:\/\/adhilac.com.ar\/?page_id=541\">QUIENES SOMOS<\/a><\/strong><\/p>\n\n\n\n<p class=\"has-text-align-center has-vivid-cyan-blue-color has-very-light-gray-background-color has-text-color has-background wp-block-paragraph\"><strong><a href=\"https:\/\/adhilac.com.ar\/?page_id=15507\">DIRECTIVA DE ADHILAC INTERNACIONAL<\/a><\/strong><\/p>\n\n\n\n<p class=\"has-text-align-center has-very-light-gray-color has-vivid-cyan-blue-background-color has-text-color has-background wp-block-paragraph\"><strong><a href=\"https:\/\/adhilac.com.ar\/?page_id=267\">Declaraci\u00f3n de Caracas de ADHILAC (2007)<\/a><\/strong><\/p>\n\n\n\n<p class=\"has-text-align-center has-vivid-cyan-blue-color has-very-light-gray-background-color has-text-color has-background wp-block-paragraph\"><strong><a href=\"https:\/\/adhilac.com.ar\/?page_id=15873\">ADHILAC: Historia &#8211; Historidorxs<\/a><\/strong><\/p>\n\n\n\n<p class=\"has-text-align-center has-very-light-gray-color has-vivid-cyan-blue-background-color has-text-color has-background wp-block-paragraph\"><strong><a href=\"https:\/\/adhilac.com.ar\/?page_id=15876\">ADHILAC 20 a\u00f1os despu\u00e9s (1974-1994)<\/a> <\/strong><\/p>\n\n\n\n<p class=\"has-text-align-center has-vivid-cyan-blue-color has-very-light-gray-background-color has-text-color has-background wp-block-paragraph\"><strong><a href=\"https:\/\/adhilac.com.ar\/?page_id=15861\">ADHILAC Breve Historia<\/a> <\/strong><\/p>\n\n\n\n<p class=\"has-text-align-center has-very-light-gray-color has-vivid-cyan-blue-background-color has-text-color has-background wp-block-paragraph\"><strong><a href=\"https:\/\/adhilac.com.ar\/?page_id=15887\">ADHILAC: Miembrxs fundadores<\/a><\/strong><\/p>\n\n\n\n<p class=\"has-text-align-center has-vivid-cyan-blue-color has-very-light-gray-background-color has-text-color has-background wp-block-paragraph\"><strong><a href=\"https:\/\/adhilac.com.ar\/?page_id=15943\">ADHILAC: Historiadorxs Destacadxs<\/a><\/strong><\/p>\n\n\n\n<p class=\"has-text-align-center has-very-light-gray-color has-vivid-cyan-blue-background-color has-text-color has-background wp-block-paragraph\"><strong><a href=\"https:\/\/adhilac.com.ar\/?page_id=4779\">SOCIXS<\/a><\/strong><\/p>\n\n\n\n<p class=\"has-text-align-center has-vivid-cyan-blue-color has-very-light-gray-background-color has-text-color has-background wp-block-paragraph\"><strong><a href=\"https:\/\/adhilac.com.ar\/?page_id=263\">Estatutos de ADHILAC<\/a><\/strong><\/p>\n\n\n\n<p class=\"has-text-align-center has-very-light-gray-color has-vivid-cyan-blue-background-color has-text-color has-background wp-block-paragraph\"><strong><a href=\"https:\/\/adhilac.com.ar\/?page_id=8220\">BICENTENARIO<\/a><\/strong><\/p>\n\n\n\n<p class=\"has-text-align-center has-vivid-cyan-blue-color has-very-light-gray-background-color has-text-color has-background wp-block-paragraph\"><strong><a href=\"https:\/\/adhilac.com.ar\/?page_id=8279\">BIBLIOTECA<\/a><\/strong><\/p>\n\n\n\n<p class=\"has-text-align-center has-very-light-gray-color has-vivid-cyan-blue-background-color has-text-color has-background wp-block-paragraph\"><strong><a href=\"https:\/\/adhilac.com.ar\/?page_id=1698\">ENLACES<\/a> <\/strong><\/p>\n\n\n\n<p class=\"has-text-align-center has-vivid-cyan-blue-color has-very-light-gray-background-color has-text-color has-background wp-block-paragraph\"><a href=\"http:\/\/www.ariadnatucma.com.ar\">VISITE ARIADNA TUCMA REVISTA LATINOAMERICANA<\/a><\/p>\n<\/div><\/div>\n","protected":false},"excerpt":{"rendered":"<p>EL PRESIDENTE DE LOS HISTORIADORES DE LATINOAM\u00c9RICA Y EL CARIBE EJERCE DE \u2018GU\u00cdA\u2019 POR LA HABANA QUE LLEG\u00d3 A SER \u201cLA LLAVE DEL NUEVO MUNDO\u201d La Habana es una historia que dura ya quinientos a\u00f1os. El cubano Sergio Guerra Vilaboy, presidente de la Asociaci\u00f3n de Historiadores Latinoamericanos y del Caribe (Adhilac), condujo hoy un recorrido [&hellip;]<\/p>\n","protected":false},"author":2,"featured_media":0,"comment_status":"closed","ping_status":"closed","sticky":false,"template":"","format":"standard","meta":{"_crdt_document":"","footnotes":""},"categories":[5,40],"tags":[791,199],"class_list":["post-14384","post","type-post","status-publish","format-standard","hentry","category-congresos","category-informaciones","tag-canarias","tag-historia-latinoamericana-y-del-caribe"],"_links":{"self":[{"href":"https:\/\/adhilac.com.ar\/index.php?rest_route=\/wp\/v2\/posts\/14384","targetHints":{"allow":["GET"]}}],"collection":[{"href":"https:\/\/adhilac.com.ar\/index.php?rest_route=\/wp\/v2\/posts"}],"about":[{"href":"https:\/\/adhilac.com.ar\/index.php?rest_route=\/wp\/v2\/types\/post"}],"author":[{"embeddable":true,"href":"https:\/\/adhilac.com.ar\/index.php?rest_route=\/wp\/v2\/users\/2"}],"replies":[{"embeddable":true,"href":"https:\/\/adhilac.com.ar\/index.php?rest_route=%2Fwp%2Fv2%2Fcomments&post=14384"}],"version-history":[{"count":2,"href":"https:\/\/adhilac.com.ar\/index.php?rest_route=\/wp\/v2\/posts\/14384\/revisions"}],"predecessor-version":[{"id":17151,"href":"https:\/\/adhilac.com.ar\/index.php?rest_route=\/wp\/v2\/posts\/14384\/revisions\/17151"}],"wp:attachment":[{"href":"https:\/\/adhilac.com.ar\/index.php?rest_route=%2Fwp%2Fv2%2Fmedia&parent=14384"}],"wp:term":[{"taxonomy":"category","embeddable":true,"href":"https:\/\/adhilac.com.ar\/index.php?rest_route=%2Fwp%2Fv2%2Fcategories&post=14384"},{"taxonomy":"post_tag","embeddable":true,"href":"https:\/\/adhilac.com.ar\/index.php?rest_route=%2Fwp%2Fv2%2Ftags&post=14384"}],"curies":[{"name":"wp","href":"https:\/\/api.w.org\/{rel}","templated":true}]}}