{"id":14562,"date":"2018-11-17T11:31:06","date_gmt":"2018-11-17T14:31:06","guid":{"rendered":"https:\/\/adhilac.com.ar\/?p=14562"},"modified":"2020-08-24T18:32:04","modified_gmt":"2020-08-24T21:32:04","slug":"presentacion-de-dictaduras-del-caribe-en-uninorte-barranquilla-colombia-13-de-noviembre-de-2018-2","status":"publish","type":"post","link":"https:\/\/adhilac.com.ar\/?p=14562","title":{"rendered":"Presentaci\u00f3n de \u00abDictaduras del Caribe\u00bb en Uninorte. Barranquilla. Colombia. 13 de noviembre de 2018."},"content":{"rendered":"<h3 id=\"yui_3_16_0_ym19_1_1542453536783_2305\" style=\"text-align: justify;\"><span style=\"color: #339966;\">El libro que identifica la interrelaci\u00f3n de las dictaduras del Caribe<\/span><\/h3>\n<p style=\"text-align: justify;\">Por Omar David Alvarez<\/p>\n<div id=\"yui_3_16_0_ym19_1_1542453536783_2308\" style=\"text-align: justify;\">\n<div id=\"yui_3_16_0_ym19_1_1542453536783_2309\"><img loading=\"lazy\" decoding=\"async\" id=\"yui_3_16_0_ym19_1_1542453536783_2310\" class=\"aligncenter\" src=\"https:\/\/www.uninorte.edu.co\/documents\/73923\/11965666\/2018-11-13+LANZAMIENTO+DEL+LIBRO+DICTADURAS+DEL+CARIBE2.JPG\/ea80b9bc-efa0-4289-a761-d22415020951?t=1542337617157\" alt=\"\" width=\"400\" height=\"230\" \/>Roberto Gonz\u00e1lez y Sergio Guerra, autores del libro\u00a0<em>Dictaduras del Caribe estudio comparado.<\/em><\/div>\n<div><em>\u00a0<\/em><\/div>\n<div>\u00a0<\/div>\n<div>A trav\u00e9s de un conversatorio con los autores, Sergio Guerra Vilaboy y Roberto Gonz\u00e1lez Arana, se hizo la presentaci\u00f3n oficial del libro \u2018Dictaduras del Caribe\u2019 en Uninorte.<\/div>\n<div>\u00a0<\/div>\n<div>El texto es un estudio comparado de las tiran\u00edas de Juan vicente G\u00f3mez, Gerardo Machado, Fulgencio Batista, Leonidas Trujillo, los Somoza y los Duvalier, todos dictadores reconocidos del siglo XX por sus periodos de terror en Venezuela, Cuba, Rep\u00fablica Dominicana y Hait\u00ed.<!--more--><\/div>\n<div id=\"yui_3_16_0_ym19_1_1542453536783_2309\">\n<p>Los asistentes al evento pudieron conocer de primera mano\u00a0el origen de la publicaci\u00f3n, el enfoque que \u00e9sta\u00a0tiene y c\u00f3mo se decidi\u00f3 los pa\u00edses que hacen parte del an\u00e1lisis. \u201cAunque las dictaduras se apoderaron de Latinoam\u00e9rica en el siglo XX, el libro incluye aquellas que se desarrollaron alrededor del Caribe para poder ser comparables\u201d, mencion\u00f3 el cubano Sergio Guerra Vilaboy,\u00a0doctor en Historia.<\/p>\n<p><span style=\"color: #ffffff;\">.<\/span><\/p>\n<\/div>\n<\/div>\n<div id=\"yui_3_16_0_ym19_1_1542453536783_2327\" style=\"text-align: justify;\">Los historiadores decidieron realizar esta investigaci\u00f3n porque encontraron suficiente material que hablara sobre las dictaduras del Caribe de forma individual, pero no hab\u00eda una comparaci\u00f3n. \u201cYa las dictaduras han sido retratadas desde el cine, la literatura, la prensa y la academia, pero a\u00fan hay muchas oportunidades de interrelacionarlas para encontrar semejanzas y diferencias\u201d, explic\u00f3 Roberto Gonz\u00e1lez, docente del departamento de Historia y Ciencias Sociales de\u00a0Uninorte.<\/div>\n<div style=\"text-align: justify;\"><span style=\"color: #ffffff;\">.<\/span><\/div>\n<div dir=\"ltr\" style=\"text-align: justify;\"><a href=\"https:\/\/adhilac.com.ar\/wp-content\/uploads\/2018\/10\/dictaduras-del-Caribe-1.jpg\"><img loading=\"lazy\" decoding=\"async\" class=\"aligncenter\" title=\"dictaduras del Caribe (1)\" src=\"https:\/\/adhilac.com.ar\/wp-content\/uploads\/2018\/10\/dictaduras-del-Caribe-1-637x1024.jpg\" alt=\"\" width=\"312\" height=\"502\" \/><\/a><\/div>\n<div dir=\"ltr\" style=\"text-align: justify;\"><span style=\"color: #ffffff;\">#<\/span><\/div>\n\n\n<p class=\"has-very-light-gray-color has-vivid-cyan-blue-background-color has-text-color has-background wp-block-paragraph\"><strong>Publicado por ADHILAC Internacional \u00a9 www.adhilac.com.ar<\/strong><\/p>\n\n\n\n<p class=\"has-vivid-cyan-blue-color has-very-light-gray-background-color has-text-color has-background wp-block-paragraph\"> Si Ud. desea asociarse de acuerdo a los Estatutos de ADHILAC&nbsp;<a href=\"https:\/\/adhilac.com.ar\/?page_id=263\">(ver)<\/a> complete el siguiente formulario&nbsp;(<a href=\"https:\/\/adhilac.com.ar\/?page_id=4779\">ver<\/a>)<\/p>\n\n\n\n<p class=\"has-very-light-gray-color has-vivid-cyan-blue-background-color has-text-color has-background wp-block-paragraph\"> E-mail:&nbsp;info@adhilac.com.ar <\/p>\n\n\n\n<p class=\"has-very-light-gray-color has-vivid-cyan-blue-background-color has-text-color has-background wp-block-paragraph\"> Twitter: @AdhilacInfo <\/p>\n\n\n\n<div class=\"wp-block-image\"><figure class=\"aligncenter size-large\"><img loading=\"lazy\" decoding=\"async\" width=\"85\" height=\"85\" src=\"https:\/\/adhilac.com.ar\/wp-content\/uploads\/2015\/02\/Logo-ADHILAC-Internacional-PEQ.jpg\" alt=\"\" class=\"wp-image-10473\"\/><\/figure><\/div>\n\n\n\n<p class=\"wp-block-paragraph\">Ver <a href=\"https:\/\/adhilac.com.ar\/?page_id=541\">Presentaci\u00f3n de ADHILAC<\/a><\/p>\n\n\n\n<div class=\"wp-block-group\"><div class=\"wp-block-group__inner-container is-layout-flow wp-block-group-is-layout-flow\">\n<p class=\"has-text-align-center has-very-light-gray-color has-vivid-cyan-blue-background-color has-text-color has-background wp-block-paragraph\"><strong><a href=\"https:\/\/adhilac.com.ar\/?page_id=541\">QUIENES SOMOS<\/a><\/strong><\/p>\n\n\n\n<p class=\"has-text-align-center has-vivid-cyan-blue-color has-very-light-gray-background-color has-text-color has-background wp-block-paragraph\"><strong><a href=\"https:\/\/adhilac.com.ar\/?page_id=15507\">DIRECTIVA DE ADHILAC INTERNACIONAL<\/a><\/strong><\/p>\n\n\n\n<p class=\"has-text-align-center has-very-light-gray-color has-vivid-cyan-blue-background-color has-text-color has-background wp-block-paragraph\"><strong><a href=\"https:\/\/adhilac.com.ar\/?page_id=267\">Declaraci\u00f3n de Caracas de ADHILAC (2007)<\/a><\/strong><\/p>\n\n\n\n<p class=\"has-text-align-center has-vivid-cyan-blue-color has-very-light-gray-background-color has-text-color has-background wp-block-paragraph\"><strong><a href=\"https:\/\/adhilac.com.ar\/?page_id=15873\">ADHILAC: Historia &#8211; Historidorxs<\/a><\/strong><\/p>\n\n\n\n<p class=\"has-text-align-center has-very-light-gray-color has-vivid-cyan-blue-background-color has-text-color has-background wp-block-paragraph\"><strong><a href=\"https:\/\/adhilac.com.ar\/?page_id=15876\">ADHILAC 20 a\u00f1os despu\u00e9s (1974-1994)<\/a> <\/strong><\/p>\n\n\n\n<p class=\"has-text-align-center has-vivid-cyan-blue-color has-very-light-gray-background-color has-text-color has-background wp-block-paragraph\"><strong><a href=\"https:\/\/adhilac.com.ar\/?page_id=15861\">ADHILAC Breve Historia<\/a> <\/strong><\/p>\n\n\n\n<p class=\"has-text-align-center has-very-light-gray-color has-vivid-cyan-blue-background-color has-text-color has-background wp-block-paragraph\"><strong><a href=\"https:\/\/adhilac.com.ar\/?page_id=15887\">ADHILAC: Miembrxs fundadores<\/a><\/strong><\/p>\n\n\n\n<p class=\"has-text-align-center has-vivid-cyan-blue-color has-very-light-gray-background-color has-text-color has-background wp-block-paragraph\"><strong><a href=\"https:\/\/adhilac.com.ar\/?page_id=15943\">ADHILAC: Historiadorxs Destacadxs<\/a><\/strong><\/p>\n\n\n\n<p class=\"has-text-align-center has-very-light-gray-color has-vivid-cyan-blue-background-color has-text-color has-background wp-block-paragraph\"><strong><a href=\"https:\/\/adhilac.com.ar\/?page_id=4779\">SOCIXS<\/a><\/strong><\/p>\n\n\n\n<p class=\"has-text-align-center has-vivid-cyan-blue-color has-very-light-gray-background-color has-text-color has-background wp-block-paragraph\"><strong><a href=\"https:\/\/adhilac.com.ar\/?page_id=263\">Estatutos de ADHILAC<\/a><\/strong><\/p>\n\n\n\n<p class=\"has-text-align-center has-very-light-gray-color has-vivid-cyan-blue-background-color has-text-color has-background wp-block-paragraph\"><strong><a href=\"https:\/\/adhilac.com.ar\/?page_id=8220\">BICENTENARIO<\/a><\/strong><\/p>\n\n\n\n<p class=\"has-text-align-center has-vivid-cyan-blue-color has-very-light-gray-background-color has-text-color has-background wp-block-paragraph\"><strong><a href=\"https:\/\/adhilac.com.ar\/?page_id=8279\">BIBLIOTECA<\/a><\/strong><\/p>\n\n\n\n<p class=\"has-text-align-center has-very-light-gray-color has-vivid-cyan-blue-background-color has-text-color has-background wp-block-paragraph\"><strong><a href=\"https:\/\/adhilac.com.ar\/?page_id=1698\">ENLACES<\/a> <\/strong><\/p>\n\n\n\n<p class=\"has-text-align-center has-vivid-cyan-blue-color has-very-light-gray-background-color has-text-color has-background wp-block-paragraph\"><a href=\"http:\/\/www.ariadnatucma.com.ar\">VISITE ARIADNA TUCMA REVISTA LATINOAMERICANA<\/a><\/p>\n<\/div><\/div>\n","protected":false},"excerpt":{"rendered":"<p>El libro que identifica la interrelaci\u00f3n de las dictaduras del Caribe Por Omar David Alvarez Roberto Gonz\u00e1lez y Sergio Guerra, autores del libro\u00a0Dictaduras del Caribe estudio comparado. \u00a0 \u00a0 A trav\u00e9s de un conversatorio con los autores, Sergio Guerra Vilaboy y Roberto Gonz\u00e1lez Arana, se hizo la presentaci\u00f3n oficial del libro \u2018Dictaduras del Caribe\u2019 en [&hellip;]<\/p>\n","protected":false},"author":2,"featured_media":0,"comment_status":"closed","ping_status":"closed","sticky":false,"template":"","format":"standard","meta":{"_crdt_document":"","footnotes":""},"categories":[69,40,7],"tags":[148,181],"class_list":["post-14562","post","type-post","status-publish","format-standard","hentry","category-adhilac-colombia","category-informaciones","category-publicac-info","tag-caribe","tag-dictadura"],"_links":{"self":[{"href":"https:\/\/adhilac.com.ar\/index.php?rest_route=\/wp\/v2\/posts\/14562","targetHints":{"allow":["GET"]}}],"collection":[{"href":"https:\/\/adhilac.com.ar\/index.php?rest_route=\/wp\/v2\/posts"}],"about":[{"href":"https:\/\/adhilac.com.ar\/index.php?rest_route=\/wp\/v2\/types\/post"}],"author":[{"embeddable":true,"href":"https:\/\/adhilac.com.ar\/index.php?rest_route=\/wp\/v2\/users\/2"}],"replies":[{"embeddable":true,"href":"https:\/\/adhilac.com.ar\/index.php?rest_route=%2Fwp%2Fv2%2Fcomments&post=14562"}],"version-history":[{"count":4,"href":"https:\/\/adhilac.com.ar\/index.php?rest_route=\/wp\/v2\/posts\/14562\/revisions"}],"predecessor-version":[{"id":17131,"href":"https:\/\/adhilac.com.ar\/index.php?rest_route=\/wp\/v2\/posts\/14562\/revisions\/17131"}],"wp:attachment":[{"href":"https:\/\/adhilac.com.ar\/index.php?rest_route=%2Fwp%2Fv2%2Fmedia&parent=14562"}],"wp:term":[{"taxonomy":"category","embeddable":true,"href":"https:\/\/adhilac.com.ar\/index.php?rest_route=%2Fwp%2Fv2%2Fcategories&post=14562"},{"taxonomy":"post_tag","embeddable":true,"href":"https:\/\/adhilac.com.ar\/index.php?rest_route=%2Fwp%2Fv2%2Ftags&post=14562"}],"curies":[{"name":"wp","href":"https:\/\/api.w.org\/{rel}","templated":true}]}}