{"id":14568,"date":"2018-11-20T16:35:52","date_gmt":"2018-11-20T19:35:52","guid":{"rendered":"https:\/\/adhilac.com.ar\/?p=14568"},"modified":"2020-08-24T18:28:22","modified_gmt":"2020-08-24T21:28:22","slug":"el-salvador-presentacion-de-la-coleccion-de-historia-universal-en-4-tomos-de-universidad-de-la-habana-noviembre-2018","status":"publish","type":"post","link":"https:\/\/adhilac.com.ar\/?p=14568","title":{"rendered":"El Salvador: Presentaci\u00f3n  de la colecci\u00f3n de Historia Universal en 4 tomos de Universidad de La Habana. Noviembre 2018."},"content":{"rendered":"<div>\n<h3>PRESENTACION DE HISTORIA UNIVERSAL<\/h3>\n<p style=\"text-align: justify;\">El historiador de la Universidad de La Habana, Cuba, Sergio Guerra Vilaboy, habl\u00f3 de la importancia de la historia para comprender los escenarios del presente, en una entrevista realizada en el programa OPINIONES, en canal GENTEV\u00c9.<\/p>\n<p style=\"text-align: justify;\">El historiador cubano expres\u00f3 que el objetivo primordial de la creaci\u00f3n de un libro de Historia Universal, nace de idea de opacar la narrativa de libros de historia universal Euro centrista, donde los h\u00e9roes son solo los romanos y solo se destaca la historia de los pa\u00edses del continente europeo.<\/p>\n<p style=\"text-align: justify;\"><!--more--><\/p>\n<p style=\"text-align: justify;\">Detall\u00f3, la importancia que la ni\u00f1ez y juventud comprenda la Historia Universal, para que haya m\u00e1s an\u00e1lisis social, econ\u00f3mico, pol\u00edtico y de la vida cotidiana por parte de las nuevas generaciones.<\/p>\n<p style=\"text-align: justify;\">\u201cLa idea es que el lector pueda leerse el libro como leerse una novela, que lo lea todo y se lleve un panorama universal que no solo lleva relevancia para Europa, sino tambi\u00e9n da relevancia e incluye la historia de \u00c1frica, y de Latinoam\u00e9rica\u201d, dijo Guerra.<\/p>\n<p style=\"text-align: justify;\">Los autores del libro de Historia Universal fueron 7 profesores con altos niveles de preparaci\u00f3n y conocimiento de la historia. El historiador mencion\u00f3 que esta iniciativa naci\u00f3 en el coraz\u00f3n de Fidel Castro, a principios del siglo XXI cuando ten\u00eda el debate sobre ideas y dos canales en la Universidad de la Habana, Cuba.<\/p>\n<p style=\"text-align: justify;\">\u201cHacemos este esfuerzo para que los estudiantes se interesen por el mundo de la historia y sientan placer de leer y comprender de mejor manera la realidad gracias a la historia\u201d, manifest\u00f3.<\/p>\n<p style=\"text-align: justify;\">La colecci\u00f3n de la Historia Universal est\u00e1 conformada por 4 tomos de libros. Equipo Ma\u00edz contribuye a su impresi\u00f3n con 500 libros que ser\u00e1n llevados a Cuba y luego distribuidos en Centroam\u00e9rica.<\/p>\n<p style=\"text-align: justify;\">Fuente: Emma Ben\u00edtez \u00abCuba lanzan libro de historia universal\u00bb Verdad Digital. El Salvador. verdaddigital.com 19 de noviembre de 2018.<\/p>\n<\/div>\n\n\n<p class=\"has-very-light-gray-color has-vivid-cyan-blue-background-color has-text-color has-background wp-block-paragraph\"><strong>Publicado por ADHILAC Internacional \u00a9 www.adhilac.com.ar<\/strong><\/p>\n\n\n\n<p class=\"has-vivid-cyan-blue-color has-very-light-gray-background-color has-text-color has-background wp-block-paragraph\"> Si Ud. desea asociarse de acuerdo a los Estatutos de ADHILAC&nbsp;<a href=\"https:\/\/adhilac.com.ar\/?page_id=263\">(ver)<\/a> complete el siguiente formulario&nbsp;(<a href=\"https:\/\/adhilac.com.ar\/?page_id=4779\">ver<\/a>)<\/p>\n\n\n\n<p class=\"has-very-light-gray-color has-vivid-cyan-blue-background-color has-text-color has-background wp-block-paragraph\"> E-mail:&nbsp;info@adhilac.com.ar <\/p>\n\n\n\n<p class=\"has-very-light-gray-color has-vivid-cyan-blue-background-color has-text-color has-background wp-block-paragraph\"> Twitter: @AdhilacInfo <\/p>\n\n\n\n<div class=\"wp-block-image\"><figure class=\"aligncenter size-large\"><img loading=\"lazy\" decoding=\"async\" width=\"85\" height=\"85\" src=\"https:\/\/adhilac.com.ar\/wp-content\/uploads\/2015\/02\/Logo-ADHILAC-Internacional-PEQ.jpg\" alt=\"\" class=\"wp-image-10473\"\/><\/figure><\/div>\n\n\n\n<p class=\"wp-block-paragraph\">Ver <a href=\"https:\/\/adhilac.com.ar\/?page_id=541\">Presentaci\u00f3n de ADHILAC<\/a><\/p>\n\n\n\n<div class=\"wp-block-group\"><div class=\"wp-block-group__inner-container is-layout-flow wp-block-group-is-layout-flow\">\n<p class=\"has-text-align-center has-very-light-gray-color has-vivid-cyan-blue-background-color has-text-color has-background wp-block-paragraph\"><strong><a href=\"https:\/\/adhilac.com.ar\/?page_id=541\">QUIENES SOMOS<\/a><\/strong><\/p>\n\n\n\n<p class=\"has-text-align-center has-vivid-cyan-blue-color has-very-light-gray-background-color has-text-color has-background wp-block-paragraph\"><strong><a href=\"https:\/\/adhilac.com.ar\/?page_id=15507\">DIRECTIVA DE ADHILAC INTERNACIONAL<\/a><\/strong><\/p>\n\n\n\n<p class=\"has-text-align-center has-very-light-gray-color has-vivid-cyan-blue-background-color has-text-color has-background wp-block-paragraph\"><strong><a href=\"https:\/\/adhilac.com.ar\/?page_id=267\">Declaraci\u00f3n de Caracas de ADHILAC (2007)<\/a><\/strong><\/p>\n\n\n\n<p class=\"has-text-align-center has-vivid-cyan-blue-color has-very-light-gray-background-color has-text-color has-background wp-block-paragraph\"><strong><a href=\"https:\/\/adhilac.com.ar\/?page_id=15873\">ADHILAC: Historia &#8211; Historidorxs<\/a><\/strong><\/p>\n\n\n\n<p class=\"has-text-align-center has-very-light-gray-color has-vivid-cyan-blue-background-color has-text-color has-background wp-block-paragraph\"><strong><a href=\"https:\/\/adhilac.com.ar\/?page_id=15876\">ADHILAC 20 a\u00f1os despu\u00e9s (1974-1994)<\/a> <\/strong><\/p>\n\n\n\n<p class=\"has-text-align-center has-vivid-cyan-blue-color has-very-light-gray-background-color has-text-color has-background wp-block-paragraph\"><strong><a href=\"https:\/\/adhilac.com.ar\/?page_id=15861\">ADHILAC Breve Historia<\/a> <\/strong><\/p>\n\n\n\n<p class=\"has-text-align-center has-very-light-gray-color has-vivid-cyan-blue-background-color has-text-color has-background wp-block-paragraph\"><strong><a href=\"https:\/\/adhilac.com.ar\/?page_id=15887\">ADHILAC: Miembrxs fundadores<\/a><\/strong><\/p>\n\n\n\n<p class=\"has-text-align-center has-vivid-cyan-blue-color has-very-light-gray-background-color has-text-color has-background wp-block-paragraph\"><strong><a href=\"https:\/\/adhilac.com.ar\/?page_id=15943\">ADHILAC: Historiadorxs Destacadxs<\/a><\/strong><\/p>\n\n\n\n<p class=\"has-text-align-center has-very-light-gray-color has-vivid-cyan-blue-background-color has-text-color has-background wp-block-paragraph\"><strong><a href=\"https:\/\/adhilac.com.ar\/?page_id=4779\">SOCIXS<\/a><\/strong><\/p>\n\n\n\n<p class=\"has-text-align-center has-vivid-cyan-blue-color has-very-light-gray-background-color has-text-color has-background wp-block-paragraph\"><strong><a href=\"https:\/\/adhilac.com.ar\/?page_id=263\">Estatutos de ADHILAC<\/a><\/strong><\/p>\n\n\n\n<p class=\"has-text-align-center has-very-light-gray-color has-vivid-cyan-blue-background-color has-text-color has-background wp-block-paragraph\"><strong><a href=\"https:\/\/adhilac.com.ar\/?page_id=8220\">BICENTENARIO<\/a><\/strong><\/p>\n\n\n\n<p class=\"has-text-align-center has-vivid-cyan-blue-color has-very-light-gray-background-color has-text-color has-background wp-block-paragraph\"><strong><a href=\"https:\/\/adhilac.com.ar\/?page_id=8279\">BIBLIOTECA<\/a><\/strong><\/p>\n\n\n\n<p class=\"has-text-align-center has-very-light-gray-color has-vivid-cyan-blue-background-color has-text-color has-background wp-block-paragraph\"><strong><a href=\"https:\/\/adhilac.com.ar\/?page_id=1698\">ENLACES<\/a> <\/strong><\/p>\n\n\n\n<p class=\"has-text-align-center has-vivid-cyan-blue-color has-very-light-gray-background-color has-text-color has-background wp-block-paragraph\"><a href=\"http:\/\/www.ariadnatucma.com.ar\">VISITE ARIADNA TUCMA REVISTA LATINOAMERICANA<\/a><\/p>\n<\/div><\/div>\n","protected":false},"excerpt":{"rendered":"<p>PRESENTACION DE HISTORIA UNIVERSAL El historiador de la Universidad de La Habana, Cuba, Sergio Guerra Vilaboy, habl\u00f3 de la importancia de la historia para comprender los escenarios del presente, en una entrevista realizada en el programa OPINIONES, en canal GENTEV\u00c9. El historiador cubano expres\u00f3 que el objetivo primordial de la creaci\u00f3n de un libro de [&hellip;]<\/p>\n","protected":false},"author":2,"featured_media":0,"comment_status":"closed","ping_status":"closed","sticky":false,"template":"","format":"standard","meta":{"_crdt_document":"","footnotes":""},"categories":[40,7],"tags":[828],"class_list":["post-14568","post","type-post","status-publish","format-standard","hentry","category-informaciones","category-publicac-info","tag-historia-universal"],"_links":{"self":[{"href":"https:\/\/adhilac.com.ar\/index.php?rest_route=\/wp\/v2\/posts\/14568","targetHints":{"allow":["GET"]}}],"collection":[{"href":"https:\/\/adhilac.com.ar\/index.php?rest_route=\/wp\/v2\/posts"}],"about":[{"href":"https:\/\/adhilac.com.ar\/index.php?rest_route=\/wp\/v2\/types\/post"}],"author":[{"embeddable":true,"href":"https:\/\/adhilac.com.ar\/index.php?rest_route=\/wp\/v2\/users\/2"}],"replies":[{"embeddable":true,"href":"https:\/\/adhilac.com.ar\/index.php?rest_route=%2Fwp%2Fv2%2Fcomments&post=14568"}],"version-history":[{"count":6,"href":"https:\/\/adhilac.com.ar\/index.php?rest_route=\/wp\/v2\/posts\/14568\/revisions"}],"predecessor-version":[{"id":17128,"href":"https:\/\/adhilac.com.ar\/index.php?rest_route=\/wp\/v2\/posts\/14568\/revisions\/17128"}],"wp:attachment":[{"href":"https:\/\/adhilac.com.ar\/index.php?rest_route=%2Fwp%2Fv2%2Fmedia&parent=14568"}],"wp:term":[{"taxonomy":"category","embeddable":true,"href":"https:\/\/adhilac.com.ar\/index.php?rest_route=%2Fwp%2Fv2%2Fcategories&post=14568"},{"taxonomy":"post_tag","embeddable":true,"href":"https:\/\/adhilac.com.ar\/index.php?rest_route=%2Fwp%2Fv2%2Ftags&post=14568"}],"curies":[{"name":"wp","href":"https:\/\/api.w.org\/{rel}","templated":true}]}}