{"id":14642,"date":"2019-01-28T17:55:10","date_gmt":"2019-01-28T20:55:10","guid":{"rendered":"https:\/\/adhilac.com.ar\/?p=14642"},"modified":"2019-02-01T15:09:34","modified_gmt":"2019-02-01T18:09:34","slug":"9%c2%ba-congreso-ceisal-2019-europa-america-latina-y-el-caribe-1999-2019-20-anos-de-cooperacion-renovada-bucarest-29-31-de-julio-2019","status":"publish","type":"post","link":"https:\/\/adhilac.com.ar\/?p=14642","title":{"rendered":"9\u00ba Congreso CEISAL 2019 \u00abEuropa, Am\u00e9rica Latina y el Caribe: 1999-2019, 20 a\u00f1os de cooperaci\u00f3n renovada\u00bb. Bucarest. 29-31 de julio 2019"},"content":{"rendered":"<h3 style=\"text-align: justify;\"><span style=\"color: #339966;\">CONVOCATORIA<\/span><\/h3>\n<h1 style=\"text-align: justify;\">9\u00ba Congreso CEISAL 2019<\/h1>\n<p style=\"text-align: justify;\"><strong><em>Europa, Am\u00e9rica Latina y el Caribe: 1999-2019, 20 a\u00f1os de cooperaci\u00f3n renovada<\/em><\/strong><\/p>\n<h1 style=\"text-align: justify;\">29-31 de julio 2019<\/h1>\n<p style=\"text-align: justify;\">El noveno Congreso CEISAL ser\u00e1 un evento especial, dado que, a parte de su importancia acad\u00e9mica y para la investigaci\u00f3n, ser\u00e1 el marco de celebraci\u00f3n del aniversario de los 20 a\u00f1os de cooperaci\u00f3n estrat\u00e9gica entre Am\u00e9rica Latina y el Caribe y la Uni\u00f3n Europea, junto a destacadas personalidades latinoamericanas y europeas.<!--more--><\/p>\n<p style=\"text-align: justify;\">&nbsp;<\/p>\n<p style=\"text-align: justify;\">En 1999 tuvo lugar la Primera Cumbre Am\u00e9rica Latina y Caribe \u2013 Uni\u00f3n Europea, donde se reun\u00edan a alto nivel los Jefes de Estados y Gobiernos de los pa\u00edses de las dos regiones, con el objetivo de \u201cfortalecer los v\u00ednculos de un entendimiento pol\u00edtico, econ\u00f3mico y cultural entre las dos regiones a fin de desarrollar una asociaci\u00f3n estrat\u00e9gica entre ambas\u201d. Este elemento representa la clave de la cooperaci\u00f3n cuyas bases se sienta en valores y herencias culturales comunes y que va m\u00e1s all\u00e1 de un simple reconocimiento mutuo de actores conectados en un mundo globalizado, sino que ofrece a las dos partes por igual, el estatuto de socios. El cierre de un ciclo de 20 a\u00f1os podr\u00e1 de tal manera servir para un momento de reflexi\u00f3n sobre los avances que se han hecho y las sendas a seguir a continuaci\u00f3n.<\/p>\n<p style=\"text-align: justify;\">&nbsp;<\/p>\n<p style=\"text-align: justify;\">Dado el aniversario de los 20 a\u00f1os de cooperaci\u00f3n renovada, el Congreso de CEISAL se propone reunir a miembros\/as del medio acad\u00e9mico y de la investigaci\u00f3n cient\u00edfica, que aporten contribuciones en sus \u00e1reas de inter\u00e9s.<\/p>\n<p style=\"text-align: justify;\">&nbsp;<\/p>\n<p style=\"text-align: justify;\">Los ejes tem\u00e1ticos son los siguientes: Ciencias Pol\u00edticas, Relaciones Internacionales, Derecho, Desarrollo, Estudios de G\u00e9nero y Servicios Sociales, Historia, Econom\u00eda, Literatura, Arte, Creaci\u00f3n y Cultura, Sociolog\u00eda, Traducci\u00f3n y Documentaci\u00f3n, Comunicaci\u00f3n.<\/p>\n<p style=\"text-align: justify;\">&nbsp;<\/p>\n<p style=\"text-align: justify;\">Las fechas importantes para la participaci\u00f3n al Congreso CEISAL 2019 son:<\/p>\n<ul style=\"text-align: justify;\">\n<li>Apertura Convocatoria de Simposios: 2 de julio de 2018<\/li>\n<li>Cierre Plazo Convocatoria de Simposios: 30 de noviembre de 2018<\/li>\n<li>Comunicaci\u00f3n p\u00fablica de los Simposios aceptados: 5 de diciembre 2018<\/li>\n<li>Apertura plazo para la convocatoria de ponencias: 5 de diciembre de 2018<\/li>\n<li>Cierre Convocatoria Ponencias: 28 de febrero de 2019<\/li>\n<li>Comunicaci\u00f3n p\u00fablica de las ponencias aceptadas: 10 de marzo de 2019<\/li>\n<li>Plazo entrega de ponencias en el portal del Congreso: 15 de septiembre de 2019<\/li>\n<li>Fecha de celebraci\u00f3n del Congreso: 29-31 julio de 2019.<\/li>\n<\/ul>\n<p style=\"text-align: justify;\">&nbsp;<\/p>\n<p style=\"text-align: justify;\">La Convocatoria para los Simposios ya est\u00e1 abierta, as\u00ed que esperaremos sus propuestas y su implicaci\u00f3n en la realizaci\u00f3n de un Congreso que est\u00e9 a la altura de la ocasi\u00f3n celebrada.<\/p>\n<p style=\"text-align: justify;\">&nbsp;<\/p>\n<p style=\"text-align: justify;\">Para m\u00e1s informaciones \u00fatiles, acceda al sitio web (<span style=\"text-decoration: underline;\"><a href=\"http:\/\/www.ceisal2019.com\/\">www.ceisal2019.com<\/a><\/span>) y al evento de Facebook (<span style=\"text-decoration: underline;\"><a href=\"http:\/\/www.facebook.com\/events\/1869922623315229\/\">www.facebook.com\/events\/1869922623315229\/<\/a><\/span>). Si experimenta problemas de acceder al sitio, mande un correo a <span style=\"text-decoration: underline;\"><a href=\"mailto:congreso@ceisal2019.com\">congreso@ceisal2019.com<span style=\"text-decoration: underline;\"> <\/span><\/a><\/span>para brindarle asistencia en lo que necesite.<\/p>\n<p style=\"text-align: justify;\"><a href=\"https:\/\/adhilac.com.ar\/wp-content\/uploads\/2018\/12\/Circular-Congreso-CEISAL-de-Bucarest-noviembre.jpg\"><img loading=\"lazy\" decoding=\"async\" class=\"size-full wp-image-14643 alignnone\" title=\"Circular Congreso CEISAL de Bucarest noviembre\" src=\"https:\/\/adhilac.com.ar\/wp-content\/uploads\/2018\/12\/Circular-Congreso-CEISAL-de-Bucarest-noviembre.jpg\" alt=\"\" width=\"422\" height=\"596\" srcset=\"https:\/\/adhilac.com.ar\/wp-content\/uploads\/2018\/12\/Circular-Congreso-CEISAL-de-Bucarest-noviembre.jpg 976w, https:\/\/adhilac.com.ar\/wp-content\/uploads\/2018\/12\/Circular-Congreso-CEISAL-de-Bucarest-noviembre-212x300.jpg 212w, https:\/\/adhilac.com.ar\/wp-content\/uploads\/2018\/12\/Circular-Congreso-CEISAL-de-Bucarest-noviembre-724x1024.jpg 724w\" sizes=\"auto, (max-width: 422px) 100vw, 422px\" \/><\/a><\/p>\n<p style=\"text-align: justify;\"><a href=\"https:\/\/adhilac.com.ar\/wp-content\/uploads\/2018\/12\/Circular-Congreso-CEISAL-de-Bucarest-noviembre.pdf\">9no. Congreso CEISAL Bucarest noviembre 2019<\/a><\/p>\n<p style=\"text-align: justify;\"><strong>Publicado por ADHILAC Internacional \u00a9 www.adhilac.com.ar<\/strong><\/p>\n<p style=\"text-align: justify;\">Si Ud. desea asociarse de acuerdo a los Estatutos de ADHILAC\u00a0<a title=\"(ver)\" href=\"https:\/\/adhilac.com.ar\/?page_id=263\">(ver)<\/a> complete el siguiente formulario\u00a0<a title=\"(ver)\" href=\"https:\/\/adhilac.com.ar\/?page_id=3194\">(ver)<\/a><\/p>\n<p style=\"text-align: justify;\">E-mail:\u00a0info@adhilac.com.ar<strong> <\/strong><\/p>\n<p style=\"text-align: justify;\">Twitter: @AdhilacInfo<\/p>\n<p style=\"text-align: justify;\">&nbsp;<\/p>\n","protected":false},"excerpt":{"rendered":"<p>CONVOCATORIA 9\u00ba Congreso CEISAL 2019 Europa, Am\u00e9rica Latina y el Caribe: 1999-2019, 20 a\u00f1os de cooperaci\u00f3n renovada 29-31 de julio 2019 El noveno Congreso CEISAL ser\u00e1 un evento especial, dado que, a parte de su importancia acad\u00e9mica y para la investigaci\u00f3n, ser\u00e1 el marco de celebraci\u00f3n del aniversario de los 20 a\u00f1os de cooperaci\u00f3n estrat\u00e9gica [&hellip;]<\/p>\n","protected":false},"author":2,"featured_media":0,"comment_status":"closed","ping_status":"closed","sticky":false,"template":"","format":"standard","meta":{"_crdt_document":"","footnotes":""},"categories":[5,40],"tags":[13,148,866,740],"class_list":["post-14642","post","type-post","status-publish","format-standard","hentry","category-congresos","category-informaciones","tag-america-latina","tag-caribe","tag-cooperacion","tag-europa"],"_links":{"self":[{"href":"https:\/\/adhilac.com.ar\/index.php?rest_route=\/wp\/v2\/posts\/14642","targetHints":{"allow":["GET"]}}],"collection":[{"href":"https:\/\/adhilac.com.ar\/index.php?rest_route=\/wp\/v2\/posts"}],"about":[{"href":"https:\/\/adhilac.com.ar\/index.php?rest_route=\/wp\/v2\/types\/post"}],"author":[{"embeddable":true,"href":"https:\/\/adhilac.com.ar\/index.php?rest_route=\/wp\/v2\/users\/2"}],"replies":[{"embeddable":true,"href":"https:\/\/adhilac.com.ar\/index.php?rest_route=%2Fwp%2Fv2%2Fcomments&post=14642"}],"version-history":[{"count":5,"href":"https:\/\/adhilac.com.ar\/index.php?rest_route=\/wp\/v2\/posts\/14642\/revisions"}],"predecessor-version":[{"id":14806,"href":"https:\/\/adhilac.com.ar\/index.php?rest_route=\/wp\/v2\/posts\/14642\/revisions\/14806"}],"wp:attachment":[{"href":"https:\/\/adhilac.com.ar\/index.php?rest_route=%2Fwp%2Fv2%2Fmedia&parent=14642"}],"wp:term":[{"taxonomy":"category","embeddable":true,"href":"https:\/\/adhilac.com.ar\/index.php?rest_route=%2Fwp%2Fv2%2Fcategories&post=14642"},{"taxonomy":"post_tag","embeddable":true,"href":"https:\/\/adhilac.com.ar\/index.php?rest_route=%2Fwp%2Fv2%2Ftags&post=14642"}],"curies":[{"name":"wp","href":"https:\/\/api.w.org\/{rel}","templated":true}]}}