{"id":14674,"date":"2019-02-01T15:51:16","date_gmt":"2019-02-01T18:51:16","guid":{"rendered":"https:\/\/adhilac.com.ar\/?p=14674"},"modified":"2020-08-18T17:24:40","modified_gmt":"2020-08-18T20:24:40","slug":"coloquio-internacional-80-aniversario-del-exilio-republicano-espanol-experiencias-e-improntas-en-america-latina-y-el-caribe-27-a-29-de-marzo-de-2019","status":"publish","type":"post","link":"https:\/\/adhilac.com.ar\/?p=14674","title":{"rendered":"Coloquio Internacional \u201c80 Aniversario del Exilio Republicano Espa\u00f1ol.\u00bb Experiencias e Improntas en Am\u00e9rica Latina y el Caribe.\u00bb 27-29\/ 03\/ 2019"},"content":{"rendered":"<div>\n<div style=\"text-align: justify;\">\n<p><span style=\"color: #33cccc;\"><strong>PRIMERA CIRCULAR<\/strong><\/span><\/p>\n<p>La Asociaci\u00f3n de Historiadores Latinoamericanos y del Caribe (ADHILAC), con el coauspicio del Departamento de Historia de la Universidad de La Habana, el Proyecto de Investigaci\u00f3n PAPIIT IG400117 \u201cDin\u00e1mica de los exilios en Iberoam\u00e9rica\u201d (CIALC, UNAM), la C\u00e1tedra del Exilio UNAM, el Instituto de Estudios Latinoamericanos (IDELA) de la Universidad Nacional de Costa Rica, el Instituto de Investigaciones Hist\u00f3ricas de la Universidad Michoacana de San Nicol\u00e1s de Hidalgo, el European Observatory on Memories de la Fundaci\u00f3 Solidaritat de la Universitat de Barcelona, el Centro de Estudios de Am\u00e9rica Latina de la Universidad de West Indies, el Instituto de Historia de Cuba y la Oficina del Historiador de la Ciudad de La Habana, convocan al:<\/p>\n<p><span style=\"color: #33cccc;\"><strong><em>Coloquio Internacional 80 Aniversario del Exilio Republicano Espa\u00f1ol: Experiencias e Improntas en Am\u00e9rica Latina y el Caribe<\/em><\/strong><\/span><\/p>\n<p><span style=\"color: #33cccc;\">27 y 29 de marzo de 2019<\/span><!--more--><\/p>\n<p>Sede: Casa del Benem\u00e9rito de las Am\u00e9ricas \u201cBenito Ju\u00e1rez\u201d, situada en la esquina de Mercaderes y Obrap\u00eda en La Habana Vieja, Cuba.<\/p>\n<p>\u00a0<\/p>\n<p>Este Coloquio forma parte de las actividades que se impulsan en el marco de las <strong><em>\u201cJornadas Internacionales <\/em><\/strong><strong><em>del 80 <\/em><\/strong><strong><em>aniversario <\/em><\/strong><strong><em>del Exilio <\/em><\/strong><strong><em>Republicano <\/em><\/strong><strong><em>Espa\u00f1ol<\/em><\/strong>, las cuales tienen como\u00a0 objetivo\u00a0 impulsar\u00a0 nuevos acercamientos al estudio del tema desde una perspectiva multidisciplinaria, resaltando la pluralidad de experiencias de los exilios y sus contextos, as\u00ed como la diversidad de colectivos desplazados (ni\u00f1os, obreros, campesinos, profesionales, intelectuales, pol\u00edticos y otros), junto a la variedad de or\u00edgenes y destinos en Am\u00e9rica Latina y el Caribe.<\/p>\n<p>\u00a0<\/p>\n<p>El Coloquio est\u00e1 dedicado a la profesora asturiana Dra. Aurea Matilde Fern\u00e1ndez Mu\u00f1\u00edz, Profesora Em\u00e9rita de la Universidad de La Habana y Premio Nacional de Ciencias Sociales fallecida en diciembre de 2017, cuya familia fuera parte del exilio republicano espa\u00f1ol.<\/p>\n<\/div>\n<div style=\"text-align: justify;\">\n<p>Entre los temas que se sugieren est\u00e1n los siguientes:<\/p>\n<ul>\n<li>Rep\u00fablica y Guerra Civil Espa\u00f1ola: las condiciones hispanas del exilio republicano<\/li>\n<li><em>Europa ante el conflicto espa\u00f1ol: gobiernos, movimientos pol\u00edticos y movilizaci\u00f3n social<\/em><\/li>\n<li><em>Los pa\u00edses latinoamericanos y caribe\u00f1os a fines de los a\u00f1os treinta y principios de los cuarenta: repercusiones en Am\u00e9rica Latina de la Guerra Civil Espa\u00f1ola<\/em><\/li>\n<li><em>Las colonias de inmigrantes hispanos en Latinoam\u00e9rica ante la Guerra Civil<\/em><\/li>\n<li><em>Las pol\u00edticas republicanas y franquistas respecto a la emigraci\u00f3n republicana y sus diversos destinos<\/em><\/li>\n<li><em>Narrativas, testimonios, identidad y memoria del Exilio Republicano Espa\u00f1ol<\/em><\/li>\n<li><em>Impronta cultural de los exiliados republicanos y sus descendientes: Semejanzas y diferencias en los pa\u00edses de refugio<\/em><\/li>\n<li><em>El imaginario del exilio republicano espa\u00f1ol<\/em><\/li>\n<li><em>Las grandes personalidades del exilio republicano y su huella en Am\u00e9rica Latina y el Caribe<\/em><\/li>\n<li><em>Los medios y el audiovisual en la conformaci\u00f3n de un estereotipo del exilio republicano.<\/em><\/li>\n<li><em>El Gobierno Republicano Espa\u00f1ol en el exilio y las diferentes posturas asumidas por los pa\u00edses latinoamericanos y caribe\u00f1os<\/em><\/li>\n<li><em>G\u00e9nero y exilio: el papel de las mujeres en el Exilio Republicano Espa\u00f1ol<\/em><\/li>\n<\/ul>\n<\/div>\n<div style=\"text-align: justify;\">\u00a0<\/div>\n<div style=\"text-align: justify;\"><em>\u00a0<\/em><\/div>\n<div>El Comit\u00e9 Acad\u00e9mico del Coloquio est\u00e1 integrado por Dr. Adalberto Santana, Dr. Sergio Guerra Vilaboy, Dra. Mari Carmen Serra Puche, Dr. Jorge El\u00edas Caro, Dr. Oscar Zanetti Lecuona, Dr .Mario Oliva Medina, Dr. Arturo Sorhegui D\u00b4Mares, Dr. Jos\u00e9 Francisco Mej\u00eda, Dra. Dolores Guerra L\u00f3pez, Dr. Yoel Cordov\u00ed N\u00fa\u00f1ez, Dr. Lancelot Cowie, Dr. Agust\u00edn S\u00e1nchez Andr\u00e9s, Mtro. Rene Villaboy Zald\u00edvar, Mtro. Rene Gonz\u00e1lez Barrios, Dr. Jordi Guixe Corominas, Mtro. David Gonz\u00e1lez V\u00e1zquez y Mtra. Guiomar Acevedo L\u00f3pez.<\/div>\n<\/div>\n<div>Al Coloquio podr\u00e1n inscribirse paneles previamente estructurados o ponencias individuales, las que ser\u00e1n organizadas seg\u00fan el temario del evento.<br \/>Para formalizar su inscripci\u00f3n, los interesados, tanto nacionales como extranjeros, deber\u00e1n enviar por e-mail, antes del 15 de marzo de 2019, un resumen de su ponencia, de no m\u00e1s de una cuartilla de extensi\u00f3n, en formato electr\u00f3nico, a los organizadores del Coloquio.<\/div>\n<div>La cuota de inscripci\u00f3n ser\u00e1 de 50.00 CUC. (moneda convertible cubana) para los extranjeros y de igual monto en CUP para los cubanos. Los miembros de ADHILAC, que est\u00e9n al d\u00eda en su cotizaci\u00f3n, pueden pagar media cuota de inscripci\u00f3n. La acreditaci\u00f3n, tanto de ponentes como de observadores, se har\u00e1 el primer d\u00eda del evento.<br \/>Durante el evento los ponentes deber\u00e1n entregar en forma electr\u00f3nica el texto \u00edntegro de sus trabajos, el cual no deber\u00e1 exceder de 10 p\u00e1ginas, pues los ponentes solo dispondr\u00e1n de 15 minutos para la presentaci\u00f3n de sus trabajos.<\/div>\n<div>El acceso a Cuba puede realizarse a trav\u00e9s de las agencias de turismo que habitualmente realizan viajes a Cuba.<br \/>Para cualquier informaci\u00f3n adicional, as\u00ed como para la inscripci\u00f3n, los interesados deben comunicarse con los coordinadores del coloquio Dr. Sergio Guerra Vilaboy, <span style=\"text-decoration: underline;\"><a href=\"mailto:serguev@ach.ohc.cu\">serguev@ach.ohc.cu<\/a><\/span>, y Dr. Oscar Zanetti Lecuona <span style=\"text-decoration: underline;\"><a href=\"mailto:ozanetti@cubarte.cult.cu\">ozanetti@cubarte.cult.cu<\/a><\/span>. Tambi\u00e9n pueden llamar a los tel\u00e9fonos (53) 78323200 y 78307328 del Departamento de Historia de Universidad de La Habana, situad en la Casa Fernando Ortiz, en L y 27, n\u00famero 160, El Vedado, La Habana, Cuba.<\/div>\n<p style=\"text-align: justify;\"><a href=\"https:\/\/adhilac.com.ar\/wp-content\/uploads\/2019\/01\/I-CIRCULAR-DE-ADHILAC-Cuba-2019-Exilio-Republicano-Espan\u0303ol.pdf\">I CIRCULAR DE ADHILAC Cuba 2019 Exilio Republicano Espan\u0303ol<\/a><\/p>\n\n\n<p class=\"has-very-light-gray-color has-vivid-cyan-blue-background-color has-text-color has-background wp-block-paragraph\"><strong>Publicado por ADHILAC Internacional \u00a9 www.adhilac.com.ar<\/strong><\/p>\n\n\n\n<p class=\"has-vivid-cyan-blue-color has-very-light-gray-background-color has-text-color has-background wp-block-paragraph\"> Si Ud. desea asociarse de acuerdo a los Estatutos de ADHILAC&nbsp;<a href=\"https:\/\/adhilac.com.ar\/?page_id=263\">(ver)<\/a> complete el siguiente formulario&nbsp;(<a href=\"https:\/\/adhilac.com.ar\/?page_id=4779\">ver<\/a>)<\/p>\n\n\n\n<p class=\"has-very-light-gray-color has-vivid-cyan-blue-background-color has-text-color has-background wp-block-paragraph\"> E-mail:&nbsp;info@adhilac.com.ar <\/p>\n\n\n\n<p class=\"has-very-light-gray-color has-vivid-cyan-blue-background-color has-text-color has-background wp-block-paragraph\"> Twitter: @AdhilacInfo <\/p>\n\n\n\n<div class=\"wp-block-image\"><figure class=\"aligncenter size-large\"><img loading=\"lazy\" decoding=\"async\" width=\"85\" height=\"85\" src=\"https:\/\/adhilac.com.ar\/wp-content\/uploads\/2015\/02\/Logo-ADHILAC-Internacional-PEQ.jpg\" alt=\"\" class=\"wp-image-10473\"\/><\/figure><\/div>\n\n\n\n<p class=\"wp-block-paragraph\">Ver <a href=\"https:\/\/adhilac.com.ar\/?page_id=541\">Presentaci\u00f3n de ADHILAC<\/a><\/p>\n\n\n\n<div class=\"wp-block-group\"><div class=\"wp-block-group__inner-container is-layout-flow wp-block-group-is-layout-flow\">\n<p class=\"has-text-align-center has-very-light-gray-color has-vivid-cyan-blue-background-color has-text-color has-background wp-block-paragraph\"><strong><a href=\"https:\/\/adhilac.com.ar\/?page_id=541\">QUIENES SOMOS<\/a><\/strong><\/p>\n\n\n\n<p class=\"has-text-align-center has-vivid-cyan-blue-color has-very-light-gray-background-color has-text-color has-background wp-block-paragraph\"><strong><a href=\"https:\/\/adhilac.com.ar\/?page_id=15507\">DIRECTIVA DE ADHILAC INTERNACIONAL<\/a><\/strong><\/p>\n\n\n\n<p class=\"has-text-align-center has-very-light-gray-color has-vivid-cyan-blue-background-color has-text-color has-background wp-block-paragraph\"><strong><a href=\"https:\/\/adhilac.com.ar\/?page_id=267\">Declaraci\u00f3n de Caracas de ADHILAC (2007)<\/a><\/strong><\/p>\n\n\n\n<p class=\"has-text-align-center has-vivid-cyan-blue-color has-very-light-gray-background-color has-text-color has-background wp-block-paragraph\"><strong><a href=\"https:\/\/adhilac.com.ar\/?page_id=15873\">ADHILAC: Historia &#8211; Historidorxs<\/a><\/strong><\/p>\n\n\n\n<p class=\"has-text-align-center has-very-light-gray-color has-vivid-cyan-blue-background-color has-text-color has-background wp-block-paragraph\"><strong><a href=\"https:\/\/adhilac.com.ar\/?page_id=15876\">ADHILAC 20 a\u00f1os despu\u00e9s (1974-1994)<\/a> <\/strong><\/p>\n\n\n\n<p class=\"has-text-align-center has-vivid-cyan-blue-color has-very-light-gray-background-color has-text-color has-background wp-block-paragraph\"><strong><a href=\"https:\/\/adhilac.com.ar\/?page_id=15861\">ADHILAC Breve Historia<\/a> <\/strong><\/p>\n\n\n\n<p class=\"has-text-align-center has-very-light-gray-color has-vivid-cyan-blue-background-color has-text-color has-background wp-block-paragraph\"><strong><a href=\"https:\/\/adhilac.com.ar\/?page_id=15887\">ADHILAC: Miembrxs fundadores<\/a><\/strong><\/p>\n\n\n\n<p class=\"has-text-align-center has-vivid-cyan-blue-color has-very-light-gray-background-color has-text-color has-background wp-block-paragraph\"><strong><a href=\"https:\/\/adhilac.com.ar\/?page_id=15943\">ADHILAC: Historiadorxs Destacadxs<\/a><\/strong><\/p>\n\n\n\n<p class=\"has-text-align-center has-very-light-gray-color has-vivid-cyan-blue-background-color has-text-color has-background wp-block-paragraph\"><strong><a href=\"https:\/\/adhilac.com.ar\/?page_id=4779\">SOCIXS<\/a><\/strong><\/p>\n\n\n\n<p class=\"has-text-align-center has-vivid-cyan-blue-color has-very-light-gray-background-color has-text-color has-background wp-block-paragraph\"><strong><a href=\"https:\/\/adhilac.com.ar\/?page_id=263\">Estatutos de ADHILAC<\/a><\/strong><\/p>\n\n\n\n<p class=\"has-text-align-center has-very-light-gray-color has-vivid-cyan-blue-background-color has-text-color has-background wp-block-paragraph\"><strong><a href=\"https:\/\/adhilac.com.ar\/?page_id=8220\">BICENTENARIO<\/a><\/strong><\/p>\n\n\n\n<p class=\"has-text-align-center has-vivid-cyan-blue-color has-very-light-gray-background-color has-text-color has-background wp-block-paragraph\"><strong><a href=\"https:\/\/adhilac.com.ar\/?page_id=8279\">BIBLIOTECA<\/a><\/strong><\/p>\n\n\n\n<p class=\"has-text-align-center has-very-light-gray-color has-vivid-cyan-blue-background-color has-text-color has-background wp-block-paragraph\"><strong><a href=\"https:\/\/adhilac.com.ar\/?page_id=1698\">ENLACES<\/a> <\/strong><\/p>\n\n\n\n<p class=\"has-text-align-center has-vivid-cyan-blue-color has-very-light-gray-background-color has-text-color has-background wp-block-paragraph\"><a href=\"http:\/\/www.ariadnatucma.com.ar\">VISITE ARIADNA TUCMA REVISTA LATINOAMERICANA<\/a><\/p>\n<\/div><\/div>\n","protected":false},"excerpt":{"rendered":"<p>PRIMERA CIRCULAR La Asociaci\u00f3n de Historiadores Latinoamericanos y del Caribe (ADHILAC), con el coauspicio del Departamento de Historia de la Universidad de La Habana, el Proyecto de Investigaci\u00f3n PAPIIT IG400117 \u201cDin\u00e1mica de los exilios en Iberoam\u00e9rica\u201d (CIALC, UNAM), la C\u00e1tedra del Exilio UNAM, el Instituto de Estudios Latinoamericanos (IDELA) de la Universidad Nacional de Costa [&hellip;]<\/p>\n","protected":false},"author":2,"featured_media":0,"comment_status":"closed","ping_status":"closed","sticky":false,"template":"","format":"standard","meta":{"_crdt_document":"","footnotes":""},"categories":[18],"tags":[867],"class_list":["post-14674","post","type-post","status-publish","format-standard","hentry","category-adhilac-cuba","tag-republica-espanola"],"_links":{"self":[{"href":"https:\/\/adhilac.com.ar\/index.php?rest_route=\/wp\/v2\/posts\/14674","targetHints":{"allow":["GET"]}}],"collection":[{"href":"https:\/\/adhilac.com.ar\/index.php?rest_route=\/wp\/v2\/posts"}],"about":[{"href":"https:\/\/adhilac.com.ar\/index.php?rest_route=\/wp\/v2\/types\/post"}],"author":[{"embeddable":true,"href":"https:\/\/adhilac.com.ar\/index.php?rest_route=\/wp\/v2\/users\/2"}],"replies":[{"embeddable":true,"href":"https:\/\/adhilac.com.ar\/index.php?rest_route=%2Fwp%2Fv2%2Fcomments&post=14674"}],"version-history":[{"count":11,"href":"https:\/\/adhilac.com.ar\/index.php?rest_route=\/wp\/v2\/posts\/14674\/revisions"}],"predecessor-version":[{"id":17056,"href":"https:\/\/adhilac.com.ar\/index.php?rest_route=\/wp\/v2\/posts\/14674\/revisions\/17056"}],"wp:attachment":[{"href":"https:\/\/adhilac.com.ar\/index.php?rest_route=%2Fwp%2Fv2%2Fmedia&parent=14674"}],"wp:term":[{"taxonomy":"category","embeddable":true,"href":"https:\/\/adhilac.com.ar\/index.php?rest_route=%2Fwp%2Fv2%2Fcategories&post=14674"},{"taxonomy":"post_tag","embeddable":true,"href":"https:\/\/adhilac.com.ar\/index.php?rest_route=%2Fwp%2Fv2%2Ftags&post=14674"}],"curies":[{"name":"wp","href":"https:\/\/api.w.org\/{rel}","templated":true}]}}