{"id":1474,"date":"2010-04-21T11:19:53","date_gmt":"2010-04-21T14:19:53","guid":{"rendered":"https:\/\/adhilac.com.ar\/?p=1474"},"modified":"2012-07-28T15:52:55","modified_gmt":"2012-07-28T18:52:55","slug":"ix-congreso-internacional-de-adhilac-agenda-santa-marta-25-al-29-de-mayo","status":"publish","type":"post","link":"https:\/\/adhilac.com.ar\/?p=1474","title":{"rendered":"IX Congreso Internacional de ADHILAC. AGENDA. Santa Marta 25 al 29 de Mayo"},"content":{"rendered":"<h3 style=\"text-align: justify;\"><span style=\"color: #339966;\">PROGRAMA<\/span><\/h3>\n<p style=\"text-align: justify;\">IX Congreso Internacional de la Asociaci\u00f3n de Historiadores Latinoamericanos y del Caribe (ADHILAC)<br \/>\nSanta Marta 25 al 29 de Mayo<\/p>\n<p style=\"text-align: justify;\"><strong><br \/>\n<\/strong><strong>25 de Mayo de 2010<\/strong><\/p>\n<p style=\"text-align: justify;\"><em><span style=\"color: #000000;\">Quinta de San Pedro Alejandrino<\/span><\/em><\/p>\n<p style=\"text-align: justify;\">8:00 a.m. \u2013 5:00 p.m. Inscripciones, entrega de credenciales y materiales de trabajo<\/p>\n<p style=\"text-align: justify;\">5:00 p.m. &#8211;\u00a0 8:00 p.m. Acto de Inauguraci\u00f3n del evento (Altar de la Patria)<\/p>\n<p style=\"text-align: justify;\">5:00 p.m. 6:00 p.m. Palabras y saludos de bienvenida, Directiva ADHILAC y entidades organizadoras del evento<\/p>\n<p style=\"text-align: justify;\">6:00 p.m. \u2013 7:00 p.m. Conferencia Magistral de inauguraci\u00f3n: <em>INDOAMERICA:\u00a0primeras expresiones de la Independencia.<\/em> Otto Morales Ben\u00edtez, Historiador (Colombia)<\/p>\n<p style=\"text-align: justify;\"><!--more--><br \/>\n7:00 p.m. \u2013 8:00p.m. Coctel de bienvenida y actos culturales<\/p>\n<p style=\"text-align: justify;\"><strong><span style=\"color: #000000;\">26 de Mayo de 2010<\/span><\/strong><\/p>\n<p style=\"text-align: justify;\">9:00 a.m. \u2013 10:15 a.m. Sala 1, Mesa de trabajo 1<br \/>\nContinuidades y rupturas en el proceso hist\u00f3rico independentista Latinoamericano y Caribe\u00f1o.<br \/>\nPresidente de Mesa: Alejo Maldonado Gallargo, Universidad Michoacana de San Nicol\u00e1s de Hidalgo, Morelia (M\u00e9xico)<\/p>\n<p style=\"text-align: justify;\">Juan Carlos Balerdi, Buenos Aires, \u00a0Argentina<br \/>\nPonencia: El modelo de las comunas medievales en el pensamiento anarquista del siglo XlX y en el pensamiento nacionalista de la primera mitad del siglo XX: rupturas y continuidades<\/p>\n<p style=\"text-align: justify;\">Alberto Carvajalino Slaghekke, \u00a0Santa Marta, Colombia<br \/>\nPonencia: Los protocolos de la ocupaci\u00f3n como\u00a0g\u00e9nesis\u00a0de un m\u00e9todo fallido de construcci\u00f3n imperial<\/p>\n<p style=\"text-align: justify;\">Oscar Loyola Vega,\u00a0 Secci\u00f3n Cubana ADHILAC, Universidad de la Habana<br \/>\nPonencia: Caminando a trav\u00e9s de dos Am\u00e9rica<\/p>\n<p style=\"text-align: justify;\">10:15 a.m. \u2013 11:15 a.m. Sala 1, Mesa de trabajo 2<br \/>\nEnse\u00f1anza de la historia del proceso emancipador latinoamericano (Parte I)<br \/>\nPresidente de mesa: Alberto Gull\u00f3n Abao, Universidad de C\u00e1diz, Espa\u00f1a<\/p>\n<p style=\"text-align: justify;\">Yoel Cordov\u00ed, Instituto de Historia de Cuba.<br \/>\nPonencia: La ense\u00f1anza de la Historia en las escuelas p\u00fablicas de Cuba a inicios de la Rep\u00fablica, 1899-1920<\/p>\n<p style=\"text-align: justify;\">C\u00e9sar Federico Mac\u00edas Cervantes, Universidad de Guanajuato (M\u00e9xico)<br \/>\nPonencia: Entre celebraci\u00f3n y olvido, entre historia y fiesta: La continua ense\u00f1anza de la independencia de M\u00e9xico<\/p>\n<p style=\"text-align: justify;\">Alfonso Acu\u00f1a Medina, Instituci\u00f3n Educativa N\u00famero Dos (Maicao, Colombia).<br \/>\nPonencia: La ense\u00f1anza de la Historia desde las experiencias de vidas<\/p>\n<p style=\"text-align: justify;\">11:15 a.m. \u2013 12:15 p.m. Sala 1, Mesa de trabajo 3<br \/>\nEnse\u00f1anza de la historia del proceso emancipador latinoamericano (Parte II)<br \/>\nPresidente de mesa: Luis Fernando Ayerbe, Universidad Metodista de S\u00e3o Paulo (Brasil)<\/p>\n<p style=\"text-align: justify;\">Orlan Vielma, Centro de Estudios Pol\u00edticos y Sociales de Am\u00e9rica Latina (CEPSAL), Universidad de los Andes. (Merida, Venezuela)<br \/>\nPonencia: Uso de la tecnolog\u00eda como estrategia para la ense\u00f1anza de la historia del proceso emancipador latinoamericano<\/p>\n<p style=\"text-align: justify;\">Digna Casta\u00f1eda Fuertes,\u00a0 Universidad de la Habana (Cuba)<br \/>\nPonencia: Las ense\u00f1anzas de la Revoluci\u00f3n haitiana<\/p>\n<p style=\"text-align: justify;\">Adaulfo Enrique Mendoza Mindiola,\u00a0 Universidad Aut\u00f3noma de Bucaramanga (Colombia)<br \/>\nPonencia: Relatos de naci\u00f3n en los textos de historia: el caso de Colombia entre 1845 y 1945.<\/p>\n<p style=\"text-align: justify;\">Jaime \u00c1lvarez Llanos, Universidad del Atl\u00e1ntico (Colombia)<br \/>\nPonencia: El aprendizaje de la historia a trav\u00e9s de las innovaciones pedag\u00f3gicas: una experiencia de investigaci\u00f3n educativa.<\/p>\n<p style=\"text-align: justify;\">03:00 p.m. \u2013 04:00 p.m. Sala 1, Mesa de trabajo 4<br \/>\nEscenarios regionales en los procesos independentistas de Latinoam\u00e9rica y el Caribe (Parte I)<br \/>\nPresidente de mesa: Rub\u00e9n Zardoya Loureda, Universidad de la Habana (Cuba)<\/p>\n<p style=\"text-align: justify;\">Teresa Cribelli, Johns Hopkins University (Estados Unidos)<br \/>\nPonencia: Agricultural Technology in the Writings of Jos\u00e9 Bonif\u00e1cio: Visions of Rural Modernization for an Independent Brazil.<\/p>\n<p style=\"text-align: justify;\">Adriano Guerra, Universidad del Norte (Colombia)<br \/>\nPonencia: El Gran Caribe en las Cortes de C\u00e1diz<\/p>\n<p style=\"text-align: justify;\">Carlos Payares Gonz\u00e1lez, Universidad del Magdalena (Colombia)<br \/>\nPonencia: Santa Marta y Ci\u00e9naga\u00a0durante el periodo de la Independencia<\/p>\n<p style=\"text-align: justify;\">04:00 p.m. \u2013 05:00 p.m. Sala 1, Mesa de trabajo 5<br \/>\nEscenarios regionales en los procesos independentistas de Latinoam\u00e9rica y el Caribe (Parte II)<br \/>\nPresidente de mesa: Roberto Gonz\u00e1lez Arana, Universidad del Norte (Colombia)<\/p>\n<p style=\"text-align: justify;\">Rodrigo de Jes\u00fas Garc\u00eda Estrada, Universidad de Antioquia (Colombia)<br \/>\nPonencia: \u00abLa transferencia de la legitimidad del soberano durante la Primera Rep\u00fablica en la provincia de Antioquia, 1808-1812\u00bb<\/p>\n<p style=\"text-align: justify;\">Francisco Avella, Universidad Nacional de Colombia, Sede Caribe (Colombia)<br \/>\nPonencia: \u201cEl Caribe de los \u201ch\u00e9roes errantes\u201d: una aproximaci\u00f3n desde el Archipi\u00e9lago de San Andr\u00e9s y Providencia\u201d<\/p>\n<p style=\"text-align: justify;\">Arturo Sorhegui D\u00b4Mares, Secci\u00f3n Cubana ADHILAC, Universidad de la Habana<br \/>\nPonencia: Presencia del Caribe oriental en la din\u00e1mica de los circuitos comerciales del Mediterr\u00e1neo Americano<\/p>\n<p style=\"text-align: justify;\">05:00 p.m. \u2013 06:00 p.m. Sala 1, Mesa de trabajo 6<br \/>\nExpresiones del proceso independentista en los valores patrimoniales: rescate y preservaci\u00f3n.<br \/>\nPresidente de mesa: Leonel Mu\u00f1oz Paz, Universidad Central de Venezuela<\/p>\n<p style=\"text-align: justify;\">Camilo Dom\u00ednguez Ossa, Universidad Externado de Colombia<br \/>\nHernando Salcedo Fidalgo, Universidad Externado de Colombia<br \/>\nPonencia: La Expedici\u00f3n Fidalgo. Primera cartograf\u00eda moderna del Caribe<\/p>\n<p style=\"text-align: justify;\">Wilhelm Londo\u00f1o, Docente, Universidad del Magdalena<br \/>\nPonencia: Arqueolog\u00eda del nacionalismo: del paneg\u00edrico a la reflexi\u00f3n cr\u00edtica en la era posnacional<\/p>\n<p style=\"text-align: justify;\">09:00 a.m. \u2013 10:30 a.m. Sala 2, Mesa de trabajo 7<br \/>\nFormaci\u00f3n nacional en Am\u00e9rica Latina y el Caribe (Parte I)<br \/>\nPresidente de mesa: Sergio Guerra Vilaboy, Secretario Ejecutivo ADHILAC.<\/p>\n<p style=\"text-align: justify;\">Edda Manga, Universidad de Uppsala (Suecia)<br \/>\nPonencia: Race and postcolonial Nation<\/p>\n<p style=\"text-align: justify;\">\u00c1ngela Altagracia Fern\u00e1ndez, Universidad Aut\u00f3noma de Santo Domingo (Rep\u00fablica Dominicana)<br \/>\nJosefina Zaiter Mej\u00eda, Universidad Aut\u00f3noma de Santo Domingo (Rep\u00fablica Dominicana)<br \/>\nPonencia: Independencia Nacional, Fiestas Patrias y Expresi\u00f3n del Carnaval Dominicano: visto desde una Perspectiva Psicosocial.<\/p>\n<p style=\"text-align: justify;\">Luciano Aronne de Abreu, Pontif\u00edcia Universidad Cat\u00f3lica do Rio Grande do Sul PUCRS (Brasil)<br \/>\nPonencia: A constru\u00e7\u00e3o da na\u00e7\u00e3o no Brasil: conservadorismo e autoritarismo pol\u00edtico<\/p>\n<p style=\"text-align: justify;\">Edwin Monsalvo Mendoza, Universidad de Caldas (Colombia)<br \/>\nPonencia: \u201cEl Mito del conspirador en la construcci\u00f3n del Estado en la Nueva Granada\u201d<\/p>\n<p style=\"text-align: justify;\">10:30 a.m. \u2013 12:00 m. Sala 2, Mesa de trabajo 8<br \/>\nFormaci\u00f3n nacional en Am\u00e9rica Latina y el Caribe (Parte II)<br \/>\nPresidente de mesa: Mar\u00eda Pilar Cagiao Vila, Universidad de Santiago de Compostela (Espa\u00f1a)<\/p>\n<p style=\"text-align: justify;\">Eduardo Pati\u00f1o Guerrero, Universidad Javeriana (Bogot\u00e1, Colombia)<br \/>\nPonencia: Centralismo en la Independencia de la Nueva Granada<\/p>\n<p style=\"text-align: justify;\">Ra\u00fal Rom\u00e1n Romero, Universidad Nacional, Sede Caribe (Colombia)<br \/>\nPonencia: El d\u00eda de la independencia de Colombia: celebraciones centenarias en formaci\u00f3n de una memoria nacional 1910-1919<\/p>\n<p style=\"text-align: justify;\">Viviana Civitillo, Universidad de Buenos Aires (Argentina)<br \/>\nRafael Cullen, Centro de Estudios de Docencia e Investigaci\u00f3n en Historia Argentina y Americana (CEDIHAA)<br \/>\nPonencia: Acerca de la relaci\u00f3n entre clase y naci\u00f3n: El caso argentino (siglos XIX y XX)<\/p>\n<p style=\"text-align: justify;\">\u00c1lvaro Le\u00f3n Casas Orrego, Universidad de Antioquia (Medell\u00edn, Colombia)<br \/>\nPonencia: \u00abCentenario de la Independencia: Fiesta nacional y cultura pol\u00edtica en Cartagena en 1910\u00bb<\/p>\n<p style=\"text-align: justify;\">03:00 p.m. \u2013 04:30 p.m. Sala 2, Mesa de trabajo 9<br \/>\nEstudios de g\u00e9nero en la historiograf\u00eda latinoamericana y caribe\u00f1a sobre la independencia<br \/>\nPresidente de mesa: Carolina Crisorio, Universidad de Buenos Aires (Argentina)<\/p>\n<p style=\"text-align: justify;\">Gloria Bonilla V\u00e9lez, Universidad de Cartagena (Colombia)<br \/>\nPonencia: Prensa, G\u00e9nero y Naci\u00f3n.<\/p>\n<p style=\"text-align: justify;\">Jenny Del Pilar Londo\u00f1o L\u00f3pez, Academia Nacional de Historia del Ecuador.<br \/>\nPonencia: Las Mujeres en la Independencia: Tumultuarias, Tertuliantes y Combatientes.<\/p>\n<p style=\"text-align: justify;\">Jane Soares de Almeida, Universidad Metodista de S\u00e3o Paulo (Brasil)<br \/>\nG\u00eanero e eugenia: identidade e imagem femininas no Brasil na primeira metade do s\u00e9culo xx (1920\/1940)<\/p>\n<p style=\"text-align: justify;\">Yebrail Casta\u00f1eda Lozano, Universidad de la Sall\u00e9 (Bogot\u00e1, Colombia)<br \/>\nPonencia: Las tres c\u00e1rceles de la mujer Santafere\u00f1a en el siglo XIX desde la mirada de los viajeros extranjeros.<\/p>\n<p style=\"text-align: justify;\">04:30 p.m. \u2013 06:00 p.m. Sala 2, Mesa de trabajo 10<br \/>\nPueblos, etnias, clases, elites y h\u00e9roes: los actores sociales de las independencias<br \/>\nPresidente de mesa: Pedro Pablo Rodr\u00edguez, Centro de estudio Martianos (Cuba)<\/p>\n<p style=\"text-align: justify;\">Gustavo P\u00e9rez Ram\u00edrez (Quito, Ecuador)<br \/>\nPonencia: Espejo y Nari\u00f1o: vidas paralelas<\/p>\n<p style=\"text-align: justify;\">Hernando Castro, Universidad Nacional de Colombia<br \/>\nPonencia: Milicias y compa\u00f1\u00edas militares en el partido de tierradentro (1780-1810).<\/p>\n<p style=\"text-align: justify;\">Jes\u00fas Erik Gonz\u00e1lez Rizo, Universidad de Guanajuato (M\u00e9xico)<br \/>\nPonencia: Entre el pasado y el futuro. Apropiaci\u00f3n y continuidad de la tradici\u00f3n hospitalaria en los pueblos indios. El caso de Cajititl\u00e1n.<\/p>\n<p style=\"text-align: justify;\">Joaqu\u00edn Viloria De la Hoz, Banco de la Rep\u00fablica (Colombia)<br \/>\nPonencia: \u201cVicisitudes de un conde sueco-finland\u00e9s en la independencia del Caribe colombiano: el caso de F. T. Adlercreutz\u201d.<\/p>\n<p style=\"text-align: justify;\">09:00 a.m. \u2013 10:00 a.m. Sala 3, Mesa de trabajo 11<br \/>\nIdeolog\u00edas y su lugar en los movimientos independentistas de Am\u00e9rica Latina y el Caribe (Parte I)<br \/>\nPresidente de mesa: Jos\u00e9 Chez Checo,\u00a0 Academia Dominicana de la Historia (Rep\u00fablica Dominicana)<\/p>\n<p style=\"text-align: justify;\">Pedro Pablo Rodr\u00edguez, Centro de estudios Martianos (Cuba)<br \/>\nPonencia: El poema de 1810. Jos\u00e9 Mart\u00ed ante las independencias hispanoamericanas.<\/p>\n<p style=\"text-align: justify;\">Rafaela Sol\u00eds Mu\u00f1oz, Universidad Michoacana de San Nicol\u00e1s de Hidalgo (M\u00e9xico)<br \/>\nPonencia: Las relaciones de Estados Unidos y Cuba, en la idea de Jos\u00e9 Antonio Saco<\/p>\n<p style=\"text-align: justify;\">Mar\u00eda Astrid R\u00edos Dur\u00e1n, Universidad Nacional de Colombia<br \/>\nPonencia: La Nueva iconograf\u00eda de la Revoluci\u00f3n Francesa y su presencia en los objetos de uso cotidiano<\/p>\n<p style=\"text-align: justify;\">10:00 a.m. \u2013 12:00 m. Sala 3, Mesa de trabajo 12<br \/>\nIdeolog\u00edas y su lugar en los movimientos independentistas de Am\u00e9rica Latina y el Caribe (Parte II)<br \/>\nPresidente de mesa: Joaqu\u00edn Viloria de la Hoz, Banco de la Rep\u00fablica (Colombia)<\/p>\n<p style=\"text-align: justify;\">Rub\u00e9n Zardoya Loureda, Universidad de la Habana (Cuba)<br \/>\nPonencia: Juan Bosch y la Revoluci\u00f3n haitiana<\/p>\n<p style=\"text-align: justify;\">Mar\u00eda de F\u00e1tima Fontes Piazza, Universidad Federal de Santa Catarina (Brasil)<br \/>\nLivia Lopes Neves, Universidad Federal de Santa Catarina (Brasil)<br \/>\nPonencia: Bol\u00edvar entre textos e im\u00e1genes no suplemento Pensamiento da Am\u00e9rica: mito, profeta ou her\u00f3i?<\/p>\n<p style=\"text-align: justify;\">Edgar Solano Mu\u00f1oz, Universidad de Costa Rica<br \/>\nLa independencia en Centroam\u00e9rica: libertad econ\u00f3mica o ilusi\u00f3n autonomista<\/p>\n<p style=\"text-align: justify;\">03:00 p.m. \u2013 04:30 p.m. Sala 3, Mesa de trabajo 13<br \/>\nImpacto econ\u00f3mico de las independencias<br \/>\nPresidente de mesa: Digna Casta\u00f1eda Fuertes, Universidad de la Habana (Cuba)<\/p>\n<p style=\"text-align: justify;\">Oscar Granados Erazo, Universidad Militar Nueva Granada (Colombia)<br \/>\nPonencia: El poder Capitalista y la Financiaci\u00f3n del proceso de Independencia en Colombia, 1808-1825<\/p>\n<p style=\"text-align: justify;\">Daniel Eduardo Lozano Bocanegra (Bogot\u00e1, Colombia)<br \/>\nSergio Alberto Montoya Cruz, (Bogot\u00e1, Colombia)<br \/>\nPonencia: El d\u00e9ficit en la formaci\u00f3n de la Naci\u00f3n Colombiana: un acercamiento desde lo monumental en la ciudad de Bogot\u00e1.<\/p>\n<p style=\"text-align: justify;\">Carolina Crisorio, Universidad de Buenos Aires (Argentina)<br \/>\nPonencia: La Argentina y sus v\u00ednculos con las grandes potencias. Emancipaci\u00f3n pol\u00edtica y dependencia econ\u00f3mica<\/p>\n<p style=\"text-align: justify;\">04:30 p.m. \u2013 06:00 p.m. Sala 3, Mesa de trabajo 14<br \/>\nIndependencia latinoamericana en la Historiograf\u00eda: problemas y tendencias de interpretaci\u00f3n<br \/>\nPresidente de mesa: Germ\u00e1n Rodas Chaves, Universidad Andina Sim\u00f3n Bol\u00edvar (Ecuador)<\/p>\n<p style=\"text-align: justify;\">Susana Ofelia Bandieri, Universidad Nacional del Comahue (Argentina)<br \/>\nPonencia: La historiograf\u00eda y los fundamentos ideol\u00f3gicos del movimiento revolucionario en el R\u00edo de la Plata<\/p>\n<p style=\"text-align: justify;\">Paola Margarita Mart\u00ednez Martelo, Universidad Nacional de Colombia Sede Medell\u00edn<br \/>\nPonencia: Historiograf\u00eda de la independencia de Colombia: tesis de pregrado y posgrado 1982 \u2013 2010<\/p>\n<p style=\"text-align: justify;\">Daniel Felipe Ni\u00f1o L\u00f3pez (Quito, Ecuador)<br \/>\nPonencia: Ic\u00f3nica e ideolog\u00eda independentista: Una lectura reversiva de la historiograf\u00eda colombiana.<\/p>\n<p style=\"text-align: justify;\"><strong>27 de Mayo de 2010<br \/>\n<\/strong>09:00 a.m. \u2013 10:30 a.m. Sala 1, Mesa de trabajo 15<br \/>\nIndependentismo incesante: los problemas de la dependencia y la soberan\u00eda en las revoluciones latinoamericanas del siglo XX\u00a0 (Parte I)<br \/>\nPresidente de mesa: Alfonso M\u00fanera Cavad\u00eda, Universidad de Cartagena (Colombia)<\/p>\n<p style=\"text-align: justify;\">Patricia Campos Rodr\u00edguez,\u00a0 Universidad de Guanajuato (M\u00e9xico)<br \/>\n\u00bfRebeldes, gavillas, alzados, bandoleros, pronunciados, revolucionarios? Disturbios sociales en Guanajuato: 1856-1875<\/p>\n<p style=\"text-align: justify;\">Felipe Mac\u00edas Gloria, Universidad de Guanajuato (M\u00e9xico)<br \/>\nPonencia: Un dilema de la postrevoluci\u00f3n: el conflicto religioso de 1926. El caso de Guanajuato<\/p>\n<p style=\"text-align: justify;\">Armando Sandoval Pierres, Universidad de Guanajuato (M\u00e9xico)<br \/>\nPonencia: La insurgencia independentista en el contexto del auge y la decadencia minera en la ciudad de Guanajuato M\u00e9xico, 1770-1820<\/p>\n<p style=\"text-align: justify;\">10:30 a.m. \u2013 12:00 m. Sala 1, Mesa de trabajo 16<br \/>\nIndependentismo incesante: los problemas de la dependencia y la soberan\u00eda en las revoluciones latinoamericanas del siglo XX\u00a0 (Parte II)<br \/>\nPresidente de mesa: Rosario M\u00e1rquez Mac\u00edas, Universidad de Huelva (Espa\u00f1a)<\/p>\n<p style=\"text-align: justify;\">Ra\u00fal Enr\u00edquez Valencia, Universidad de Florencia (Italia)<br \/>\nPonencia: Rebeliones y manifiestos sediciosos en el occidente de M\u00e9xico: antecedentes de la independencia de M\u00e9xico<\/p>\n<p style=\"text-align: justify;\">Franklin Knight, Johns Hopkins University\u00a0(Estados Unidos)<br \/>\nPonencia: Hait\u00ed en las revoluciones americanas<\/p>\n<p style=\"text-align: justify;\">Mario Mullo Sandoval, (Ecuador)<br \/>\nPonencia: Presencia y participaci\u00f3n del clero revolucionario en la gesta libertaria de 1809 en Quito.<\/p>\n<p style=\"text-align: justify;\">03:00 p.m. \u2013 04:30 p.m. Sala 1, Mesa de trabajo 17<br \/>\nMovilidad social y construcciones institucionales: consideraciones en torno al saldo hist\u00f3rico de las independencias latinoamericanas (Parte I)<br \/>\nPresidente de mesa: Michael Zeuske, Universidad de Colonia (Alemania)<\/p>\n<p style=\"text-align: justify;\">Leonel Mu\u00f1oz Paz, Universidad Central de Venezuela<br \/>\nPonencia: Las primeras elecciones americanas en Venezuela<\/p>\n<p style=\"text-align: justify;\">Tom\u00e1s Caballero, Universidad del Norte (Colombia)<br \/>\nPonencia: Cr\u00e9dito, monedas, comerciantes y prestamistas. El mercado financiero en Barranquilla entre 1849 y 1903<\/p>\n<p style=\"text-align: justify;\">Agust\u00edn Grajales Porras, Universidad Aut\u00f3noma de Puebla (M\u00e9xico)<br \/>\nPonencia: Composici\u00f3n de la poblaci\u00f3n antes del movimiento de independencia, Puebla, M\u00e9xico<\/p>\n<p style=\"text-align: justify;\">Willian Malkun Castillejo, Universidad de Cartagena (Colombia)<br \/>\nPonencia: Los motines contra Brioschi y la puesta en escena del antiimperialismo en Cartagena<\/p>\n<p style=\"text-align: justify;\">04:30 p.m. \u2013 06:00 p.m. Sala 1, Mesa de trabajo 18<br \/>\nMovilidad social y construcciones institucionales: consideraciones en torno al saldo hist\u00f3rico de las independencias latinoamericanas (Parte II)<br \/>\nPresidente de mesa: Arturo Sorhegui D\u00b4Mares, Universidad de la Habana (Cuba)<\/p>\n<p style=\"text-align: justify;\">Carlos Fallas Santamar\u00eda, Universidad de Costa Rica<br \/>\nPonencia: La modernidad pol\u00edtica y las demandas por la ciudadan\u00eda de los afrodescendientes. Cartago, 1808-1812<\/p>\n<p style=\"text-align: justify;\">Catalina Jim\u00e9nez Jim\u00e9nez, Universidad Sergio Arboleda (Colombia)<br \/>\nJos\u00e9 Alejandro Cepeda Jim\u00e9nez, Universidad Sergio Arboleda (Colombia)<br \/>\nPonencia: Opini\u00f3n p\u00fablica y ciudadana (1780- 1810)<\/p>\n<p style=\"text-align: justify;\">Lili\u00e1n Illades Aguiar, Universidad Aut\u00f3noma de Puebla (M\u00e9xico)<br \/>\nPonencia: Acuerdos de cabildo en el primer a\u00f1o de la insurgencia<\/p>\n<p style=\"text-align: justify;\">Alfonso M\u00fanera Cavad\u00eda, Universidad de Cartagena (Colombia)<br \/>\nPonencia: afrodescendientes en la rep\u00fablica del XIX: entre la ciudadan\u00eda y los levantamientos<\/p>\n<p style=\"text-align: justify;\">09:00 a.m. \u2013 10:30 a.m. Sala 2, Mesa de trabajo 19<br \/>\nMovilidad social y construcciones institucionales: consideraciones en torno al saldo hist\u00f3rico de las independencias latinoamericanas (Parte III)<br \/>\nPresidente de mesa: Oscar Loyola Vega, Secci\u00f3n Cubana ADHILAC<\/p>\n<p style=\"text-align: justify;\">Elizeth Payne Iglesias,\u00a0 Universidad de Costa Rica<br \/>\nPonencia: La protesta social en la provincia de Nicaragua. El caso de Granada, 1812<\/p>\n<p style=\"text-align: justify;\">Mar\u00eda del Carmen Barcia, Universidad de la Habana (Cuba)<br \/>\nPonencia: Un par\u00e9ntesis prerrevolucionario: 4 a\u00f1os de acciones populares en Cuba (1808-1812)<\/p>\n<p style=\"text-align: justify;\">Mar\u00eda Elina Tejerina,\u00a0 Universidad de Salta (Argentina)<br \/>\nMar\u00eda Fernanda Justiniano, Universidad de Salta (Argentina)<br \/>\nJuan Carlos Wizny, Universidad de C\u00e1diz (Espa\u00f1a)<br \/>\nPonencia: El proceso emancipador y estatuaria conmemorativa en Salta, Argentina 1885 \u2013 1913<\/p>\n<p style=\"text-align: justify;\">10:30 a.m.- 12:00 m. Sala 2, Mesa de trabajo 20<br \/>\nRecuperaci\u00f3n de la memoria de las luchas independentistas y sus diversas expresiones<br \/>\nPresidente de mesa: Jorge N\u00fa\u00f1ez S\u00e1nchez, Universidad Central del Ecuador<\/p>\n<p style=\"text-align: justify;\">Rold\u00e1n Esteva-Grillet, Universidad Central de Venezuela<br \/>\nPonencia: Las artes pl\u00e1sticas Venezolanas en el centenario de la independencia 1910-1911<\/p>\n<p style=\"text-align: justify;\">Jorge Mantilla, Universidad Aut\u00f3noma de Yucat\u00e1n (M\u00e9xico)<br \/>\nPonencia: Prensa e Independencia. El caso de Yucat\u00e1n M\u00e9xico<\/p>\n<p style=\"text-align: justify;\">Gloria In\u00e9s Mestre L\u00f3pez, Universidad Central (Colombia)<br \/>\nPonencia. Independencias, prensa\u00a0 y formaci\u00f3n de opini\u00f3n p\u00fablica<\/p>\n<p style=\"text-align: justify;\">Mar\u00eda Pilar Cagiao Vila, Universidad de Santiago de Compostela (Espa\u00f1a)<br \/>\nPonencia: Fuentes para el estudio de las conmemoraciones de las Independencias.<\/p>\n<p style=\"text-align: justify;\">03:00 p.m. \u2013 04:00 p.m. Sala 2, Mesa de trabajo 21<br \/>\nIndependencias y relaciones interamericanas: integraci\u00f3n y conflictos<br \/>\nPresidente de mesa: Cristian Cwik, Universidad de Colonia (Alemania)<\/p>\n<p style=\"text-align: justify;\">Luis Fernando Ayerbe, Universidad Estadual Paulista UNESP (Brasil)<br \/>\nPonencia: Ejes Estrat\u00e9gicos de la Pol\u00edtica exterior para Am\u00e9rica latina y Caribe en los Gobiernos de George W. Bush y Barack Obama<br \/>\nRoberto Gonz\u00e1lez Arana, Universidad del Norte (Colombia)<br \/>\nPonencia: Colombia y la integraci\u00f3n latinoamericana y caribe\u00f1a. Los nuevos retos<\/p>\n<p style=\"text-align: justify;\">04:00 p.m. \u2013 05:30 p.m. Sala 2, Mesa de trabajo 22<br \/>\nLucha independentista en Am\u00e9rica Latina y el Caribe (1800-1830)<br \/>\nPresidente de mesa: Ra\u00fal Rom\u00e1n Romero, Universidad Nacional de Colombia Sede Caribe<\/p>\n<p style=\"text-align: justify;\">Viviana Civitillo,\u00a0 Universidad de Buenos Aires (Argentina)<br \/>\nRub\u00e9n Francia, Universidad de Buenos Aires (Argentina)<br \/>\nPonencia: Modernidad, revoluci\u00f3n e independencias en el rio de la plata\u00a0 (1806-1830)<\/p>\n<p style=\"text-align: justify;\">Kl\u00e9ver Antonio Bravo, Historiador militar, Quito Ecuador<br \/>\nPonencia: Del Ej\u00e9rcito Libertario al Ej\u00e9rcito Republicano: un an\u00e1lisis comparativo entre el Ej\u00e9rcito Quite\u00f1o de 1809 y el Ej\u00e9rcito Ecuatoriano de 1909<\/p>\n<p style=\"text-align: justify;\">Javier Gomezjurado Zevallos, \u00a0 Academia Nacional de Historia del Ecuador<br \/>\nPonencia: Quito en los albores del siglo XIX, los preparativos y consecuencias del golpe del 10 de agosto de 1809, y la matanza de los pr\u00f3ceres de la independencia\u00bb.<\/p>\n<p style=\"text-align: justify;\">Jos\u00e9 Chez Checo, Academia Dominicana de la Historia (Rep\u00fablica Dominicana)<br \/>\nPonencia: Peculiaridades del proceso independentista de Rep\u00fablica Dominicana<\/p>\n<p style=\"text-align: justify;\">05:30 p.m. \u2013 06:30 p.m. Sala 2<br \/>\nPresentaci\u00f3n del M\u00e1ster Iberoamericano de Historia Comparada<br \/>\nRosario M\u00e1rquez Mac\u00edas, Universidad de Huelva (Espa\u00f1a)<\/p>\n<p style=\"text-align: justify;\">09:00 a.m. \u2013 10:30 a.m. Sala 3, Mesa de trabajo 23<br \/>\nSoberan\u00edas pre-independentistas en el Caribe continental de Suram\u00e9rica y del Istmo (siglo XVIII)<br \/>\nPresidente de mesa: Juan Paz y Mi\u00f1o y Cepeda, Vicepresidente ADHILAC (Ecuador)<\/p>\n<p style=\"text-align: justify;\">Christian Daniel Cwik, Universidad de Colonia (Alemania)<br \/>\nPonencia: los territorios soberanos y aut\u00f3nomas de las Guayanas<\/p>\n<p style=\"text-align: justify;\">Michael Zeuske, Universidad de Colonia (Alemania)<br \/>\nPonencia: Las regiones aut\u00f3nomas y soberanas de Venezuela<\/p>\n<p style=\"text-align: justify;\">Verena Andrea Muth, Universidad de Viena (Austria)<br \/>\nPonencia: El Dari\u00e9n como una zona de diferentes poderes soberanos<\/p>\n<p style=\"text-align: justify;\">Jos\u00e9 Trinidad Polo Acu\u00f1a, Universidad de Cartagena (Colombia)<br \/>\nPonencia: la Guajira como territorio soberano y aut\u00f3nomo de Espa\u00f1a<\/p>\n<p style=\"text-align: justify;\">10:30 a.m. \u2013 12:00 m.\u00a0 Sala\u00a0 3 Mesa de trabajo 24<br \/>\nVida cotidiana mentalidades, identidad y diversidad en la historia de las independencias de Am\u00e9rica Latina y el Caribe (Parte I)<br \/>\nPresidente de mesa: Sergio Paolo Solano, Universidad de Cartagena (Colombia)<\/p>\n<p style=\"text-align: justify;\">Alba H. Gonz\u00e1lez Reyes, Universidad Aut\u00f3noma de Baja California (M\u00e9xico)<br \/>\nPonencia: La construcci\u00f3n de identidades subjetivas en la historia de finales del siglo XIX hacia el XX<\/p>\n<p style=\"text-align: justify;\">Germ\u00e1n Rodas Chaves, Universidad Andina Sim\u00f3n Bol\u00edvar (Ecuador)<br \/>\nPonencia: Eugenio espejo y Antonio Nari\u00f1o: precursores de la ilustraci\u00f3n y de la independencia, quienes sellaron su compromiso y amistad en Bogot\u00e1<\/p>\n<p style=\"text-align: justify;\">Ethel Garc\u00eda Buchard, Universidad Costa Rica<br \/>\nPonencia: Propiedades y propietarios sociedad hondure\u00f1a siglo XIX<\/p>\n<p style=\"text-align: justify;\">Mar\u00eda del Pilar L\u00f3pez, Universidad Nacional de Colombia<br \/>\nPonencia: Objetos, soportes de im\u00e1genes republicanas, Nueva Granada 1810-1840<\/p>\n<p style=\"text-align: justify;\">03:00 p.m. \u2013 4:30 p.m. Sala 3, Mesa de trabajo 25<br \/>\nVida cotidiana mentalidades, identidad y diversidad en la historia de las independencias de Am\u00e9rica Latina y el Caribe (Parte II)<br \/>\nPresidente de mesa: Bernardo Garc\u00eda D\u00edaz, Universidad Veracruzana de M\u00e9xico<\/p>\n<p style=\"text-align: justify;\">Adriana Naveda Ch\u00e1vez, Universidad de Veracruzana (M\u00e9xico)<br \/>\nParticipaci\u00f3n esclava en la Guerra de Independencia. C\u00f3rdoba, Veracruz, M\u00e9xico.<\/p>\n<p style=\"text-align: justify;\">Veronique Benei, London School of Economics (Inglaterra)<br \/>\nPonencia: Olvido y memoria en Santa Marta: el punto ciego de la esclavitud<\/p>\n<p style=\"text-align: justify;\">Filiberta G\u00f3mez, Universidad de Veracruzana (M\u00e9xico)<br \/>\nAlgunos puertos del Golfo de M\u00e9xico en el per\u00edodo de la independencia<\/p>\n<p style=\"text-align: justify;\">Yolanda Ju\u00e1rez, Universidad de Veracruzana (M\u00e9xico)<br \/>\nPonencia: La poblaci\u00f3n afromestiza de Veracruz en la guerra de independencia<\/p>\n<p style=\"text-align: justify;\">04:30 p.m. \u2013 06:00 p.m. Sala 3, Mesa de trabajo 26<br \/>\nValoraciones del proceso emancipador en el centenario y bicentenario<br \/>\nPresidente de mesa: Franklin Knight, Johns Hopkins University\u00a0(Estados Unidos)<\/p>\n<p style=\"text-align: justify;\">Jes\u00fas Ra\u00fal Navarro Garc\u00eda, Consejo Superior de Investigaciones Cient\u00edficas CSIC (Espa\u00f1a)<br \/>\nPonencia: La estrategia desestabilizadora en Venezuela: el realismo peninsular, sus transmisores y sus potencialidades. Del constitucionalismo gaditano a la consolidaci\u00f3n Republicana<\/p>\n<p style=\"text-align: justify;\">Juan Paz y Mi\u00f1o y Cepeda, Vicepresidente ADHILAC (Ecuador)<br \/>\nPonencia: El bicentenario del inicio de los procesos de la independencia en Am\u00e9rica Latina.<\/p>\n<p style=\"text-align: justify;\">Maribel de la Cruz, Universidad de Cartagena (Colombia)<br \/>\nPonencia: Aspectos hist\u00f3ricos sobre las dependencias Latinoamericanas<\/p>\n<p style=\"text-align: justify;\">Alberto Gull\u00f3n Abao, Universidad de Cadiz (Espa\u00f1a)<br \/>\nPonencia: Algunas reflexiones sobre los Bicentenarios y la Constituci\u00f3n de C\u00e1diz de 1812.<\/p>\n<p style=\"text-align: justify;\">28 de Mayo de 2010<\/p>\n<p style=\"text-align: justify;\">09:00 a.m. \u2013 10:30 a.m. Sala 1, Mesa de trabajo 27<br \/>\nInd\u00edgenas, afrodescendientes y pol\u00edtica en el Caribe colombiano. 1750-1870 (Parte I)<br \/>\nPresidente de mesa: Mar\u00eda del Carmen Barcia, Universidad de la Habana (Cuba)<\/p>\n<p style=\"text-align: justify;\">Adriana Santos Delgado, Universidad del Valle (Colombia)<br \/>\nPonencia: Conectarse con Dios en la frontera. Impresos cat\u00f3licos y sociedad en la construcci\u00f3n de la Iglesia en Colombia: La experiencia del departamento del Magdalena en la segunda mitad del siglo XIX.<\/p>\n<p style=\"text-align: justify;\">Hugues R. S\u00e1nchez Mej\u00eda, Universidad del Valle (Colombia)<br \/>\nPonencia: Defendiendo al Rey por la tierra\u201d: Los ind\u00edgenas y su acceso a la tierra en el gobernaci\u00f3n de Santa Marta. 1770-1820<\/p>\n<p style=\"text-align: justify;\">Miguel Su\u00e1rez Aram\u00e9ndiz, Universidad del Valle (Colombia)<br \/>\nPonencia: Milicias, milicianos y redes sociales en la gobernaci\u00f3n de Santa Marta a finales del antiguo r\u00e9gimen. 1770-1810<\/p>\n<p style=\"text-align: justify;\">10:30 a.m. \u2013 12:00 m. Sala 1, Mesa de trabajo 28<br \/>\nInd\u00edgenas, afrodescendientes y pol\u00edtica en el Caribe colombiano. 1750-1870 (Parte II)<br \/>\nPresidente de mesa: Elizeth Payne Iglesias, Universidad de Costa Rica<\/p>\n<p style=\"text-align: justify;\">Sergio Paolo Solano, Universidad de Cartagena (Colombia)<br \/>\nPonencia: En torno a la configuraci\u00f3n socioracial del Caribe colombiano durante el siglo XIX. Fenotipo, genealog\u00eda e identidades ind\u00edgenas<\/p>\n<p style=\"text-align: justify;\">Roiser Florez, Universidad de Cartagena (Colombia)<br \/>\nPonencia: Ciudadan\u00eda, tradici\u00f3n y cultura pol\u00edtica en la provincia de Cartagena durante la primera mitad del siglo XIX<\/p>\n<p style=\"text-align: justify;\">William Chapman Quevedo, Universidad Militar de Colombia<br \/>\nPonencia: Bandoleros, facciosos, rebeldes y conspiradores en Cartagena, 1832-1853<\/p>\n<p style=\"text-align: justify;\">09:00 a.m. \u2013 10:00 a.m. Sala 2 Mesa de trabajo 29<br \/>\nInfluencia de la Revoluci\u00f3n Mexicana en Am\u00e9rica Latina.<br \/>\nPresidente de mesa: Veronique Benei, London School of Economics (Inglaterra)<\/p>\n<p style=\"text-align: justify;\">Alfredo Elgado Calder\u00f3n, Universidad Veracruzana de M\u00e9xico<br \/>\nPonencia: Or\u00edgenes de la Revoluci\u00f3n mexicana en el Sotavento veracruzano. Causas y detonadores.<\/p>\n<p style=\"text-align: justify;\">Bernardo Garc\u00eda D\u00edaz, Universidad Veracruzana de M\u00e9xico<br \/>\nPonencia: Los trabajadores del valle de Orizaba y la Revoluci\u00f3n mexicana.<\/p>\n<p style=\"text-align: justify;\">Sergio Guerra Vilaboy, Secretario Ejecutivo ADHILAC<br \/>\nPonencia: Influencia de la Revoluci\u00f3n Mexicana en Am\u00e9rica Latina: el caso de Cuba<br \/>\nAlejo Maldonado Gallardo, Universidad Michoacana De San Nicol\u00e1s De Hidalgo (M\u00e9xico)<br \/>\nPonencia: L\u00e1zaro C\u00e1rdenas y la revoluci\u00f3n mexicana (1910-1917)<\/p>\n<p style=\"text-align: justify;\">10:00 a.m. \u2013 12:00 a.m. Sala 2<br \/>\n<span style=\"color: #000000;\">Proyecci\u00f3n de una pel\u00edcula. La conspiraci\u00f3n de Aponte<\/span><\/p>\n<p style=\"text-align: justify;\">03:00 p.m. \u2013 04:00 p.m. Conferencia Magistral de Clausura:<br \/>\nBol\u00edvar y su significaci\u00f3n hist\u00f3rica en la descolonizaci\u00f3n del mundo.<br \/>\nJorge N\u00fa\u00f1ez S\u00e1nchez, (Ex presidente ADHILAC). Universidad Central del Ecuador<\/p>\n<p style=\"text-align: justify;\">03:00 p.m. \u2013 05:00 p.m. Inscripciones de nuevos miembros a la Asociaci\u00f3n.<\/p>\n<p style=\"text-align: justify;\">04:00 p.m. \u2013 06:00 p.m. Asamblea General y elecci\u00f3n de nueva Junta Directiva.<\/p>\n<p style=\"text-align: justify;\">08:00 p.m. Actos culturales de clausura<\/p>\n<p style=\"text-align: justify;\"><strong>29 de Mayo de 2010<\/strong><\/p>\n<p style=\"text-align: justify;\">Actividades culturales e hist\u00f3ricas en la ciudad<br \/>\nVisita a Cartagena de Indias<br \/>\nVisita Parque Natural Tayrona<\/p>\n<p style=\"text-align: justify;\">Nota: Estas actividades ser\u00e1n coordinadas por la Agencia de viajes patrocinadora del evento Aviatur con quien cada interesado deber\u00e1 entenderse para estos fines.<br \/>\nContacto: para mayor informaci\u00f3n de hospedaje y movilidad nacional e internacional hacia Santa Marta y lugar de destino contactar a los representantes de la agencia de viajes.<\/p>\n<p style=\"text-align: justify;\">a_quintero@aviatur.com.co<br \/>\nyazmitceledon@aviatur.com.co<br \/>\nluz.escorcia@aviatur.com.co<br \/>\nj_polo@aviatur.com.co<\/p>\n<p style=\"text-align: justify;\">&nbsp;<\/p>\n<p style=\"text-align: justify;\"><strong>PRIMERA CIRCULAR\u00a0<a href=\"https:\/\/adhilac.com.ar\/?p=448\">(Ver)<\/a><\/strong><\/p>\n<p style=\"text-align: justify;\">&nbsp;<\/p>\n<p style=\"text-align: justify;\"><strong>Publicado por ADHILAC Internacional \u00a9 www.adhilac.com.ar<\/strong><\/p>\n<p style=\"text-align: justify;\">Si Ud. desea asociarse de acuerdo a los Estatutos de ADHILAC\u00a0<a title=\"(ver)\" href=\"https:\/\/adhilac.com.ar\/?page_id=263\">(ver)<\/a> complete el siguiente formulario\u00a0<a title=\"(ver)\" href=\"https:\/\/adhilac.com.ar\/?page_id=3194\">(ver)<\/a><\/p>\n<p style=\"text-align: justify;\">E-mail: info@adhilac.com.ar<strong> <\/strong><\/p>\n<p style=\"text-align: justify;\">Twitter: @AdhilacInfo<\/p>\n","protected":false},"excerpt":{"rendered":"<p>PROGRAMA IX Congreso Internacional de la Asociaci\u00f3n de Historiadores Latinoamericanos y del Caribe (ADHILAC) Santa Marta 25 al 29 de Mayo 25 de Mayo de 2010 Quinta de San Pedro Alejandrino 8:00 a.m. \u2013 5:00 p.m. Inscripciones, entrega de credenciales y materiales de trabajo 5:00 p.m. &#8211;\u00a0 8:00 p.m. Acto de Inauguraci\u00f3n del evento (Altar [&hellip;]<\/p>\n","protected":false},"author":2,"featured_media":0,"comment_status":"closed","ping_status":"closed","sticky":false,"template":"","format":"standard","meta":{"_crdt_document":"","footnotes":""},"categories":[69,3,5],"tags":[13,25],"class_list":["post-1474","post","type-post","status-publish","format-standard","hentry","category-adhilac-colombia","category-adhilac-inter","category-congresos","tag-america-latina","tag-nuestra-america"],"_links":{"self":[{"href":"https:\/\/adhilac.com.ar\/index.php?rest_route=\/wp\/v2\/posts\/1474","targetHints":{"allow":["GET"]}}],"collection":[{"href":"https:\/\/adhilac.com.ar\/index.php?rest_route=\/wp\/v2\/posts"}],"about":[{"href":"https:\/\/adhilac.com.ar\/index.php?rest_route=\/wp\/v2\/types\/post"}],"author":[{"embeddable":true,"href":"https:\/\/adhilac.com.ar\/index.php?rest_route=\/wp\/v2\/users\/2"}],"replies":[{"embeddable":true,"href":"https:\/\/adhilac.com.ar\/index.php?rest_route=%2Fwp%2Fv2%2Fcomments&post=1474"}],"version-history":[{"count":9,"href":"https:\/\/adhilac.com.ar\/index.php?rest_route=\/wp\/v2\/posts\/1474\/revisions"}],"predecessor-version":[{"id":6412,"href":"https:\/\/adhilac.com.ar\/index.php?rest_route=\/wp\/v2\/posts\/1474\/revisions\/6412"}],"wp:attachment":[{"href":"https:\/\/adhilac.com.ar\/index.php?rest_route=%2Fwp%2Fv2%2Fmedia&parent=1474"}],"wp:term":[{"taxonomy":"category","embeddable":true,"href":"https:\/\/adhilac.com.ar\/index.php?rest_route=%2Fwp%2Fv2%2Fcategories&post=1474"},{"taxonomy":"post_tag","embeddable":true,"href":"https:\/\/adhilac.com.ar\/index.php?rest_route=%2Fwp%2Fv2%2Ftags&post=1474"}],"curies":[{"name":"wp","href":"https:\/\/api.w.org\/{rel}","templated":true}]}}