{"id":14776,"date":"2019-01-31T05:31:54","date_gmt":"2019-01-31T08:31:54","guid":{"rendered":"https:\/\/adhilac.com.ar\/?p=14776"},"modified":"2019-02-01T15:07:41","modified_gmt":"2019-02-01T18:07:41","slug":"ii-congreso-internacional-%c2%a1zapata-vive-universidad-autonoma-chapingo-10-y-11-de-abril-de-2019","status":"publish","type":"post","link":"https:\/\/adhilac.com.ar\/?p=14776","title":{"rendered":"II Congreso Internacional \u00a1ZAPATA VIVE! Universidad Aut\u00f3noma Chapingo, 10 y 11 de abril de 2019"},"content":{"rendered":"<h3 style=\"text-align: justify;\"><span style=\"color: #339966;\">CONVOCATORIA<\/span><\/h3>\n<p style=\"text-align: justify;\"><strong><strong>I CONGRESO INTERNACIONAL \u00a1ZAPATA VIVE!<\/strong><br \/>\n<strong>Legado hist\u00f3rico de Emiliano Zapata Salazar a 100 a\u00f1os de su fallecimiento.<\/strong><br \/>\nUniversidad Aut\u00f3noma Chapingo, 10 y 11 de abril de 2019.<\/strong><\/p>\n<p style=\"text-align: justify;\"><strong>UNIVERSIDAD AUT<\/strong><strong>\u00d3<\/strong><strong>NOMA CHAPINGO. M<\/strong><strong>\u00c9<\/strong><strong>XICO.<\/strong><br \/>\n<strong>C<\/strong><strong>\u00c1<\/strong><strong>TEDRA <\/strong><strong>\u201c<\/strong><strong>EMILIANO ZAPATA SALAZAR<\/strong><strong>\u201d<\/strong><strong>.<\/strong><br \/>\nCoordinadora Nacional \u201cPlan de Ayala\u201d.\u00a0Fundaci\u00f3n \u201cEmiliano Zapata y los Herederos de la Revoluci\u00f3n\u201d.<br \/>\nInstituto Pro-veteranos de la Revoluci\u00f3n del Sur.\u00a0Asociaci\u00f3n de Historiadores Latinoamericanos y del Caribe.\u00a0Universidad de Camag\u00fcey, Cuba.\u00a0Universidad Aut\u00f3noma del Estado de M\u00e9xico. Universidad de los Pueblos del Sur.\u00a0El Colegio de Morelos.\u00a0Instituto de Investigaciones Socioambientales, Educativas y Human\u00edsticas para el Medio Rural. Seminario Permanente de Investigaci\u00f3n y Divulgaci\u00f3n Hist\u00f3rica de la Regi\u00f3n y Oriente del Estado de M\u00e9xico.\u00a0Consejo de Cultura Valle de Chalco.\u00a0Programa de Humanidades.<\/p>\n<p style=\"text-align: justify;\"><strong> <\/strong><\/p>\n<p style=\"text-align: justify;\"><strong>INVITAN AL<!--more--><\/strong><\/p>\n<p><strong>II CONGRESO INTERNACIONAL \u00a1ZAPATA VIVE!<\/strong><br \/>\n<strong>Legado hist\u00f3rico de Emiliano Zapata Salazar a 100 a\u00f1os de su fallecimiento.<\/strong><br \/>\nUniversidad Aut\u00f3noma Chapingo, 10 y 11 de abril de 2019.<\/p>\n<p style=\"text-align: justify;\">&nbsp;<\/p>\n<p style=\"text-align: justify;\"><strong>2019 <\/strong><strong> <\/strong><\/p>\n<p style=\"text-align: justify;\"><strong>A\u00d1O DEL CAUDILLO DEL SUR, GRAL. EMILIANO ZAPATA SALAZAR <\/strong><strong> <\/strong><\/p>\n<p style=\"text-align: justify;\"><strong> <\/strong><\/p>\n<p style=\"text-align: justify;\">Buscando rescatar la trascendencia del movimiento zapatista, conmemoraremos el centenario luctuoso del general Emiliano Zapata Salazar, perpetuado el 10 de abril de 2019, con la celebraci\u00f3n del II Congreso Internacional \u201cZapata Vive\u201d; para ello, la C\u00e1tedra \u201cEmiliano Zapata Salazar\u201d, Coordinadora Nacional \u201cPlan de Ayala\u201d, Fundaci\u00f3n \u201cEmiliano Zapata y los Herederos de la Revoluci\u00f3n\u201d e instituciones hermanas, invitan a investigadores, docentes, luchadores sociales, organizaciones campesinas y populares e interesados en el estudio y pr\u00e1ctica del zapatismo en M\u00e9xico y en el Mundo, a participar en el II Congreso Internacional \u00a1Zapata Vive!, que se realizar\u00e1 los d\u00edas 10 y 11 de abril de 2019 en la Universidad Aut\u00f3noma Chapingo, ubicada en el Km. 38.5 Carretera M\u00e9xico-Texcoco, Chapingo, C\u00f3digo Postal 56230, Texcoco de Mora, Estado de M\u00e9xico, M\u00e9xico.<\/p>\n<p style=\"text-align: justify;\">&nbsp;<\/p>\n<p style=\"text-align: justify;\"><strong>MESAS TEM<\/strong><strong>\u00c1<\/strong><strong>TICAS:<\/strong><\/p>\n<p style=\"text-align: justify;\"><strong> <\/strong><\/p>\n<p style=\"text-align: justify;\">Legado de Emiliano Zapata Salazar.<\/p>\n<p style=\"text-align: justify;\">\u201cPlan de Ayala\u201d Siglo XXI.<\/p>\n<p style=\"text-align: justify;\">Zapatismo, Identidad y Cultura.<\/p>\n<p style=\"text-align: justify;\">Vigencia del Zapatismo.<\/p>\n<p style=\"text-align: justify;\">La ENA y el Zapatismo.<\/p>\n<p style=\"text-align: justify;\">Impacto del zapatismo en el mundo.<\/p>\n<p style=\"text-align: justify;\">Agrarismo<\/p>\n<p style=\"text-align: justify;\">Luchas sociales<\/p>\n<p style=\"text-align: justify;\">&nbsp;<\/p>\n<p style=\"text-align: justify;\">&nbsp;<\/p>\n<p style=\"text-align: justify;\"><strong>FECHAS IMPORTANTES:<\/strong><strong> <\/strong><\/p>\n<p style=\"text-align: justify;\">\u25aa\u00a0\u00a0\u00a0\u00a0 25 de marzo de 2019, l\u00edmite para enviar resumen de ponencia in\u00e9dita de hasta media cuartilla, se\u00f1alando: nombre de Mesa de Trabajo en la que desean participar, nombre completo del ponente, instituci\u00f3n donde labora, Correo Electr\u00f3nico y el pa\u00eds de procedencia.<\/p>\n<p style=\"text-align: justify;\">\u25aa\u00a0\u00a0\u00a0\u00a0 28 de marzo de 2019, plazo m\u00e1ximo para que el Comit\u00e9 Organizador remita dictamen de propuesta de ponencia.<\/p>\n<p style=\"text-align: justify;\">\u25aa\u00a0\u00a0\u00a0\u00a0 3 de marzo de 2019, fecha l\u00edmite de entrega de ponencia completa de un m\u00e1ximo de 20 cuartillas.<\/p>\n<p style=\"text-align: justify;\">\u25aa\u00a0\u00a0\u00a0\u00a0 10 y 11 celebraci\u00f3n del Congreso.<\/p>\n<p style=\"text-align: justify;\">&nbsp;<\/p>\n<p style=\"text-align: justify;\"><strong>INFORMACI\u00d3N RELEVANTE:<\/strong><strong> <\/strong><\/p>\n<p style=\"text-align: justify;\"><strong> Ponencias:<\/strong><strong> <\/strong><\/p>\n<p style=\"text-align: justify;\">\u25aa\u00a0\u00a0\u00a0\u00a0 Se aceptar\u00e1 hasta dos ponencias por ponente u equipo.<\/p>\n<p style=\"text-align: justify;\">\u25aa\u00a0\u00a0\u00a0\u00a0 Los trabajos colectivos ser\u00e1n de hasta un m\u00e1ximo de dos miembros, considerando que cada uno deber\u00e1 pagar la inscripci\u00f3n correspondiente.<\/p>\n<p style=\"text-align: justify;\">\u25aa\u00a0\u00a0\u00a0\u00a0 Tiempo de exposici\u00f3n: 20 mts.<\/p>\n<p style=\"text-align: justify;\">\u25aa\u00a0\u00a0\u00a0\u00a0 Formato de ponencia: Escrito en Arial, 12 puntos, 1.5 de espacio entre l\u00edneas. Estructura: Titulo, Autor y Adscripci\u00f3n. Introducci\u00f3n, Desarrollo Tem\u00e1tico, Conclusiones y Fuentes Consultadas,<\/p>\n<p style=\"text-align: justify;\">\u25aa\u00a0\u00a0\u00a0\u00a0 Resumen y ponencia en extenso deber\u00e1n enviarse a: Edgar Castro Zapata, Miguel \u00c1ngel S\u00e1mano Renter\u00eda y Marco Antonio Anaya P\u00e9rez:<\/p>\n<p style=\"text-align: justify;\">congresointer.zapatavive@gmail.com<\/p>\n<p style=\"text-align: justify;\"><strong> <\/strong><\/p>\n<p style=\"text-align: justify;\"><strong>Inscripci\u00f3n:<\/strong><strong> <\/strong><\/p>\n<p style=\"text-align: justify;\">\u25aa\u00a0\u00a0\u00a0\u00a0 Ponente profesionista nacional y extranjero $1,800.00 M\/N.<\/p>\n<p style=\"text-align: justify;\">\u25aa\u00a0\u00a0\u00a0\u00a0 Ponentes nacionales externos a la Universidad Aut\u00f3noma Chapingo que soliciten y justifiquen un descuento en la Inscripci\u00f3n, se les otorgar\u00e1 de acuerdo a su solicitud y las posibilidades de los organizadores.<\/p>\n<p style=\"text-align: justify;\">\u25aa\u00a0\u00a0\u00a0\u00a0 Ponente de la Universidad Aut\u00f3noma Chapingo y de organizaciones campesinas, obreras, culturales y populares: exentos de pago.<\/p>\n<p style=\"text-align: justify;\">\u25aa\u00a0\u00a0\u00a0\u00a0 Alumnos de licenciatura y Posgrado en su car\u00e1cter de asistentes: exentos de pago.<\/p>\n<p style=\"text-align: justify;\">\u25aa\u00a0\u00a0\u00a0\u00a0 El pago de la cuota de inscripci\u00f3n se realizar\u00e1 en el momento de su inscripci\u00f3n al Congreso.<\/p>\n<p style=\"text-align: justify;\">&nbsp;<\/p>\n<p style=\"text-align: justify;\"><strong> <\/strong><\/p>\n<p style=\"text-align: justify;\"><strong>COMIT\u00c9 ORGANIZADOR<\/strong><strong> <\/strong><\/p>\n<p style=\"text-align: justify;\">Edgar Castro Zapata (M\u00e9xico), Otilio Garc\u00eda Mungu\u00eda, Francisco Pineda G\u00f3mez (M\u00e9xico), John Womack Jr. (USA), Paul Hart (USA), Yadermis Tejeda El\u00edas, Salvador Rueda (M\u00e9xico), Carlos Barreto Zamudio (M\u00e9xico), Margarita Zapata Chousel (M\u00e9xico), Edgar Dami\u00e1n Rojano (M\u00e9xico), Edgar Dami\u00e1n Rojano (M\u00e9xico), Jon Guido Bertelli\u00a0 (Italia), Cesar Lorenzano (Argentina), Mario Mart\u00ednez S\u00e1nchez\u00a0 (M\u00e9xico), Dante Aguilar Dom\u00ednguez (M\u00e9xico), Mart\u00edn Ram\u00edrez\u00a0 (USA), El\u00edas Almanza (M\u00e9xico), Felipe Av\u00edla (M\u00e9xico), Pedro Salmer\u00f3n (M\u00e9xico), Luz Mar\u00eda Hermoso Santamar\u00eda (M\u00e9xico), Cintya Ang\u00e9lica Montes Samayoa (M\u00e9xico), Marco Antonio Anaya P\u00e9rez (M\u00e9xico), Miguel \u00c1ngel S\u00e1mano Renter\u00eda (M\u00e9xico), Ana Mar\u00eda L\u00f3pez Rodr\u00edguez (M\u00e9xico), Hugo Guerrero (M\u00e9xico), \u00c1lvaro Gonz\u00e1lez P\u00e9rez (M\u00e9xico), Ernesto Dzul Canche (M\u00e9xico), Wilbert Gilberto Novelo Manrique (M\u00e9xico), Rolando Rosas Galicia (M\u00e9xico), Miguel \u00c1ngel Leal Menchaca (M\u00e9xico), Arturo Trejo Villafuerte (M\u00e9xico), Eduardo Villegas Guevara (M\u00e9xico), Sof\u00eda Torres Jim\u00e9nez (M\u00e9xico), Gabriela Vargas Flores (M\u00e9xico), Mitl Donaji Duran Arroyo (M\u00e9xico), Jenaro Reynoso Jaime (M\u00e9xico), Baruc Mart\u00ednez D\u00edaz (M\u00e9xico).<\/p>\n<p><strong>Publicado por ADHILAC Internacional \u00a9 www.adhilac.com.ar<\/strong><\/p>\n<p>Si Ud. desea asociarse de acuerdo a los Estatutos de ADHILAC\u00a0<strong><a title=\"(ver)\" href=\"https:\/\/adhilac.com.ar\/?page_id=263\">(ver)<\/a><\/strong> complete el siguiente formulario\u00a0<strong><a title=\"(ver)\" href=\"https:\/\/adhilac.com.ar\/?page_id=3194\">(ver)<\/a><\/strong><\/p>\n<p>E-mail:\u00a0info@adhilac.com.ar<strong> <\/strong>Twitter: @AdhilacInfo<\/p>\n","protected":false},"excerpt":{"rendered":"<p>CONVOCATORIA I CONGRESO INTERNACIONAL \u00a1ZAPATA VIVE! Legado hist\u00f3rico de Emiliano Zapata Salazar a 100 a\u00f1os de su fallecimiento. Universidad Aut\u00f3noma Chapingo, 10 y 11 de abril de 2019. UNIVERSIDAD AUT\u00d3NOMA CHAPINGO. M\u00c9XICO. C\u00c1TEDRA \u201cEMILIANO ZAPATA SALAZAR\u201d. Coordinadora Nacional \u201cPlan de Ayala\u201d.\u00a0Fundaci\u00f3n \u201cEmiliano Zapata y los Herederos de la Revoluci\u00f3n\u201d. Instituto Pro-veteranos de la Revoluci\u00f3n del [&hellip;]<\/p>\n","protected":false},"author":2,"featured_media":0,"comment_status":"closed","ping_status":"closed","sticky":false,"template":"","format":"standard","meta":{"_crdt_document":"","footnotes":""},"categories":[76,5,40],"tags":[335,121],"class_list":["post-14776","post","type-post","status-publish","format-standard","hentry","category-adhilac-mexico","category-congresos","category-informaciones","tag-emiliano-zapata","tag-mexico"],"_links":{"self":[{"href":"https:\/\/adhilac.com.ar\/index.php?rest_route=\/wp\/v2\/posts\/14776","targetHints":{"allow":["GET"]}}],"collection":[{"href":"https:\/\/adhilac.com.ar\/index.php?rest_route=\/wp\/v2\/posts"}],"about":[{"href":"https:\/\/adhilac.com.ar\/index.php?rest_route=\/wp\/v2\/types\/post"}],"author":[{"embeddable":true,"href":"https:\/\/adhilac.com.ar\/index.php?rest_route=\/wp\/v2\/users\/2"}],"replies":[{"embeddable":true,"href":"https:\/\/adhilac.com.ar\/index.php?rest_route=%2Fwp%2Fv2%2Fcomments&post=14776"}],"version-history":[{"count":6,"href":"https:\/\/adhilac.com.ar\/index.php?rest_route=\/wp\/v2\/posts\/14776\/revisions"}],"predecessor-version":[{"id":14802,"href":"https:\/\/adhilac.com.ar\/index.php?rest_route=\/wp\/v2\/posts\/14776\/revisions\/14802"}],"wp:attachment":[{"href":"https:\/\/adhilac.com.ar\/index.php?rest_route=%2Fwp%2Fv2%2Fmedia&parent=14776"}],"wp:term":[{"taxonomy":"category","embeddable":true,"href":"https:\/\/adhilac.com.ar\/index.php?rest_route=%2Fwp%2Fv2%2Fcategories&post=14776"},{"taxonomy":"post_tag","embeddable":true,"href":"https:\/\/adhilac.com.ar\/index.php?rest_route=%2Fwp%2Fv2%2Ftags&post=14776"}],"curies":[{"name":"wp","href":"https:\/\/api.w.org\/{rel}","templated":true}]}}