{"id":1484,"date":"2010-05-12T22:10:44","date_gmt":"2010-05-13T01:10:44","guid":{"rendered":"https:\/\/adhilac.com.ar\/?p=1484"},"modified":"2012-07-28T15:44:36","modified_gmt":"2012-07-28T18:44:36","slug":"proclama-de-la-junta-de-tuitiva-la-paz-27-de-julio-de-1809","status":"publish","type":"post","link":"https:\/\/adhilac.com.ar\/?p=1484","title":{"rendered":"Proclama de la Junta de Tuitiva, La Paz, 27 de julio de 1809"},"content":{"rendered":"<p style=\"text-align: justify;\"><em><span style=\"color: #339966;\">Nuestro especial agradecimiento a la Lic. Marcela Inch, Directora del Archivo y Biblioteca Nacionales de Bolivia por enviar estas im\u00e1genes hist\u00f3ricas a la ADHILAC<\/span><\/em><\/p>\n<p style=\"text-align: justify;\"><strong><a href=\"https:\/\/adhilac.com.ar\/wp-content\/uploads\/2010\/05\/EM3_1-02.jpg\"><img loading=\"lazy\" decoding=\"async\" class=\"size-full wp-image-1492 alignleft\" title=\"EM3_1-02\" src=\"https:\/\/adhilac.com.ar\/wp-content\/uploads\/2010\/05\/EM3_1-02.jpg\" alt=\"\" width=\"161\" height=\"226\" \/><\/a>Copia  de la Proclama de la Junta de Tuitiva de la La Paz<\/strong><\/p>\n<p>(ABNB, Em 3)<\/p>\n<p>Nuestra Se\u00f1ora de La Paz<br \/>\n27 de julio de 1809<!--more--><\/p>\n<p>&nbsp;<\/p>\n<p>&nbsp;<\/p>\n<p>&nbsp;<\/p>\n<p>&nbsp;<\/p>\n<p style=\"text-align: justify;\"><strong><br \/>\n<\/strong><\/p>\n<h3 style=\"text-align: justify;\"><span style=\"color: #800000;\"><img loading=\"lazy\" decoding=\"async\" class=\"aligncenter size-full wp-image-1492\" title=\"EM3_1-02\" src=\"https:\/\/adhilac.com.ar\/wp-content\/uploads\/2010\/05\/EM3_1-02.jpg\" alt=\"EM3_1-02\" width=\"449\" height=\"627\" \/><\/span><\/h3>\n<p><span style=\"color: #800000;\"><br \/>\n<\/span><\/p>\n<p style=\"text-align: justify;\"><img loading=\"lazy\" decoding=\"async\" class=\"aligncenter size-full wp-image-1494\" title=\"EM3_1v -02\" src=\"https:\/\/adhilac.com.ar\/wp-content\/uploads\/2010\/05\/EM3_1v-02.jpg\" alt=\"EM3_1v -02\" width=\"449\" height=\"637\" \/><\/p>\n<p>&nbsp;<\/p>\n<p><strong>Publicado por ADHILAC Internacional \u00a9 www.adhilac.com.ar<\/strong><\/p>\n<p>Si Ud. desea asociarse de acuerdo a los Estatutos de ADHILAC\u00a0<a title=\"(ver)\" href=\"https:\/\/adhilac.com.ar\/?page_id=263\">(ver)<\/a> complete el siguiente formulario\u00a0<a title=\"(ver)\" href=\"https:\/\/adhilac.com.ar\/?page_id=3194\">(ver)<\/a><\/p>\n<p>E-mail: info@adhilac.com.ar<strong> <\/strong><\/p>\n<p>Twitter: @AdhilacInfo<\/p>\n","protected":false},"excerpt":{"rendered":"<p>Nuestro especial agradecimiento a la Lic. Marcela Inch, Directora del Archivo y Biblioteca Nacionales de Bolivia por enviar estas im\u00e1genes hist\u00f3ricas a la ADHILAC Copia de la Proclama de la Junta de Tuitiva de la La Paz (ABNB, Em 3) Nuestra Se\u00f1ora de La Paz 27 de julio de 1809<\/p>\n","protected":false},"author":2,"featured_media":0,"comment_status":"closed","ping_status":"closed","sticky":false,"template":"","format":"standard","meta":{"_crdt_document":"","footnotes":""},"categories":[6,8],"tags":[22],"class_list":["post-1484","post","type-post","status-publish","format-standard","hentry","category-biblioteca","category-fuentes-testimonios","tag-emancipacion-americana"],"_links":{"self":[{"href":"https:\/\/adhilac.com.ar\/index.php?rest_route=\/wp\/v2\/posts\/1484","targetHints":{"allow":["GET"]}}],"collection":[{"href":"https:\/\/adhilac.com.ar\/index.php?rest_route=\/wp\/v2\/posts"}],"about":[{"href":"https:\/\/adhilac.com.ar\/index.php?rest_route=\/wp\/v2\/types\/post"}],"author":[{"embeddable":true,"href":"https:\/\/adhilac.com.ar\/index.php?rest_route=\/wp\/v2\/users\/2"}],"replies":[{"embeddable":true,"href":"https:\/\/adhilac.com.ar\/index.php?rest_route=%2Fwp%2Fv2%2Fcomments&post=1484"}],"version-history":[{"count":12,"href":"https:\/\/adhilac.com.ar\/index.php?rest_route=\/wp\/v2\/posts\/1484\/revisions"}],"predecessor-version":[{"id":1497,"href":"https:\/\/adhilac.com.ar\/index.php?rest_route=\/wp\/v2\/posts\/1484\/revisions\/1497"}],"wp:attachment":[{"href":"https:\/\/adhilac.com.ar\/index.php?rest_route=%2Fwp%2Fv2%2Fmedia&parent=1484"}],"wp:term":[{"taxonomy":"category","embeddable":true,"href":"https:\/\/adhilac.com.ar\/index.php?rest_route=%2Fwp%2Fv2%2Fcategories&post=1484"},{"taxonomy":"post_tag","embeddable":true,"href":"https:\/\/adhilac.com.ar\/index.php?rest_route=%2Fwp%2Fv2%2Ftags&post=1484"}],"curies":[{"name":"wp","href":"https:\/\/api.w.org\/{rel}","templated":true}]}}