{"id":15071,"date":"2019-08-16T14:49:17","date_gmt":"2019-08-16T17:49:17","guid":{"rendered":"https:\/\/adhilac.com.ar\/?p=15071"},"modified":"2019-08-16T22:02:54","modified_gmt":"2019-08-17T01:02:54","slug":"bienvenido-adhilac-capitulo-yucatan-2019","status":"publish","type":"post","link":"https:\/\/adhilac.com.ar\/?p=15071","title":{"rendered":"Bienvenido ADHILAC &#8211;  Cap\u00edtulo Yucat\u00e1n. 2019."},"content":{"rendered":"\n<p style=\"text-align:left\" class=\"has-text-color has-background has-normal-font-size has-very-light-gray-color has-vivid-red-background-color wp-block-paragraph\"><em>Damos la bienvenida  al  Cap\u00edtulo Yucat\u00e1n (M\u00e9xico) a la Asociaci\u00f3n de  Historiadores Latinoamericanos y del Caribe (ADHILAC)<\/em><\/p>\n\n\n\n<p class=\"wp-block-paragraph\"><strong>Acta Constitutiva del Cap\u00edtulo Yucat\u00e1n de la Asociaci\u00f3n de Historiadores Latinoamericanos  y  del  Caribe  (ADHILAC)<\/strong><\/p>\n\n\n\n<p class=\"wp-block-paragraph\">En la ciudad de M\u00e9rida, Yucat\u00e1n, M\u00e9xico a los diez d\u00edas del  mes  de  agosto del a\u00f1o  dos mil diecinueve, reunidos en la Biblioteca del Maestro de la Casa de la Historia de la Educaci\u00f3n de Yucat\u00e1n, en el domicilio calle 60 n\u00fam. 413  por  45  y  47  del  barrio  de Santa Ana con c\u00f3digo postal 9700,  los  abajo  firmantes  acordaron  la  fundaci\u00f3n  del Cap\u00edtulo Yucat\u00e1n de la  Asociaci\u00f3n  de  Historiadores  Latinoamericanos  y  del  Caribe (ADHILAC) , adhiri\u00e9ndose y respetando los Estatuados Generales de la ADHILAC.<\/p>\n\n\n\n<p class=\"wp-block-paragraph\"><br \/> El Cap\u00edtulo Yucat\u00e1n de la ADHILAC se plantea como objetivos generales los siguientes:<\/p>\n\n\n\n<!--more-->\n\n\n\n<ul class=\"wp-block-list\"><li>l. Contribuir a la formaci\u00f3n y profesionalizaci\u00f3n de los historiadores, revalorando su papel e importancia en la sociedad y favoreciendo el mejoramiento de sus condiciones laborales.<\/li><\/ul>\n\n\n\n<ul class=\"wp-block-list\"><li>2. Fomentar el desarrollo de la investigaci\u00f3n hist\u00f3rica, propiciando la generaci\u00f3n de medios para la publicaci\u00f3n, divulgaci\u00f3n y socializaci\u00f3n del conocimiento hist\u00f3rico.<\/li><\/ul>\n\n\n\n<ul class=\"wp-block-list\"><li>3. Impulsar el an\u00e1lisis de la producci\u00f3n en materia de investigaci\u00f3n hist\u00f3rica, de su impacto e importancia social mediante la celebraci\u00f3n de coloquios, reuniones, encuentros, foros y dem\u00e1s actividades afines.<\/li><\/ul>\n\n\n\n<ul class=\"wp-block-list\"><li>4. Promover las relaciones interdisciplinarias, interinstitucionales y desarrollar la ense\u00f1anza en el campo de las ciencias hist\u00f3ricas, as\u00ed como, fomentar el pensamiento hist\u00f3rico en la sociedad.<\/li><\/ul>\n\n\n\n<ul class=\"wp-block-list\"><li>5.  Coadyuvar a la valoraci\u00f3n y conservaci\u00f3n del patrimonio cultural e hist\u00f3rico. <\/li><\/ul>\n\n\n\n<p class=\"wp-block-paragraph\">El Cap\u00edtulo Yucat\u00e1n, en base al art\u00edculo XV I de los Estatutos de la ADHILAC, estar\u00e1 organizado para su operaci\u00f3n por un Presidente, un Secretario y miembros asociados, habi\u00e9ndose acordado el nombramiento del Dr. Jorge Castillo Canche como Presidente y el Lic. Juan Crist\u00f3bal Le\u00f3n Campos como Secretario del Cap\u00edtulo Yucat\u00e1n de la ADHILAC.<\/p>\n\n\n\n<p class=\"wp-block-paragraph\">Jorge Canto Alcocer                             Donaji Pool Aguilar<\/p>\n\n\n\n<p class=\"wp-block-paragraph\">Marion Guadalupe Garrido May      Mar\u00eda Jos\u00e9 Caamal Pech <\/p>\n\n\n\n<figure class=\"wp-block-image size-large\"><img loading=\"lazy\" decoding=\"async\" width=\"794\" height=\"1024\" src=\"https:\/\/adhilac.com.ar\/wp-content\/uploads\/2019\/08\/Firmas-ADHILAC_P\u00e1gina_2-794x1024.jpg\" alt=\"\" class=\"wp-image-15072\" srcset=\"https:\/\/adhilac.com.ar\/wp-content\/uploads\/2019\/08\/Firmas-ADHILAC_P\u00e1gina_2-794x1024.jpg 794w, https:\/\/adhilac.com.ar\/wp-content\/uploads\/2019\/08\/Firmas-ADHILAC_P\u00e1gina_2-233x300.jpg 233w, https:\/\/adhilac.com.ar\/wp-content\/uploads\/2019\/08\/Firmas-ADHILAC_P\u00e1gina_2-768x990.jpg 768w\" sizes=\"auto, (max-width: 794px) 100vw, 794px\" \/><\/figure>\n\n\n\n<figure class=\"wp-block-image size-large\"><img loading=\"lazy\" decoding=\"async\" width=\"792\" height=\"1024\" src=\"https:\/\/adhilac.com.ar\/wp-content\/uploads\/2019\/08\/Firmas-ADHILAC_P\u00e1gina_1-792x1024.jpg\" alt=\"\" class=\"wp-image-15073\" srcset=\"https:\/\/adhilac.com.ar\/wp-content\/uploads\/2019\/08\/Firmas-ADHILAC_P\u00e1gina_1-792x1024.jpg 792w, https:\/\/adhilac.com.ar\/wp-content\/uploads\/2019\/08\/Firmas-ADHILAC_P\u00e1gina_1-232x300.jpg 232w, https:\/\/adhilac.com.ar\/wp-content\/uploads\/2019\/08\/Firmas-ADHILAC_P\u00e1gina_1-768x992.jpg 768w\" sizes=\"auto, (max-width: 792px) 100vw, 792px\" \/><\/figure>\n\n\n\n<p class=\"wp-block-paragraph\"> <\/p>\n\n\n\n<p class=\"wp-block-paragraph\">Si Ud. desea asociarse de acuerdo a los Estatutos de ADHILAC&nbsp;<a href=\"https:\/\/adhilac.com.ar\/?page_id=263\">(ver)<\/a> complete el siguiente formulario&nbsp;<a href=\"https:\/\/adhilac.com.ar\/?page_id=3194\">(ver)<\/a><\/p>\n\n\n\n<p class=\"wp-block-paragraph\"><strong>Publicado por ADHILAC Internacional \u00a9 www.adhilac.com.ar<\/strong><\/p>\n\n\n\n<p class=\"wp-block-paragraph\"> E-mail:&nbsp;info@adhilac.com.ar <\/p>\n\n\n\n<p class=\"wp-block-paragraph\">\nTwitter: @AdhilacInfo\n\n<\/p>\n\n\n\n<p style=\"text-align:center\" class=\"has-text-color has-medium-font-size has-vivid-red-color wp-block-paragraph\"><em> <\/em><\/p>\n","protected":false},"excerpt":{"rendered":"<p>Damos la bienvenida al Cap\u00edtulo Yucat\u00e1n (M\u00e9xico) a la Asociaci\u00f3n de Historiadores Latinoamericanos y del Caribe (ADHILAC) Acta Constitutiva del Cap\u00edtulo Yucat\u00e1n de la Asociaci\u00f3n de Historiadores Latinoamericanos y del Caribe (ADHILAC) En la ciudad de M\u00e9rida, Yucat\u00e1n, M\u00e9xico a los diez d\u00edas del mes de agosto del a\u00f1o dos mil diecinueve, reunidos en la [&hellip;]<\/p>\n","protected":false},"author":37,"featured_media":0,"comment_status":"closed","ping_status":"closed","sticky":false,"template":"","format":"standard","meta":{"_crdt_document":"","footnotes":""},"categories":[76,351,40],"tags":[185,886,121],"class_list":["post-15071","post","type-post","status-publish","format-standard","hentry","category-adhilac-mexico","category-historiadores","category-informaciones","tag-adhilac","tag-capitulo-yucatan","tag-mexico"],"_links":{"self":[{"href":"https:\/\/adhilac.com.ar\/index.php?rest_route=\/wp\/v2\/posts\/15071","targetHints":{"allow":["GET"]}}],"collection":[{"href":"https:\/\/adhilac.com.ar\/index.php?rest_route=\/wp\/v2\/posts"}],"about":[{"href":"https:\/\/adhilac.com.ar\/index.php?rest_route=\/wp\/v2\/types\/post"}],"author":[{"embeddable":true,"href":"https:\/\/adhilac.com.ar\/index.php?rest_route=\/wp\/v2\/users\/37"}],"replies":[{"embeddable":true,"href":"https:\/\/adhilac.com.ar\/index.php?rest_route=%2Fwp%2Fv2%2Fcomments&post=15071"}],"version-history":[{"count":5,"href":"https:\/\/adhilac.com.ar\/index.php?rest_route=\/wp\/v2\/posts\/15071\/revisions"}],"predecessor-version":[{"id":15103,"href":"https:\/\/adhilac.com.ar\/index.php?rest_route=\/wp\/v2\/posts\/15071\/revisions\/15103"}],"wp:attachment":[{"href":"https:\/\/adhilac.com.ar\/index.php?rest_route=%2Fwp%2Fv2%2Fmedia&parent=15071"}],"wp:term":[{"taxonomy":"category","embeddable":true,"href":"https:\/\/adhilac.com.ar\/index.php?rest_route=%2Fwp%2Fv2%2Fcategories&post=15071"},{"taxonomy":"post_tag","embeddable":true,"href":"https:\/\/adhilac.com.ar\/index.php?rest_route=%2Fwp%2Fv2%2Ftags&post=15071"}],"curies":[{"name":"wp","href":"https:\/\/api.w.org\/{rel}","templated":true}]}}