{"id":15104,"date":"2019-08-12T20:23:00","date_gmt":"2019-08-12T23:23:00","guid":{"rendered":"https:\/\/adhilac.com.ar\/?p=15104"},"modified":"2020-08-17T17:43:05","modified_gmt":"2020-08-17T20:43:05","slug":"tercer-coloquio-internacional-el-antiimperialismo-en-america-latina-la-habana-22-24-10-2019","status":"publish","type":"post","link":"https:\/\/adhilac.com.ar\/?p=15104","title":{"rendered":"Tercer Coloquio Internacional \u201cEl Antiimperialismo en Am\u00e9rica Latina\u201d. La Habana. 22-24\/10\/2019"},"content":{"rendered":"\n<p class=\"has-text-align-left has-vivid-green-cyan-background-color has-text-color has-background wp-block-paragraph\" style=\"color:#e72222\"><em><strong>A 60 a\u00f1os de la revoluci\u00f3n cubana: Tradiciones antiimperialistas en Am\u00e9rica Latina y el Sur Global<\/strong><\/em><\/p>\n\n\n\n<p class=\"has-vivid-cyan-blue-color has-text-color wp-block-paragraph\"><strong>22 al 24 de octubre de 2019, La Habana, Cuba<\/strong><\/p>\n\n\n\n<div class=\"wp-block-image\"><figure class=\"alignleft size-large is-resized\"><img loading=\"lazy\" decoding=\"async\" src=\"https:\/\/adhilac.com.ar\/wp-content\/uploads\/2019\/08\/antiimperialismo-conv-01-2-791x1024.jpg\" alt=\"\" class=\"wp-image-15109\" width=\"240\" height=\"310\" srcset=\"https:\/\/adhilac.com.ar\/wp-content\/uploads\/2019\/08\/antiimperialismo-conv-01-2-791x1024.jpg 791w, https:\/\/adhilac.com.ar\/wp-content\/uploads\/2019\/08\/antiimperialismo-conv-01-2-232x300.jpg 232w, https:\/\/adhilac.com.ar\/wp-content\/uploads\/2019\/08\/antiimperialismo-conv-01-2-768x994.jpg 768w\" sizes=\"auto, (max-width: 240px) 100vw, 240px\" \/><\/figure><\/div>\n\n\n\n<p class=\"has-text-align-right has-very-dark-gray-color has-text-color wp-block-paragraph\">El III Coloquio Internacional <em>El Antiimperialismo en Am\u00e9rica Latina<\/em> est\u00e1 dedicado a los sesenta a\u00f1os del triunfo de la Revoluci\u00f3n Cubana y al legado de Fidel Castro a tres a\u00f1os de su fallecimiento, dos s\u00edmbolos hist\u00f3ricos de la lucha antiimperialista en Am\u00e9rica Latina durante el per\u00edodo enmarcado en la Guerra Fr\u00eda. <\/p>\n\n\n\n<p class=\"has-vivid-cyan-blue-color has-text-color wp-block-paragraph\"><strong>Justificaci\u00f3n<\/strong><\/p>\n\n\n\n<p class=\"wp-block-paragraph\">\u00bfC\u00f3mo acercarse al an\u00e1lisis de estos acontecimientos desde las preguntas y preocupaciones del presente?<br \/> \u00bfCu\u00e1l es la herencia de estos procesos hist\u00f3ricos en la actualidad? \u00bfCu\u00e1l es su vigencia?<\/p>\n\n\n\n<!--more-->\n\n\n\n<p class=\"wp-block-paragraph\">El imaginario antiimperialista en Am\u00e9rica Latina constituye un amplio campo de investigaci\u00f3n que abarca desde expresiones literarias y art\u00edsticas, tradiciones intelectuales y vertientes de pensamiento social, hasta pr\u00e1cticas pol\u00edticas y discursos que comparten un ideario que identifica la injerencia de intereses extranjeros\u2013 espec\u00edficamente de las potencias mundiales- como uno de los principales obst\u00e1culos para alcanzar el desarrollo y la democracia en la regi\u00f3n.<\/p>\n\n\n\n<p class=\"wp-block-paragraph\">La administraci\u00f3n de Donald Trump ha revitalizado gestos y pr\u00e1cticas discursivas propios del acervo imperialista, lo cual genera nuevas tensiones en las relaciones internacionales y agudiza conflictos existentes. Por ejemplo, la priorizaci\u00f3n de pol\u00edticas unilaterales por sobre un enfoque multilateral \u2013caracter\u00edstico del gobierno de Trump-, o las manipulaciones de la OEA para condenar algunos pa\u00edses latinoamericanos, despiertan cr\u00edticas a las pr\u00e1cticas intervencionistas y movilizan el antipanamericanismo de largu\u00edsima data. Esta situaci\u00f3n afecta tambi\u00e9n la legitimidad de organismos internacionales constituidos para defender derechos ciudadanos y velar por el fortalecimiento del Estado de Derecho. Gobiernos de la regi\u00f3n, de todos los signos ideol\u00f3gicos, han aprovechado las dudas respecto a la imparcialidad del sistema internacional de derechos humanos para desatender recomendaciones o abandonar, al menos temporalmente, instituciones y compromisos interamericanos. Algunos ejemplos son la salida de Venezuela de la OEA, la expulsi\u00f3n por el gobierno guatemalteco de la Comisi\u00f3n Internacional contra la Impunidad en Guatemala (CICIG) y de la Comisi\u00f3n Interamericana de Derechos Humanos por el gobierno nicarag\u00fcense.<\/p>\n\n\n\n<p class=\"wp-block-paragraph\">Los esfuerzos bilaterales de la administraci\u00f3n Trump con gobiernos neoliberales, conservadores o de derechas de Am\u00e9rica Latina, como el de Brasil, Colombia, Argentina impactan tambi\u00e9n en los proyectos regionales de integraci\u00f3n y cooperaci\u00f3n que afirmaban la identidad del subcontinente y las pol\u00edticas a favor de la soberan\u00eda y la autodeterminaci\u00f3n de los pueblos. \u00bfSe podr\u00eda afirmar el inicio del final de la UNASUR, el MERCOSUR o de otras experiencias similares? \u00bfC\u00f3mo se reformulan estos organismos en la actualidad? Ante estos reacomodamientos resulta interesante la pregunta sobre la activaci\u00f3n o no del imaginario antiimperialista latinoamericano, o de algunas variantes (antipanamericanismo), en intelectuales y\/o colectivos sociales y las funciones que podr\u00edan ocupar en los conflictos y din\u00e1micas sociopol\u00edticos nacionales e internacionales.<\/p>\n\n\n\n<p class=\"wp-block-paragraph\">Otro de los temas m\u00e1s acuciantes son las migraciones. Para Estados Unidos las inmigraciones constituyen un problema de seguridad nacional. Para las sociedades latinoamericanas, la emigraci\u00f3n representa una opci\u00f3n de sobrevivencia frente a la extrema violencia social y la pobreza. La intolerancia manifiesta en las deportaciones, expulsiones masivas, los muros reavivan toda una gama de estereotipos provenientes del racialismo decimon\u00f3nico que sirvieron para diferenciar a los americanos del norte de los americanos del sur. El avance de las caravanas centroamericanas, como posible expresi\u00f3n de lucha migrante, apunta a un actor colectivo en ciernes que recurre a un antiimperialismo peculiar a partir de la consigna del \u201cderecho a la migraci\u00f3n\u201d y los \u201cpueblos sin fronteras \u201c.<\/p>\n\n\n\n<p class=\"wp-block-paragraph\">Estas situaciones presentes ameritan cavilar sobre la tradici\u00f3n antiimperialista. Por lo tanto, este tercer Coloquio Internacional pretende retomar las discusiones y aportes de los coloquios anteriores que se llevaron a cabo en Managua en los a\u00f1os 2014 y 2017 respecto a la vigencia de las ideas antiimperialistas y su articulaci\u00f3n con nuevas tem\u00e1ticas y problemas como los de democracia, desarrollo y modernizaci\u00f3n.<\/p>\n\n\n\n<p class=\"wp-block-paragraph\">El Grupo de Trabajo CLACSO \u201cAntiimperialismo, democracia y modernizaci\u00f3n\u201d, la Asociaci\u00f3n de Historiadores Latinoamericanos y del Caribe (ADHILAC), el Grupo de Estudios sobre Centroam\u00e9rica del Instituto de Estudios de Am\u00e9rica Latina y el Caribe (Universidad de Buenos Aires, Argentina) y el Instituto de Investigaciones Dr. Jos\u00e9 Mar\u00eda Luis Mora (M\u00e9xico) convocan a la realizaci\u00f3n del III Coloquio Internacional sobre El antiimperialismo en Am\u00e9rica Latina.<\/p>\n\n\n\n<p class=\"wp-block-paragraph\">Invitamos a enviar propuestas que versen sobre algunos de los siguientes ejes tem\u00e1ticos:<\/p>\n\n\n\n<p class=\"wp-block-paragraph\">1.    El legado hist\u00f3rico y los problemas actuales del imaginario antiimperialista. <\/p>\n\n\n\n<p class=\"wp-block-paragraph\">2.    Reacciones sociales y respuestas gubernamentales ante la agenda del gobierno de Donald Trump. <\/p>\n\n\n\n<p class=\"wp-block-paragraph\">3.    El antiimperialismo en las revoluciones y las experiencias nacional-populares en Am\u00e9rica Latina y el Sur Global.<\/p>\n\n\n\n<p class=\"wp-block-paragraph\">4.    Estudios transnacionales sobre antiimperialismo. <\/p>\n\n\n\n<p class=\"wp-block-paragraph\">5- Socialismo y antiimperialismo.<\/p>\n\n\n\n<p class=\"has-vivid-cyan-blue-color has-text-color wp-block-paragraph\"><strong>FECHAS IMPORTANTES:<\/strong><\/p>\n\n\n\n<p class=\"has-very-dark-gray-color has-text-color wp-block-paragraph\">1. Env\u00edo de res\u00famenes de ponencias hasta el <strong>26 de agosto del 2019. <\/strong>Debe incluir nombre y adscripci\u00f3n del\/de la ponente, t\u00edtulo, 5 palabras clave, resumen de 200 palabras.<\/p>\n\n\n\n<p class=\"wp-block-paragraph\"><br \/> 2. Los res\u00famenes ser\u00e1n examinados por el equipo organizador, el cual notificar\u00e1 su aceptaci\u00f3n o rechazo antes del 30 de agosto de 2019.<\/p>\n\n\n\n<p class=\"wp-block-paragraph\"><br \/> 3. Env\u00edo de la ponencia hasta el <strong>27 de septiembre de 2019<\/strong>.<\/p>\n\n\n\n<p class=\"wp-block-paragraph\">Las propuestas de ponencias y toda comunicaci\u00f3n relacionada con el III Coloquio deben enviarse a la siguiente direcci\u00f3n de correo electr\u00f3nico: coloquio.antimperialismo@gmail.com<\/p>\n\n\n\n<p class=\"has-vivid-cyan-blue-color has-text-color wp-block-paragraph\"><strong>Fechas y Lugar: <\/strong><\/p>\n\n\n\n<p class=\"wp-block-paragraph\"><strong>22 al 24 de octubre de 2019<\/strong>, Casa Fernando Ortiz, Calle L esquina a 27. El Vedado, La Habana, Cuba.<\/p>\n\n\n\n<p class=\"wp-block-paragraph\"><strong>Comit\u00e9 Organizador<\/strong>: <\/p>\n\n\n\n<p class=\"wp-block-paragraph\">Profesor Rene Villaboy (ADHILAC, Cuba), Dra. Kristina Pirker (Instituto de Investigaciones Dr. Jos\u00e9 Mar\u00eda Luis Mora, M\u00e9xico) y Dra. Julieta Rostica (CONICET, Instituto de Estudios de Am\u00e9rica Latina y el Caribe\/UBA, Argentina).<\/p>\n\n\n\n<div class=\"wp-block-file\"><a href=\"https:\/\/adhilac.com.ar\/wp-content\/uploads\/2019\/08\/III-Col.Int_.-Antiimperialismo-convocatoria-2019.pdf\">III Coloquio Internacional El Antiimperialismo Convocatoria-2019<\/a><a href=\"https:\/\/adhilac.com.ar\/wp-content\/uploads\/2019\/08\/III-Col.Int_.-Antiimperialismo-convocatoria-2019.pdf\" class=\"wp-block-file__button\" download>Descarga<\/a><\/div>\n\n\n\n<p class=\"wp-block-paragraph\">Si Ud. desea asociarse de acuerdo a los Estatutos de ADHILAC\u00a0<a href=\"https:\/\/adhilac.com.ar\/?page_id=263\">(ver)<\/a> complete el siguiente formulario\u00a0<a href=\"https:\/\/adhilac.com.ar\/?page_id=3194\">(ver)<\/a><\/p>\n\n\n\n<p class=\"has-very-light-gray-color has-vivid-cyan-blue-background-color has-text-color has-background wp-block-paragraph\"><strong>Publicado por ADHILAC Internacional \u00a9 www.adhilac.com.ar<\/strong><\/p>\n\n\n\n<p class=\"has-vivid-cyan-blue-color has-very-light-gray-background-color has-text-color has-background wp-block-paragraph\"> Si Ud. desea asociarse de acuerdo a los Estatutos de ADHILAC&nbsp;<a href=\"https:\/\/adhilac.com.ar\/?page_id=263\">(ver)<\/a> complete el siguiente formulario&nbsp;(<a href=\"https:\/\/adhilac.com.ar\/?page_id=4779\">ver<\/a>)<\/p>\n\n\n\n<p class=\"has-very-light-gray-color has-vivid-cyan-blue-background-color has-text-color has-background wp-block-paragraph\"> E-mail:&nbsp;info@adhilac.com.ar <\/p>\n\n\n\n<p class=\"has-very-light-gray-color has-vivid-cyan-blue-background-color has-text-color has-background wp-block-paragraph\"> Twitter: @AdhilacInfo <\/p>\n\n\n\n<div class=\"wp-block-image\"><figure class=\"aligncenter size-large\"><img loading=\"lazy\" decoding=\"async\" width=\"85\" height=\"85\" src=\"https:\/\/adhilac.com.ar\/wp-content\/uploads\/2015\/02\/Logo-ADHILAC-Internacional-PEQ.jpg\" alt=\"\" class=\"wp-image-10473\"\/><\/figure><\/div>\n\n\n\n<p class=\"wp-block-paragraph\">Ver <a href=\"https:\/\/adhilac.com.ar\/?page_id=541\">Presentaci\u00f3n de ADHILAC<\/a><\/p>\n\n\n\n<div class=\"wp-block-group\"><div class=\"wp-block-group__inner-container is-layout-flow wp-block-group-is-layout-flow\">\n<p class=\"has-text-align-center has-very-light-gray-color has-vivid-cyan-blue-background-color has-text-color has-background wp-block-paragraph\"><strong><a href=\"https:\/\/adhilac.com.ar\/?page_id=541\">QUIENES SOMOS<\/a><\/strong><\/p>\n\n\n\n<p class=\"has-text-align-center has-vivid-cyan-blue-color has-very-light-gray-background-color has-text-color has-background wp-block-paragraph\"><strong><a href=\"https:\/\/adhilac.com.ar\/?page_id=15507\">DIRECTIVA DE ADHILAC INTERNACIONAL<\/a><\/strong><\/p>\n\n\n\n<p class=\"has-text-align-center has-very-light-gray-color has-vivid-cyan-blue-background-color has-text-color has-background wp-block-paragraph\"><strong><a href=\"https:\/\/adhilac.com.ar\/?page_id=267\">Declaraci\u00f3n de Caracas de ADHILAC (2007)<\/a><\/strong><\/p>\n\n\n\n<p class=\"has-text-align-center has-vivid-cyan-blue-color has-very-light-gray-background-color has-text-color has-background wp-block-paragraph\"><strong><a href=\"https:\/\/adhilac.com.ar\/?page_id=15873\">ADHILAC: Historia &#8211; Historidorxs<\/a><\/strong><\/p>\n\n\n\n<p class=\"has-text-align-center has-very-light-gray-color has-vivid-cyan-blue-background-color has-text-color has-background wp-block-paragraph\"><strong><a href=\"https:\/\/adhilac.com.ar\/?page_id=15876\">ADHILAC 20 a\u00f1os despu\u00e9s (1974-1994)<\/a> <\/strong><\/p>\n\n\n\n<p class=\"has-text-align-center has-vivid-cyan-blue-color has-very-light-gray-background-color has-text-color has-background wp-block-paragraph\"><strong><a href=\"https:\/\/adhilac.com.ar\/?page_id=15861\">ADHILAC Breve Historia<\/a> <\/strong><\/p>\n\n\n\n<p class=\"has-text-align-center has-very-light-gray-color has-vivid-cyan-blue-background-color has-text-color has-background wp-block-paragraph\"><strong><a href=\"https:\/\/adhilac.com.ar\/?page_id=15887\">ADHILAC: Miembrxs fundadores<\/a><\/strong><\/p>\n\n\n\n<p class=\"has-text-align-center has-vivid-cyan-blue-color has-very-light-gray-background-color has-text-color has-background wp-block-paragraph\"><strong><a href=\"https:\/\/adhilac.com.ar\/?page_id=15943\">ADHILAC: Historiadorxs Destacadxs<\/a><\/strong><\/p>\n\n\n\n<p class=\"has-text-align-center has-very-light-gray-color has-vivid-cyan-blue-background-color has-text-color has-background wp-block-paragraph\"><strong><a href=\"https:\/\/adhilac.com.ar\/?page_id=4779\">SOCIXS<\/a><\/strong><\/p>\n\n\n\n<p class=\"has-text-align-center has-vivid-cyan-blue-color has-very-light-gray-background-color has-text-color has-background wp-block-paragraph\"><strong><a href=\"https:\/\/adhilac.com.ar\/?page_id=263\">Estatutos de ADHILAC<\/a><\/strong><\/p>\n\n\n\n<p class=\"has-text-align-center has-very-light-gray-color has-vivid-cyan-blue-background-color has-text-color has-background wp-block-paragraph\"><strong><a href=\"https:\/\/adhilac.com.ar\/?page_id=8220\">BICENTENARIO<\/a><\/strong><\/p>\n\n\n\n<p class=\"has-text-align-center has-vivid-cyan-blue-color has-very-light-gray-background-color has-text-color has-background wp-block-paragraph\"><strong><a href=\"https:\/\/adhilac.com.ar\/?page_id=8279\">BIBLIOTECA<\/a><\/strong><\/p>\n\n\n\n<p class=\"has-text-align-center has-very-light-gray-color has-vivid-cyan-blue-background-color has-text-color has-background wp-block-paragraph\"><strong><a href=\"https:\/\/adhilac.com.ar\/?page_id=1698\">ENLACES<\/a> <\/strong><\/p>\n\n\n\n<p class=\"has-text-align-center has-vivid-cyan-blue-color has-very-light-gray-background-color has-text-color has-background wp-block-paragraph\"><a href=\"http:\/\/www.ariadnatucma.com.ar\">VISITE ARIADNA TUCMA REVISTA LATINOAMERICANA<\/a><\/p>\n<\/div><\/div>\n","protected":false},"excerpt":{"rendered":"<p>A 60 a\u00f1os de la revoluci\u00f3n cubana: Tradiciones antiimperialistas en Am\u00e9rica Latina y el Sur Global 22 al 24 de octubre de 2019, La Habana, Cuba El III Coloquio Internacional El Antiimperialismo en Am\u00e9rica Latina est\u00e1 dedicado a los sesenta a\u00f1os del triunfo de la Revoluci\u00f3n Cubana y al legado de Fidel Castro a tres [&hellip;]<\/p>\n","protected":false},"author":2,"featured_media":0,"comment_status":"closed","ping_status":"closed","sticky":false,"template":"","format":"standard","meta":{"_crdt_document":"","footnotes":""},"categories":[18,5],"tags":[13,487],"class_list":["post-15104","post","type-post","status-publish","format-standard","hentry","category-adhilac-cuba","category-congresos","tag-america-latina","tag-antiimperialismo"],"_links":{"self":[{"href":"https:\/\/adhilac.com.ar\/index.php?rest_route=\/wp\/v2\/posts\/15104","targetHints":{"allow":["GET"]}}],"collection":[{"href":"https:\/\/adhilac.com.ar\/index.php?rest_route=\/wp\/v2\/posts"}],"about":[{"href":"https:\/\/adhilac.com.ar\/index.php?rest_route=\/wp\/v2\/types\/post"}],"author":[{"embeddable":true,"href":"https:\/\/adhilac.com.ar\/index.php?rest_route=\/wp\/v2\/users\/2"}],"replies":[{"embeddable":true,"href":"https:\/\/adhilac.com.ar\/index.php?rest_route=%2Fwp%2Fv2%2Fcomments&post=15104"}],"version-history":[{"count":7,"href":"https:\/\/adhilac.com.ar\/index.php?rest_route=\/wp\/v2\/posts\/15104\/revisions"}],"predecessor-version":[{"id":16988,"href":"https:\/\/adhilac.com.ar\/index.php?rest_route=\/wp\/v2\/posts\/15104\/revisions\/16988"}],"wp:attachment":[{"href":"https:\/\/adhilac.com.ar\/index.php?rest_route=%2Fwp%2Fv2%2Fmedia&parent=15104"}],"wp:term":[{"taxonomy":"category","embeddable":true,"href":"https:\/\/adhilac.com.ar\/index.php?rest_route=%2Fwp%2Fv2%2Fcategories&post=15104"},{"taxonomy":"post_tag","embeddable":true,"href":"https:\/\/adhilac.com.ar\/index.php?rest_route=%2Fwp%2Fv2%2Ftags&post=15104"}],"curies":[{"name":"wp","href":"https:\/\/api.w.org\/{rel}","templated":true}]}}