{"id":15143,"date":"2019-07-18T20:30:00","date_gmt":"2019-07-18T23:30:00","guid":{"rendered":"https:\/\/adhilac.com.ar\/?p=15143"},"modified":"2020-08-18T08:43:42","modified_gmt":"2020-08-18T11:43:42","slug":"iii-coloquio-latinoamericano-sitios-patrimonio-y-pueblos-magicos-guanajuato-28-30-de-agosto-de-2019-2","status":"publish","type":"post","link":"https:\/\/adhilac.com.ar\/?p=15143","title":{"rendered":"III Coloquio Latinoamericano Sitios, Patrimonio y Pueblos M\u00e1gicos, Guanajuato. 28- 30 de agosto de 2019"},"content":{"rendered":"\n<div class=\"wp-block-media-text alignwide has-media-on-the-right is-stacked-on-mobile is-vertically-aligned-center is-image-fill has-cyan-bluish-gray-background-color has-background\" style=\"grid-template-columns:auto 37%\"><figure class=\"wp-block-media-text__media\" style=\"background-image:url(https:\/\/adhilac.com.ar\/wp-content\/uploads\/2019\/08\/III-Cong-Patri-Convocatoria-1.jpg);background-position:51% 26%\"><img loading=\"lazy\" decoding=\"async\" width=\"816\" height=\"807\" src=\"https:\/\/adhilac.com.ar\/wp-content\/uploads\/2019\/08\/III-Cong-Patri-Convocatoria-1.jpg\" alt=\"\" class=\"wp-image-15138\" srcset=\"https:\/\/adhilac.com.ar\/wp-content\/uploads\/2019\/08\/III-Cong-Patri-Convocatoria-1.jpg 816w, https:\/\/adhilac.com.ar\/wp-content\/uploads\/2019\/08\/III-Cong-Patri-Convocatoria-1-300x297.jpg 300w, https:\/\/adhilac.com.ar\/wp-content\/uploads\/2019\/08\/III-Cong-Patri-Convocatoria-1-768x760.jpg 768w\" sizes=\"auto, (max-width: 816px) 100vw, 816px\" \/><\/figure><div class=\"wp-block-media-text__content\">\n<p class=\"has-light-green-cyan-background-color has-background has-small-font-size wp-block-paragraph\"> <em>La Universidad Aut\u00f3noma de Guanajuato a trav\u00e9s de la Divisi\u00f3n de Derecho, Pol\u00edtica y Gobierno, el Centro de Estudios y Acciones para el Desarrollo Social y Humano, la Asociaci\u00f3n de Historiadores Latinoamericanos y del Caribe (ADHILAC) y la sociedad civil, ante la problem\u00e1tica que enfrenta hoy d\u00eda el patrimonio en nuestros pa\u00edses es necesario reflexionar, tomar acciones colectivas para proteger, estudiar, conservar, difundir, restaurar, ya que representa la identidad, origen y continuidad de nuestros pueblos<\/em>  <\/p>\n<\/div><\/div>\n\n\n\n<p class=\"has-text-align-center has-vivid-green-cyan-color has-text-color wp-block-paragraph\" style=\"font-size:17px\">CONVOCAN <\/p>\n\n\n\n<!--more-->\n\n\n\n<figure class=\"wp-block-image size-large\"><img loading=\"lazy\" decoding=\"async\" width=\"623\" height=\"274\" src=\"https:\/\/adhilac.com.ar\/wp-content\/uploads\/2019\/08\/III-Cong-Patri-Convocatoria-02-1.jpg\" alt=\"\" class=\"wp-image-15144\" srcset=\"https:\/\/adhilac.com.ar\/wp-content\/uploads\/2019\/08\/III-Cong-Patri-Convocatoria-02-1.jpg 623w, https:\/\/adhilac.com.ar\/wp-content\/uploads\/2019\/08\/III-Cong-Patri-Convocatoria-02-1-300x132.jpg 300w\" sizes=\"auto, (max-width: 623px) 100vw, 623px\" \/><\/figure>\n\n\n\n<div class=\"wp-block-file\"><a href=\"https:\/\/adhilac.com.ar\/wp-content\/uploads\/2019\/08\/II-Circular-Patrimonio.pdf\">II Circular &#8211; III COLOQUIO LATINOAMERICANO<\/a><a href=\"https:\/\/adhilac.com.ar\/wp-content\/uploads\/2019\/08\/II-Circular-Patrimonio.pdf\" class=\"wp-block-file__button\" download>Descarga<\/a><\/div>\n\n\n\n<p class=\"has-very-light-gray-color has-vivid-cyan-blue-background-color has-text-color has-background wp-block-paragraph\"><strong>Publicado por ADHILAC Internacional \u00a9 www.adhilac.com.ar<\/strong><\/p>\n\n\n\n<p class=\"has-vivid-cyan-blue-color has-very-light-gray-background-color has-text-color has-background wp-block-paragraph\"> Si Ud. desea asociarse de acuerdo a los Estatutos de ADHILAC&nbsp;<a href=\"https:\/\/adhilac.com.ar\/?page_id=263\">(ver)<\/a> complete el siguiente formulario&nbsp;(<a href=\"https:\/\/adhilac.com.ar\/?page_id=4779\">ver<\/a>)<\/p>\n\n\n\n<p class=\"has-very-light-gray-color has-vivid-cyan-blue-background-color has-text-color has-background wp-block-paragraph\"> E-mail:&nbsp;info@adhilac.com.ar <\/p>\n\n\n\n<p class=\"has-very-light-gray-color has-vivid-cyan-blue-background-color has-text-color has-background wp-block-paragraph\"> Twitter: @AdhilacInfo <\/p>\n\n\n\n<div class=\"wp-block-image\"><figure class=\"aligncenter size-large\"><img loading=\"lazy\" decoding=\"async\" width=\"85\" height=\"85\" src=\"https:\/\/adhilac.com.ar\/wp-content\/uploads\/2015\/02\/Logo-ADHILAC-Internacional-PEQ.jpg\" alt=\"\" class=\"wp-image-10473\"\/><\/figure><\/div>\n\n\n\n<p class=\"wp-block-paragraph\">Ver <a href=\"https:\/\/adhilac.com.ar\/?page_id=541\">Presentaci\u00f3n de ADHILAC<\/a><\/p>\n\n\n\n<div class=\"wp-block-group\"><div class=\"wp-block-group__inner-container is-layout-flow wp-block-group-is-layout-flow\">\n<p class=\"has-text-align-center has-very-light-gray-color has-vivid-cyan-blue-background-color has-text-color has-background wp-block-paragraph\"><strong><a href=\"https:\/\/adhilac.com.ar\/?page_id=541\">QUIENES SOMOS<\/a><\/strong><\/p>\n\n\n\n<p class=\"has-text-align-center has-vivid-cyan-blue-color has-very-light-gray-background-color has-text-color has-background wp-block-paragraph\"><strong><a href=\"https:\/\/adhilac.com.ar\/?page_id=15507\">DIRECTIVA DE ADHILAC INTERNACIONAL<\/a><\/strong><\/p>\n\n\n\n<p class=\"has-text-align-center has-very-light-gray-color has-vivid-cyan-blue-background-color has-text-color has-background wp-block-paragraph\"><strong><a href=\"https:\/\/adhilac.com.ar\/?page_id=267\">Declaraci\u00f3n de Caracas de ADHILAC (2007)<\/a><\/strong><\/p>\n\n\n\n<p class=\"has-text-align-center has-vivid-cyan-blue-color has-very-light-gray-background-color has-text-color has-background wp-block-paragraph\"><strong><a href=\"https:\/\/adhilac.com.ar\/?page_id=15873\">ADHILAC: Historia &#8211; Historidorxs<\/a><\/strong><\/p>\n\n\n\n<p class=\"has-text-align-center has-very-light-gray-color has-vivid-cyan-blue-background-color has-text-color has-background wp-block-paragraph\"><strong><a href=\"https:\/\/adhilac.com.ar\/?page_id=15876\">ADHILAC 20 a\u00f1os despu\u00e9s (1974-1994)<\/a> <\/strong><\/p>\n\n\n\n<p class=\"has-text-align-center has-vivid-cyan-blue-color has-very-light-gray-background-color has-text-color has-background wp-block-paragraph\"><strong><a href=\"https:\/\/adhilac.com.ar\/?page_id=15861\">ADHILAC Breve Historia<\/a> <\/strong><\/p>\n\n\n\n<p class=\"has-text-align-center has-very-light-gray-color has-vivid-cyan-blue-background-color has-text-color has-background wp-block-paragraph\"><strong><a href=\"https:\/\/adhilac.com.ar\/?page_id=15887\">ADHILAC: Miembrxs fundadores<\/a><\/strong><\/p>\n\n\n\n<p class=\"has-text-align-center has-vivid-cyan-blue-color has-very-light-gray-background-color has-text-color has-background wp-block-paragraph\"><strong><a href=\"https:\/\/adhilac.com.ar\/?page_id=15943\">ADHILAC: Historiadorxs Destacadxs<\/a><\/strong><\/p>\n\n\n\n<p class=\"has-text-align-center has-very-light-gray-color has-vivid-cyan-blue-background-color has-text-color has-background wp-block-paragraph\"><strong><a href=\"https:\/\/adhilac.com.ar\/?page_id=4779\">SOCIXS<\/a><\/strong><\/p>\n\n\n\n<p class=\"has-text-align-center has-vivid-cyan-blue-color has-very-light-gray-background-color has-text-color has-background wp-block-paragraph\"><strong><a href=\"https:\/\/adhilac.com.ar\/?page_id=263\">Estatutos de ADHILAC<\/a><\/strong><\/p>\n\n\n\n<p class=\"has-text-align-center has-very-light-gray-color has-vivid-cyan-blue-background-color has-text-color has-background wp-block-paragraph\"><strong><a href=\"https:\/\/adhilac.com.ar\/?page_id=8220\">BICENTENARIO<\/a><\/strong><\/p>\n\n\n\n<p class=\"has-text-align-center has-vivid-cyan-blue-color has-very-light-gray-background-color has-text-color has-background wp-block-paragraph\"><strong><a href=\"https:\/\/adhilac.com.ar\/?page_id=8279\">BIBLIOTECA<\/a><\/strong><\/p>\n\n\n\n<p class=\"has-text-align-center has-very-light-gray-color has-vivid-cyan-blue-background-color has-text-color has-background wp-block-paragraph\"><strong><a href=\"https:\/\/adhilac.com.ar\/?page_id=1698\">ENLACES<\/a> <\/strong><\/p>\n\n\n\n<p class=\"has-text-align-center has-vivid-cyan-blue-color has-very-light-gray-background-color has-text-color has-background wp-block-paragraph\"><a href=\"http:\/\/www.ariadnatucma.com.ar\">VISITE ARIADNA TUCMA REVISTA LATINOAMERICANA<\/a><\/p>\n<\/div><\/div>\n","protected":false},"excerpt":{"rendered":"<p>La Universidad Aut\u00f3noma de Guanajuato a trav\u00e9s de la Divisi\u00f3n de Derecho, Pol\u00edtica y Gobierno, el Centro de Estudios y Acciones para el Desarrollo Social y Humano, la Asociaci\u00f3n de Historiadores Latinoamericanos y del Caribe (ADHILAC) y la sociedad civil, ante la problem\u00e1tica que enfrenta hoy d\u00eda el patrimonio en nuestros pa\u00edses es necesario reflexionar, [&hellip;]<\/p>\n","protected":false},"author":37,"featured_media":0,"comment_status":"closed","ping_status":"closed","sticky":false,"template":"","format":"standard","meta":{"_crdt_document":"","footnotes":""},"categories":[3,76,5,40],"tags":[654],"class_list":["post-15143","post","type-post","status-publish","format-standard","hentry","category-adhilac-inter","category-adhilac-mexico","category-congresos","category-informaciones","tag-patrimonio"],"_links":{"self":[{"href":"https:\/\/adhilac.com.ar\/index.php?rest_route=\/wp\/v2\/posts\/15143","targetHints":{"allow":["GET"]}}],"collection":[{"href":"https:\/\/adhilac.com.ar\/index.php?rest_route=\/wp\/v2\/posts"}],"about":[{"href":"https:\/\/adhilac.com.ar\/index.php?rest_route=\/wp\/v2\/types\/post"}],"author":[{"embeddable":true,"href":"https:\/\/adhilac.com.ar\/index.php?rest_route=\/wp\/v2\/users\/37"}],"replies":[{"embeddable":true,"href":"https:\/\/adhilac.com.ar\/index.php?rest_route=%2Fwp%2Fv2%2Fcomments&post=15143"}],"version-history":[{"count":4,"href":"https:\/\/adhilac.com.ar\/index.php?rest_route=\/wp\/v2\/posts\/15143\/revisions"}],"predecessor-version":[{"id":17016,"href":"https:\/\/adhilac.com.ar\/index.php?rest_route=\/wp\/v2\/posts\/15143\/revisions\/17016"}],"wp:attachment":[{"href":"https:\/\/adhilac.com.ar\/index.php?rest_route=%2Fwp%2Fv2%2Fmedia&parent=15143"}],"wp:term":[{"taxonomy":"category","embeddable":true,"href":"https:\/\/adhilac.com.ar\/index.php?rest_route=%2Fwp%2Fv2%2Fcategories&post=15143"},{"taxonomy":"post_tag","embeddable":true,"href":"https:\/\/adhilac.com.ar\/index.php?rest_route=%2Fwp%2Fv2%2Ftags&post=15143"}],"curies":[{"name":"wp","href":"https:\/\/api.w.org\/{rel}","templated":true}]}}