{"id":15149,"date":"2019-08-30T11:00:16","date_gmt":"2019-08-30T14:00:16","guid":{"rendered":"https:\/\/adhilac.com.ar\/?p=15149"},"modified":"2020-08-17T10:57:14","modified_gmt":"2020-08-17T13:57:14","slug":"viii-jornadas-de-historia-centro-cultural-de-la-cooperacion-floreal-gorini-revoluciones-y-luchas-populares-en-nuestra-america-bs-as-11-12-11-2019","status":"publish","type":"post","link":"https:\/\/adhilac.com.ar\/?p=15149","title":{"rendered":"VIII Jornadas de Historia. Centro Cultural de la Cooperaci\u00f3n \u201cFloreal Gorini\u201d. Revoluciones y luchas populares en Nuestra Am\u00e9rica. Bs.As.11-12\/11\/2019"},"content":{"rendered":"\n<div class=\"wp-block-media-text alignwide has-media-on-the-right is-stacked-on-mobile is-image-fill has-cool-to-warm-spectrum-gradient-background has-background\"><figure class=\"wp-block-media-text__media\" style=\"background-image:url(https:\/\/adhilac.com.ar\/wp-content\/uploads\/2019\/08\/VII-Jornada-CCCFG-Revoluciones-y-luchas.jpg);background-position:53% 13%\"><img loading=\"lazy\" decoding=\"async\" width=\"757\" height=\"496\" src=\"https:\/\/adhilac.com.ar\/wp-content\/uploads\/2019\/08\/VII-Jornada-CCCFG-Revoluciones-y-luchas.jpg\" alt=\"\" class=\"wp-image-15151\" srcset=\"https:\/\/adhilac.com.ar\/wp-content\/uploads\/2019\/08\/VII-Jornada-CCCFG-Revoluciones-y-luchas.jpg 757w, https:\/\/adhilac.com.ar\/wp-content\/uploads\/2019\/08\/VII-Jornada-CCCFG-Revoluciones-y-luchas-300x197.jpg 300w\" sizes=\"auto, (max-width: 757px) 100vw, 757px\" \/><\/figure><div class=\"wp-block-media-text__content\">\n<p class=\"has-text-align-center has-white-color has-text-color has-small-font-size wp-block-paragraph\"> <em>Nos complace invitarlos a participar de las VIII Jornadas de Historia  del Centro Cultural de la Cooperaci\u00f3n \u201cFloreal Gorini\u201d, organizadas por  el Dpto. de Historia. En esta oportunidad nos encontramos para  conmemorar y reivindicar las luchas populares, sus l\u00edderes y las  revoluciones que marcaron significativamente la historia de Nuestra  Am\u00e9rica. <\/em><\/p>\n<\/div><\/div>\n\n\n\n<!--more-->\n\n\n\n<p class=\"wp-block-paragraph\">Este a\u00f1o evocamos y conmemoramos los sesenta a\u00f1os de la Revoluci\u00f3n Cubana y los 40 a\u00f1os de la Revoluci\u00f3n Sandinista en Nicaragua, los 100 a\u00f1os del asesinato del l\u00edder campesino Emiliano Zapata y los cincuenta a\u00f1os del \u201cCordobazo\u201d en la Argentina.<\/p>\n\n\n\n<p class=\"wp-block-paragraph\"><\/p>\n\n\n\n<p class=\"wp-block-paragraph\">Estas luchas populares y revoluciones que nos permiten reconocernos como parte de una historia y de un pueblo que busca permanentemente la igualdad social y de derechos, y que no se resigna a pasar desapercibido en la historia del Continente. <\/p>\n\n\n\n<p class=\"wp-block-paragraph\"><\/p>\n\n\n\n<p class=\"wp-block-paragraph\">Si bien a nivel regional nos encontramos en un momento de retroceso respecto a los Gobiernos Populares que tuvimos en la regi\u00f3n en la primera d\u00e9cada y media del siglo XXI, dado que los gobiernos de derecha se encuentran sometiendo derechos sociales, soberanos, pol\u00edticos y econ\u00f3micos estas VIII Jornadas tienen como objetivo central reivindicar la participaci\u00f3n de los pueblos en la lucha y la resistencia por establecer una sociedad m\u00e1s justa, colectiva e igualitaria.<\/p>\n\n\n\n<p class=\"wp-block-paragraph\"><\/p>\n\n\n\n<p class=\"wp-block-paragraph\"> Ejes tem\u00e1ticos: <\/p>\n\n\n\n<ul class=\"wp-block-list\"><li>La participaci\u00f3n de los sectores subalternos (ind\u00edgenas y afrosoldados) en las Guerras por la Independencia. <\/li><li>Or\u00edgenes, ideolog\u00eda y resistencia del Movimiento Obrero. <\/li><li>Organizaci\u00f3n y lucha estudiantil. <\/li><li>Revoluciones en M\u00e9xico, Cuba y Nicaragua. <\/li><li>Resistencia de la lucha armada urbana o campesina al Terrorismo de Estado\u201d. <\/li><li>El rol de las asociaciones de Derechos Humanos en el regreso de las democracias. <\/li><li>La organizaci\u00f3n social frente al Neo-Liberalismo. <\/li><li>Gobiernos populares: de Hugo Ch\u00e1vez y el No al ALCA al retorno neo liberal y neo conservador. <\/li><li>Educaci\u00f3n y luchas populares: la organizaci\u00f3n sindical docente. La ense\u00f1anza sobre los procesos revolucionarios y las luchas sociales en las escuelas.<\/li><\/ul>\n\n\n\n<p class=\"wp-block-paragraph\"><br \/> Presentaci\u00f3n de res\u00famenes: hasta el 1 de Octubre <\/p>\n\n\n\n<ul class=\"wp-block-list\"><li>Extensi\u00f3n hasta 200 palabras. <\/li><li>Interlineado doble. <\/li><li>Letra Times New Roman tama\u00f1o 12<\/li><\/ul>\n\n\n\n<p class=\"wp-block-paragraph\"><br \/> Presentaci\u00f3n de trabajos: hasta el 5 de Noviembre Extensi\u00f3n hasta 15 p\u00e1ginas. Interlineado doble. Letra Times New Roman tama\u00f1o 12<br \/> <\/p>\n\n\n\n<p class=\"wp-block-paragraph\">Enviar los res\u00famenes y ponencias a: <\/p>\n\n\n\n<p class=\"wp-block-paragraph\">alejandropisnoy@gmail.com <\/p>\n\n\n\n<p class=\"wp-block-paragraph\">kogan.nicolas@gmail.com <\/p>\n\n\n\n<div class=\"wp-block-file\"><a href=\"https:\/\/adhilac.com.ar\/wp-content\/uploads\/2019\/08\/I-Circular-VIII-Jornadas-de-Historia-del-Centro-Cultural-de-la-Cooperaci\u00f3n-1.pdf\">I Circular VIII Jornadas de Historia del CCC \u201cFloreal Gorini\u201d. Revoluciones y luchas populares en Nuestra Am\u00e9rica<\/a><a href=\"https:\/\/adhilac.com.ar\/wp-content\/uploads\/2019\/08\/I-Circular-VIII-Jornadas-de-Historia-del-Centro-Cultural-de-la-Cooperaci\u00f3n-1.pdf\" class=\"wp-block-file__button\" download>Descarga<\/a><\/div>\n\n\n\n<p class=\"wp-block-paragraph\"><strong>Publicado por ADHILAC Internacional \u00a9 www.adhilac.com.ar<\/strong><\/p>\n\n\n\n<p class=\"wp-block-paragraph\">\nSi Ud. desea asociarse de acuerdo a los Estatutos de ADHILAC&nbsp;<a href=\"https:\/\/adhilac.com.ar\/?page_id=263\">(ver)<\/a> complete el siguiente formulario&nbsp;<a href=\"https:\/\/adhilac.com.ar\/?page_id=3194\">(ver)<\/a><\/p>\n\n\n\n<p class=\"wp-block-paragraph\"> E-mail:&nbsp;info@adhilac.com.ar <\/p>\n\n\n\n<p class=\"wp-block-paragraph\"> Twitter: @AdhilacInfo <\/p>\n\n\n\n<p class=\"has-very-light-gray-color has-vivid-cyan-blue-background-color has-text-color has-background wp-block-paragraph\"><strong>Publicado por ADHILAC Internacional \u00a9 www.adhilac.com.ar<\/strong><\/p>\n\n\n\n<p class=\"has-vivid-cyan-blue-color has-very-light-gray-background-color has-text-color has-background wp-block-paragraph\"> Si Ud. desea asociarse de acuerdo a los Estatutos de ADHILAC&nbsp;<a href=\"https:\/\/adhilac.com.ar\/?page_id=263\">(ver)<\/a> complete el siguiente formulario&nbsp;(<a href=\"https:\/\/adhilac.com.ar\/?page_id=4779\">ver<\/a>)<\/p>\n\n\n\n<p class=\"has-very-light-gray-color has-vivid-cyan-blue-background-color has-text-color has-background wp-block-paragraph\"> E-mail:&nbsp;info@adhilac.com.ar <\/p>\n\n\n\n<p class=\"has-very-light-gray-color has-vivid-cyan-blue-background-color has-text-color has-background wp-block-paragraph\"> Twitter: @AdhilacInfo <\/p>\n\n\n\n<div class=\"wp-block-image\"><figure class=\"aligncenter size-large\"><img loading=\"lazy\" decoding=\"async\" width=\"85\" height=\"85\" src=\"https:\/\/adhilac.com.ar\/wp-content\/uploads\/2015\/02\/Logo-ADHILAC-Internacional-PEQ.jpg\" alt=\"\" class=\"wp-image-10473\"\/><\/figure><\/div>\n\n\n\n<p class=\"wp-block-paragraph\">Ver <a href=\"https:\/\/adhilac.com.ar\/?page_id=541\">Presentaci\u00f3n de ADHILAC<\/a><\/p>\n\n\n\n<div class=\"wp-block-group\"><div class=\"wp-block-group__inner-container is-layout-flow wp-block-group-is-layout-flow\">\n<p class=\"has-text-align-center has-very-light-gray-color has-vivid-cyan-blue-background-color has-text-color has-background wp-block-paragraph\"><strong><a href=\"https:\/\/adhilac.com.ar\/?page_id=541\">QUIENES SOMOS<\/a><\/strong><\/p>\n\n\n\n<p class=\"has-text-align-center has-vivid-cyan-blue-color has-very-light-gray-background-color has-text-color has-background wp-block-paragraph\"><strong><a href=\"https:\/\/adhilac.com.ar\/?page_id=15507\">DIRECTIVA DE ADHILAC INTERNACIONAL<\/a><\/strong><\/p>\n\n\n\n<p class=\"has-text-align-center has-very-light-gray-color has-vivid-cyan-blue-background-color has-text-color has-background wp-block-paragraph\"><strong><a href=\"https:\/\/adhilac.com.ar\/?page_id=267\">Declaraci\u00f3n de Caracas de ADHILAC (2007)<\/a><\/strong><\/p>\n\n\n\n<p class=\"has-text-align-center has-vivid-cyan-blue-color has-very-light-gray-background-color has-text-color has-background wp-block-paragraph\"><strong><a href=\"https:\/\/adhilac.com.ar\/?page_id=15873\">ADHILAC: Historia &#8211; Historidorxs<\/a><\/strong><\/p>\n\n\n\n<p class=\"has-text-align-center has-very-light-gray-color has-vivid-cyan-blue-background-color has-text-color has-background wp-block-paragraph\"><strong><a href=\"https:\/\/adhilac.com.ar\/?page_id=15876\">ADHILAC 20 a\u00f1os despu\u00e9s (1974-1994)<\/a> <\/strong><\/p>\n\n\n\n<p class=\"has-text-align-center has-vivid-cyan-blue-color has-very-light-gray-background-color has-text-color has-background wp-block-paragraph\"><strong><a href=\"https:\/\/adhilac.com.ar\/?page_id=15861\">ADHILAC Breve Historia<\/a> <\/strong><\/p>\n\n\n\n<p class=\"has-text-align-center has-very-light-gray-color has-vivid-cyan-blue-background-color has-text-color has-background wp-block-paragraph\"><strong><a href=\"https:\/\/adhilac.com.ar\/?page_id=15887\">ADHILAC: Miembrxs fundadores<\/a><\/strong><\/p>\n\n\n\n<p class=\"has-text-align-center has-vivid-cyan-blue-color has-very-light-gray-background-color has-text-color has-background wp-block-paragraph\"><strong><a href=\"https:\/\/adhilac.com.ar\/?page_id=15943\">ADHILAC: Historiadorxs Destacadxs<\/a><\/strong><\/p>\n\n\n\n<p class=\"has-text-align-center has-very-light-gray-color has-vivid-cyan-blue-background-color has-text-color has-background wp-block-paragraph\"><strong><a href=\"https:\/\/adhilac.com.ar\/?page_id=4779\">SOCIXS<\/a><\/strong><\/p>\n\n\n\n<p class=\"has-text-align-center has-vivid-cyan-blue-color has-very-light-gray-background-color has-text-color has-background wp-block-paragraph\"><strong><a href=\"https:\/\/adhilac.com.ar\/?page_id=263\">Estatutos de ADHILAC<\/a><\/strong><\/p>\n\n\n\n<p class=\"has-text-align-center has-very-light-gray-color has-vivid-cyan-blue-background-color has-text-color has-background wp-block-paragraph\"><strong><a href=\"https:\/\/adhilac.com.ar\/?page_id=8220\">BICENTENARIO<\/a><\/strong><\/p>\n\n\n\n<p class=\"has-text-align-center has-vivid-cyan-blue-color has-very-light-gray-background-color has-text-color has-background wp-block-paragraph\"><strong><a href=\"https:\/\/adhilac.com.ar\/?page_id=8279\">BIBLIOTECA<\/a><\/strong><\/p>\n\n\n\n<p class=\"has-text-align-center has-very-light-gray-color has-vivid-cyan-blue-background-color has-text-color has-background wp-block-paragraph\"><strong><a href=\"https:\/\/adhilac.com.ar\/?page_id=1698\">ENLACES<\/a> <\/strong><\/p>\n\n\n\n<p class=\"has-text-align-center has-vivid-cyan-blue-color has-very-light-gray-background-color has-text-color has-background wp-block-paragraph\"><a href=\"http:\/\/www.ariadnatucma.com.ar\">VISITE ARIADNA TUCMA REVISTA LATINOAMERICANA<\/a><\/p>\n<\/div><\/div>\n","protected":false},"excerpt":{"rendered":"<p>Nos complace invitarlos a participar de las VIII Jornadas de Historia del Centro Cultural de la Cooperaci\u00f3n \u201cFloreal Gorini\u201d, organizadas por el Dpto. de Historia. En esta oportunidad nos encontramos para conmemorar y reivindicar las luchas populares, sus l\u00edderes y las revoluciones que marcaron significativamente la historia de Nuestra Am\u00e9rica.<\/p>\n","protected":false},"author":2,"featured_media":0,"comment_status":"closed","ping_status":"open","sticky":false,"template":"","format":"standard","meta":{"_crdt_document":"","footnotes":""},"categories":[15,40],"tags":[894,138],"class_list":["post-15149","post","type-post","status-publish","format-standard","hentry","category-historia","category-informaciones","tag-luchas-populares","tag-revoluciones"],"_links":{"self":[{"href":"https:\/\/adhilac.com.ar\/index.php?rest_route=\/wp\/v2\/posts\/15149","targetHints":{"allow":["GET"]}}],"collection":[{"href":"https:\/\/adhilac.com.ar\/index.php?rest_route=\/wp\/v2\/posts"}],"about":[{"href":"https:\/\/adhilac.com.ar\/index.php?rest_route=\/wp\/v2\/types\/post"}],"author":[{"embeddable":true,"href":"https:\/\/adhilac.com.ar\/index.php?rest_route=\/wp\/v2\/users\/2"}],"replies":[{"embeddable":true,"href":"https:\/\/adhilac.com.ar\/index.php?rest_route=%2Fwp%2Fv2%2Fcomments&post=15149"}],"version-history":[{"count":6,"href":"https:\/\/adhilac.com.ar\/index.php?rest_route=\/wp\/v2\/posts\/15149\/revisions"}],"predecessor-version":[{"id":16942,"href":"https:\/\/adhilac.com.ar\/index.php?rest_route=\/wp\/v2\/posts\/15149\/revisions\/16942"}],"wp:attachment":[{"href":"https:\/\/adhilac.com.ar\/index.php?rest_route=%2Fwp%2Fv2%2Fmedia&parent=15149"}],"wp:term":[{"taxonomy":"category","embeddable":true,"href":"https:\/\/adhilac.com.ar\/index.php?rest_route=%2Fwp%2Fv2%2Fcategories&post=15149"},{"taxonomy":"post_tag","embeddable":true,"href":"https:\/\/adhilac.com.ar\/index.php?rest_route=%2Fwp%2Fv2%2Ftags&post=15149"}],"curies":[{"name":"wp","href":"https:\/\/api.w.org\/{rel}","templated":true}]}}