{"id":15212,"date":"2019-07-16T13:31:00","date_gmt":"2019-07-16T16:31:00","guid":{"rendered":"https:\/\/adhilac.com.ar\/?p=15212"},"modified":"2020-08-18T08:45:39","modified_gmt":"2020-08-18T11:45:39","slug":"nuestra-america-de-antonio-nunez-jimenez","status":"publish","type":"post","link":"https:\/\/adhilac.com.ar\/?p=15212","title":{"rendered":"Nuestra Am\u00e9rica de Antonio N\u00fa\u00f1ez Jim\u00e9nez"},"content":{"rendered":"\n<div class=\"wp-block-media-text alignwide is-stacked-on-mobile is-image-fill has-blush-bordeaux-gradient-background has-background\"><figure class=\"wp-block-media-text__media\" style=\"background-image:url(https:\/\/adhilac.com.ar\/wp-content\/uploads\/2019\/08\/04-Antonio-Nunez-Jimenez-01-1.jpg);background-position:50% 50%\"><img loading=\"lazy\" decoding=\"async\" width=\"1000\" height=\"600\" src=\"https:\/\/adhilac.com.ar\/wp-content\/uploads\/2019\/08\/04-Antonio-Nunez-Jimenez-01-1.jpg\" alt=\"\" class=\"wp-image-15216\" srcset=\"https:\/\/adhilac.com.ar\/wp-content\/uploads\/2019\/08\/04-Antonio-Nunez-Jimenez-01-1.jpg 1000w, https:\/\/adhilac.com.ar\/wp-content\/uploads\/2019\/08\/04-Antonio-Nunez-Jimenez-01-1-300x180.jpg 300w, https:\/\/adhilac.com.ar\/wp-content\/uploads\/2019\/08\/04-Antonio-Nunez-Jimenez-01-1-768x461.jpg 768w\" sizes=\"auto, (max-width: 1000px) 100vw, 1000px\" \/><\/figure><div class=\"wp-block-media-text__content\">\n<p class=\"has-text-align-center has-white-color has-text-color wp-block-paragraph\" style=\"font-size:15px\"> <strong>Por Sergio Guerra Vilaboy <\/strong><\/p>\n<\/div><\/div>\n\n\n\n<!--more-->\n\n\n\n<p class=\"wp-block-paragraph\">Algo parecido a lo que me sucedi\u00f3 con Juan Bosch, que la valoraci\u00f3n de una obra de su autor\u00eda me permiti\u00f3 conocerlo en persona, me ocurri\u00f3 con Antonio N\u00fa\u00f1ez Jim\u00e9nez (1923-1998), destacado cient\u00edfico y pol\u00edtico cubano. A principios de 1990, el Ministerio de Educaci\u00f3n de Cuba me solicit\u00f3 una opini\u00f3n sobre un libro in\u00e9dito suyo, titulado <em>Nuestra Am\u00e9rica<\/em>, para usarlo de texto escolar. Aunque me pareci\u00f3 una obra muy \u00fatil, por su original combinaci\u00f3n del an\u00e1lisis hist\u00f3rico y el geogr\u00e1fico, le hac\u00eda algunas observaciones puntuales.<\/p>\n\n\n\n<figure class=\"wp-block-image size-large is-resized\"><img loading=\"lazy\" decoding=\"async\" src=\"https:\/\/adhilac.com.ar\/wp-content\/uploads\/2019\/08\/04-Antonio-Nunez-Jimenez-01.jpg\" alt=\"\" class=\"wp-image-15213\" width=\"523\" height=\"314\" srcset=\"https:\/\/adhilac.com.ar\/wp-content\/uploads\/2019\/08\/04-Antonio-Nunez-Jimenez-01.jpg 1000w, https:\/\/adhilac.com.ar\/wp-content\/uploads\/2019\/08\/04-Antonio-Nunez-Jimenez-01-300x180.jpg 300w, https:\/\/adhilac.com.ar\/wp-content\/uploads\/2019\/08\/04-Antonio-Nunez-Jimenez-01-768x461.jpg 768w\" sizes=\"auto, (max-width: 523px) 100vw, 523px\" \/><\/figure>\n\n\n\n<p class=\"wp-block-paragraph\">A los pocos d\u00edas, N\u00fa\u00f1ez Jim\u00e9nez me llam\u00f3 y me invit\u00f3 a su casa. All\u00ed me recibi\u00f3 su hija Liliana, a la que hab\u00eda dirigido su tesis de Licenciatura sobre el gobierno del general Juan Velasco Alvarado en Per\u00fa, donde su padre hab\u00eda sido embajador (1972-1978). La comunicaci\u00f3n con N\u00fa\u00f1ez Jim\u00e9nez fluy\u00f3 expedita, mientras me mostraba la edificaci\u00f3n levantada al fondo de su casa, donde funciona desde 1994 la Fundaci\u00f3n de la Naturaleza y el Hombre que el creara. Rodeado de libros, grabaciones en casettes de sus conversaciones con Fidel Castro y de un cuadro que Guayasam\u00edn le hab\u00eda pintado, hablamos largo rato sobre diversos temas, incluyendo la obra que hab\u00eda valorado. En la primera edici\u00f3n de <em>Nuestra Am\u00e9rica<\/em> (1992) me agradece, junto a los historiadores Julio Le Riverend y Manuel Moreno Fraginals, y al poeta Roberto Fern\u00e1ndez Retamar, \u201cpor la revisi\u00f3n total de los manuscritos de este libro y sus atinadas observaciones que lo enriquecieron\u201d.<br \/> Antonio N\u00fa\u00f1ez Jim\u00e9nez<\/p>\n\n\n\n<p class=\"wp-block-paragraph\">N\u00fa\u00f1ez Jim\u00e9nez realiz\u00f3 numerosos aportes al conocimiento de la geograf\u00eda y la arqueolog\u00eda del archipi\u00e9lago cubano. Graduado en la Universidad de La Habana en Filosof\u00eda y Letras, comenz\u00f3 sus exploraciones en 1939 y al a\u00f1o siguiente fund\u00f3 la Sociedad Espeleol\u00f3gica de Cuba. Encabez\u00f3 la Expedici\u00f3n Geogr\u00e1fica al oriente que por primera vez lleg\u00f3 a la cima del Pico Suecia en la Sierra Maestra, explorando el caudaloso r\u00edo Toa y haciendo novedosos trabajos arqueol\u00f3gicos (1945). Una d\u00e9cada despu\u00e9s descubri\u00f3 la Gran Caverna de Santo Tom\u00e1s, en la Sierra de Los \u00d3rganos en Pinar del R\u00edo, la mayor del pa\u00eds.<\/p>\n\n\n\n<figure class=\"wp-block-image size-large is-resized\"><img loading=\"lazy\" decoding=\"async\" src=\"https:\/\/adhilac.com.ar\/wp-content\/uploads\/2019\/08\/Antonio-N\u00fa\u00f1ez-Jim\u00e9nez-02-1024x647.jpeg\" alt=\"\" class=\"wp-image-15214\" width=\"526\" height=\"332\" srcset=\"https:\/\/adhilac.com.ar\/wp-content\/uploads\/2019\/08\/Antonio-N\u00fa\u00f1ez-Jim\u00e9nez-02.jpeg 1024w, https:\/\/adhilac.com.ar\/wp-content\/uploads\/2019\/08\/Antonio-N\u00fa\u00f1ez-Jim\u00e9nez-02-300x190.jpeg 300w, https:\/\/adhilac.com.ar\/wp-content\/uploads\/2019\/08\/Antonio-N\u00fa\u00f1ez-Jim\u00e9nez-02-768x485.jpeg 768w\" sizes=\"auto, (max-width: 526px) 100vw, 526px\" \/><\/figure>\n\n\n\n<p class=\"wp-block-paragraph\">Fue profesor de la c\u00e1tedra de Geograf\u00eda e Historia en el Instituto de Segunda Ense\u00f1anza de El Vedado, en La Habana, y su <em>Geograf\u00eda de Cuba<\/em>, publicada en 1954, estuvo censurada por la dictadura de Batista. En la reci\u00e9n fundada Universidad Central de Las Villas obtuvo la C\u00e1tedra de Geograf\u00eda Regional y Geomorfolog\u00eda y muchos a\u00f1os despu\u00e9s fue considerado Profesor Em\u00e9rito (1982). Incorporado a fines de 1958 a la columna del Ej\u00e9rcito Rebelde comandada por Che Guevara, sus conocimientos de la zona facilitaron la rendici\u00f3n de la ciudad de Santa Clara y le valieron el ascenso a capit\u00e1n.<\/p>\n\n\n\n<p class=\"wp-block-paragraph\">Al triunfo de la Revoluci\u00f3n, fue director ejecutivo del Instituto Nacional de Reforma Agraria, y en 1962 N\u00fa\u00f1ez Jim\u00e9nez fue designado al frente de la Academia de Ciencias de Cuba, cuyas funciones se ampliaban con numerosos institutos de investigaci\u00f3n y centros cient\u00edficos. Tambi\u00e9n se desempe\u00f1\u00f3 como director de la Escuela de Artiller\u00eda de las Fuerzas Armadas Revolucionarias (1960-1962), viceministro de Cultura (1978-1989) y diputado a la Asamblea Nacional del Poder Popular (1976-1993).<\/p>\n\n\n\n<p class=\"wp-block-paragraph\">Public\u00f3 innumerables art\u00edculos, folletos y libros, entre estos <em>La Liberaci\u00f3n de las Islas<\/em> (1959), <em>Cuba con la mochila al Hombro<\/em> (1963); <em>Cuba: Dibujos Rupestres <\/em>(1975); C<em>uba la Naturaleza y el Hombre: El Archipi\u00e9lago<\/em>. (1982, inicio de esta colecci\u00f3n); <em>En Marcha con Fidel<\/em> 1959 (1982) \u2013seguido de otros tomos sobre los primeros a\u00f1os de la Revoluci\u00f3n\u2013; <em>Crist\u00f3bal Col\u00f3n en Cuba<\/em> (1994); <em>El Che en Combate<\/em> (1998); <em>Cuba Subterr\u00e1nea<\/em> (2018) y <em>Wifredo Lam<\/em> (2018). Realiz\u00f3 investigaciones arqueol\u00f3gicas en Per\u00fa, Guatemala y la pen\u00ednsula de Yucat\u00e1n, sitio donde explor\u00f3 en noviembre de 1991 las cuevas del Venado (Actun ceh en maya) con la ayuda del espele\u00f3logo mexicano Carlos Evia Cervantes, bajo  auspicio de Carlos Boj\u00f3rquez Urzaiz, entonces director de la Facultad de Ciencias Antropol\u00f3gicas. Adem\u00e1s, particip\u00f3 en expediciones cient\u00edficas a diversas partes del planeta, incluido el Polo Norte, la Ant\u00e1rtida, las Islas Gal\u00e1pagos y la Isla de Pascua, las que cerr\u00f3 con broche de oro con la expedici\u00f3n denominada En canoa del Amazonas al Caribe, que, bajo su direcci\u00f3n, recorri\u00f3 veinte pa\u00edses.<\/p>\n\n\n\n<p class=\"wp-block-paragraph\">Fuente: www.informefracto.com &#8211;  15 de julio de 2019 <\/p>\n\n\n\n<p class=\"has-very-light-gray-color has-vivid-cyan-blue-background-color has-text-color has-background wp-block-paragraph\"><strong>Publicado por ADHILAC Internacional \u00a9 www.adhilac.com.ar<\/strong><\/p>\n\n\n\n<p class=\"has-vivid-cyan-blue-color has-very-light-gray-background-color has-text-color has-background wp-block-paragraph\"> Si Ud. desea asociarse de acuerdo a los Estatutos de ADHILAC&nbsp;<a href=\"https:\/\/adhilac.com.ar\/?page_id=263\">(ver)<\/a> complete el siguiente formulario&nbsp;(<a href=\"https:\/\/adhilac.com.ar\/?page_id=4779\">ver<\/a>)<\/p>\n\n\n\n<p class=\"has-very-light-gray-color has-vivid-cyan-blue-background-color has-text-color has-background wp-block-paragraph\"> E-mail:&nbsp;info@adhilac.com.ar <\/p>\n\n\n\n<p class=\"has-very-light-gray-color has-vivid-cyan-blue-background-color has-text-color has-background wp-block-paragraph\"> Twitter: @AdhilacInfo <\/p>\n\n\n\n<div class=\"wp-block-image\"><figure class=\"aligncenter size-large\"><img loading=\"lazy\" decoding=\"async\" width=\"85\" height=\"85\" src=\"https:\/\/adhilac.com.ar\/wp-content\/uploads\/2015\/02\/Logo-ADHILAC-Internacional-PEQ.jpg\" alt=\"\" class=\"wp-image-10473\"\/><\/figure><\/div>\n\n\n\n<p class=\"wp-block-paragraph\">Ver <a href=\"https:\/\/adhilac.com.ar\/?page_id=541\">Presentaci\u00f3n de ADHILAC<\/a><\/p>\n\n\n\n<div class=\"wp-block-group\"><div class=\"wp-block-group__inner-container is-layout-flow wp-block-group-is-layout-flow\">\n<p class=\"has-text-align-center has-very-light-gray-color has-vivid-cyan-blue-background-color has-text-color has-background wp-block-paragraph\"><strong><a href=\"https:\/\/adhilac.com.ar\/?page_id=541\">QUIENES SOMOS<\/a><\/strong><\/p>\n\n\n\n<p class=\"has-text-align-center has-vivid-cyan-blue-color has-very-light-gray-background-color has-text-color has-background wp-block-paragraph\"><strong><a href=\"https:\/\/adhilac.com.ar\/?page_id=15507\">DIRECTIVA DE ADHILAC INTERNACIONAL<\/a><\/strong><\/p>\n\n\n\n<p class=\"has-text-align-center has-very-light-gray-color has-vivid-cyan-blue-background-color has-text-color has-background wp-block-paragraph\"><strong><a href=\"https:\/\/adhilac.com.ar\/?page_id=267\">Declaraci\u00f3n de Caracas de ADHILAC (2007)<\/a><\/strong><\/p>\n\n\n\n<p class=\"has-text-align-center has-vivid-cyan-blue-color has-very-light-gray-background-color has-text-color has-background wp-block-paragraph\"><strong><a href=\"https:\/\/adhilac.com.ar\/?page_id=15873\">ADHILAC: Historia &#8211; Historidorxs<\/a><\/strong><\/p>\n\n\n\n<p class=\"has-text-align-center has-very-light-gray-color has-vivid-cyan-blue-background-color has-text-color has-background wp-block-paragraph\"><strong><a href=\"https:\/\/adhilac.com.ar\/?page_id=15876\">ADHILAC 20 a\u00f1os despu\u00e9s (1974-1994)<\/a> <\/strong><\/p>\n\n\n\n<p class=\"has-text-align-center has-vivid-cyan-blue-color has-very-light-gray-background-color has-text-color has-background wp-block-paragraph\"><strong><a href=\"https:\/\/adhilac.com.ar\/?page_id=15861\">ADHILAC Breve Historia<\/a> <\/strong><\/p>\n\n\n\n<p class=\"has-text-align-center has-very-light-gray-color has-vivid-cyan-blue-background-color has-text-color has-background wp-block-paragraph\"><strong><a href=\"https:\/\/adhilac.com.ar\/?page_id=15887\">ADHILAC: Miembrxs fundadores<\/a><\/strong><\/p>\n\n\n\n<p class=\"has-text-align-center has-vivid-cyan-blue-color has-very-light-gray-background-color has-text-color has-background wp-block-paragraph\"><strong><a href=\"https:\/\/adhilac.com.ar\/?page_id=15943\">ADHILAC: Historiadorxs Destacadxs<\/a><\/strong><\/p>\n\n\n\n<p class=\"has-text-align-center has-very-light-gray-color has-vivid-cyan-blue-background-color has-text-color has-background wp-block-paragraph\"><strong><a href=\"https:\/\/adhilac.com.ar\/?page_id=4779\">SOCIXS<\/a><\/strong><\/p>\n\n\n\n<p class=\"has-text-align-center has-vivid-cyan-blue-color has-very-light-gray-background-color has-text-color has-background wp-block-paragraph\"><strong><a href=\"https:\/\/adhilac.com.ar\/?page_id=263\">Estatutos de ADHILAC<\/a><\/strong><\/p>\n\n\n\n<p class=\"has-text-align-center has-very-light-gray-color has-vivid-cyan-blue-background-color has-text-color has-background wp-block-paragraph\"><strong><a href=\"https:\/\/adhilac.com.ar\/?page_id=8220\">BICENTENARIO<\/a><\/strong><\/p>\n\n\n\n<p class=\"has-text-align-center has-vivid-cyan-blue-color has-very-light-gray-background-color has-text-color has-background wp-block-paragraph\"><strong><a href=\"https:\/\/adhilac.com.ar\/?page_id=8279\">BIBLIOTECA<\/a><\/strong><\/p>\n\n\n\n<p class=\"has-text-align-center has-very-light-gray-color has-vivid-cyan-blue-background-color has-text-color has-background wp-block-paragraph\"><strong><a href=\"https:\/\/adhilac.com.ar\/?page_id=1698\">ENLACES<\/a> <\/strong><\/p>\n\n\n\n<p class=\"has-text-align-center has-vivid-cyan-blue-color has-very-light-gray-background-color has-text-color has-background wp-block-paragraph\"><a href=\"http:\/\/www.ariadnatucma.com.ar\">VISITE ARIADNA TUCMA REVISTA LATINOAMERICANA<\/a><\/p>\n<\/div><\/div>\n","protected":false},"excerpt":{"rendered":"<p>Por Sergio Guerra Vilaboy<\/p>\n","protected":false},"author":2,"featured_media":0,"comment_status":"closed","ping_status":"closed","sticky":false,"template":"","format":"standard","meta":{"_crdt_document":"","footnotes":""},"categories":[10],"tags":[25],"class_list":["post-15212","post","type-post","status-publish","format-standard","hentry","category-adhil-arg","tag-nuestra-america"],"_links":{"self":[{"href":"https:\/\/adhilac.com.ar\/index.php?rest_route=\/wp\/v2\/posts\/15212","targetHints":{"allow":["GET"]}}],"collection":[{"href":"https:\/\/adhilac.com.ar\/index.php?rest_route=\/wp\/v2\/posts"}],"about":[{"href":"https:\/\/adhilac.com.ar\/index.php?rest_route=\/wp\/v2\/types\/post"}],"author":[{"embeddable":true,"href":"https:\/\/adhilac.com.ar\/index.php?rest_route=\/wp\/v2\/users\/2"}],"replies":[{"embeddable":true,"href":"https:\/\/adhilac.com.ar\/index.php?rest_route=%2Fwp%2Fv2%2Fcomments&post=15212"}],"version-history":[{"count":6,"href":"https:\/\/adhilac.com.ar\/index.php?rest_route=\/wp\/v2\/posts\/15212\/revisions"}],"predecessor-version":[{"id":17018,"href":"https:\/\/adhilac.com.ar\/index.php?rest_route=\/wp\/v2\/posts\/15212\/revisions\/17018"}],"wp:attachment":[{"href":"https:\/\/adhilac.com.ar\/index.php?rest_route=%2Fwp%2Fv2%2Fmedia&parent=15212"}],"wp:term":[{"taxonomy":"category","embeddable":true,"href":"https:\/\/adhilac.com.ar\/index.php?rest_route=%2Fwp%2Fv2%2Fcategories&post=15212"},{"taxonomy":"post_tag","embeddable":true,"href":"https:\/\/adhilac.com.ar\/index.php?rest_route=%2Fwp%2Fv2%2Ftags&post=15212"}],"curies":[{"name":"wp","href":"https:\/\/api.w.org\/{rel}","templated":true}]}}